{"id":15998,"date":"2026-01-19T11:07:11","date_gmt":"2026-01-19T14:07:11","guid":{"rendered":"https:\/\/cidadecult.com.br\/?p=15998"},"modified":"2026-01-19T11:07:13","modified_gmt":"2026-01-19T14:07:13","slug":"workshop-roteiro-crise-climatica-narrativas-mudancas-climaticas","status":"publish","type":"post","link":"https:\/\/cidadecult.com.br\/?p=15998","title":{"rendered":"Workshop online convida roteiristas a criar hist\u00f3rias sobre a crise clim\u00e1tica"},"content":{"rendered":"\n<p><strong>Inscri\u00e7\u00f5es abertas at\u00e9 23 de janeiro<\/strong> (ou at\u00e9 o preenchimento das vagas) para o workshop <strong>\u201cNarrativas na era das mudan\u00e7as clim\u00e1ticas\u201d<\/strong>, ministrado pela roteirista <strong>Carmiel Banasky<\/strong>, com participa\u00e7\u00e3o de <strong>Thais Olivier<\/strong> (presidente da <strong>ABRA \u2013 Associa\u00e7\u00e3o Brasileira de Autores Roteiristas<\/strong>) e <strong>Gisele Mirabai<\/strong> (roteirista e pesquisadora). O encontro acontece <strong>no dia 29 de janeiro, \u00e0s 14h (hor\u00e1rio de Bras\u00edlia)<\/strong>, <strong>em formato online<\/strong>.<\/p>\n\n\n\n<p>A proposta \u00e9 direta e atual: apoiar <strong>roteiristas e profissionais do audiovisual de todo o Brasil<\/strong> que desejam <strong>incorporar a emerg\u00eancia clim\u00e1tica \u00e0s narrativas<\/strong> de forma <strong>criativa, envolvente e art\u00edstica<\/strong> \u2014 sem perder a for\u00e7a dram\u00e1tica, independentemente do g\u00eanero (drama, com\u00e9dia, suspense, fic\u00e7\u00e3o cient\u00edfica, romance ou documental).<\/p>\n\n\n\n<figure class=\"wp-block-image size-large\"><img loading=\"lazy\" decoding=\"async\" width=\"1024\" height=\"683\" src=\"https:\/\/cidadecult.com.br\/wp-content\/uploads\/2026\/01\/unnamed-12-4-1024x683.jpg\" alt=\"\" class=\"wp-image-16001\" srcset=\"https:\/\/cidadecult.com.br\/wp-content\/uploads\/2026\/01\/unnamed-12-4-1024x683.jpg 1024w, https:\/\/cidadecult.com.br\/wp-content\/uploads\/2026\/01\/unnamed-12-4-300x200.jpg 300w, https:\/\/cidadecult.com.br\/wp-content\/uploads\/2026\/01\/unnamed-12-4-768x512.jpg 768w, https:\/\/cidadecult.com.br\/wp-content\/uploads\/2026\/01\/unnamed-12-4-750x500.jpg 750w, https:\/\/cidadecult.com.br\/wp-content\/uploads\/2026\/01\/unnamed-12-4-1140x760.jpg 1140w, https:\/\/cidadecult.com.br\/wp-content\/uploads\/2026\/01\/unnamed-12-4.jpg 1440w\" sizes=\"auto, (max-width: 1024px) 100vw, 1024px\" \/><figcaption class=\"wp-element-caption\">Cr\u00e9dito:\u00a0Carmiel Banasky_Projeto Paradiso (divulga\u00e7\u00e3o)<\/figcaption><\/figure>\n\n\n\n<h3 class=\"wp-block-heading\">Como funciona o workshop<\/h3>\n\n\n\n<p>Apresentado <strong>em ingl\u00eas<\/strong>, o workshop prop\u00f5e aplicar a <strong>perspectiva clim\u00e1tica<\/strong> a hist\u00f3rias de qualquer tipo, com <strong>ferramentas pr\u00e1ticas<\/strong>, <strong>estudos de caso<\/strong> e <strong>exerc\u00edcios de escrita<\/strong>. A ideia \u00e9 ajudar a retratar as mudan\u00e7as clim\u00e1ticas de maneira <strong>acess\u00edvel e potente<\/strong>, conectando o tema ao cotidiano, aos conflitos e \u00e0s decis\u00f5es dos personagens.<\/p>\n\n\n\n<p>As <strong>inscri\u00e7\u00f5es ficam abertas at\u00e9 23 de janeiro<\/strong> ou at\u00e9 o preenchimento das <strong>60 vagas dispon\u00edveis<\/strong>. Para participar, \u00e9 necess\u00e1rio se inscrever por meio de <strong>formul\u00e1rio<\/strong>.<\/p>\n\n\n\n<h3 class=\"wp-block-heading\">\u201cClima em Cena\u201d: pesquisa in\u00e9dita sobre narrativas ambientais no cinema brasileiro<\/h3>\n\n\n\n<p>Durante o encontro, ser\u00e1 apresentado o estudo <strong>\u201cClima em Cena\u201d<\/strong>, uma pesquisa in\u00e9dita no Brasil que mapeia de forma detalhada <strong>como filmes nacionais abordam quest\u00f5es clim\u00e1ticas e ambientais<\/strong>. A publica\u00e7\u00e3o foi coordenada pela <strong>ABRA<\/strong>, com apoio do <strong>Projeto Paradiso<\/strong> e do <strong>Entertainment + Culture Pavilion<\/strong>, e utiliza a metodologia <strong>Climate Reality Check<\/strong>, desenvolvida pela organiza\u00e7\u00e3o norte-americana <strong>Good Energy<\/strong>, da qual Banasky \u00e9 representante.<\/p>\n\n\n\n<p>Para <strong>Rachel do Valle<\/strong>, diretora de programas do <strong>Projeto Paradiso<\/strong>, filmes e s\u00e9ries influenciam o modo como as pessoas pensam e se comportam \u2014 e, por isso, iniciativas que conectam audiovisual e sustentabilidade ganham relev\u00e2ncia. \u201cEssa \u00e9 uma oportunidade para refletir sobre o papel das narrativas audiovisuais diante dos desafios do nosso tempo e ampliar o impacto das hist\u00f3rias que contamos nas telas do cinema\u201d, afirma.<\/p>\n\n\n\n<h3 class=\"wp-block-heading\">Carmiel Banasky no Brasil e a ponte com o debate global<\/h3>\n\n\n\n<p>No fim do ano passado, Carmiel Banasky esteve no Brasil, com apoio do Projeto Paradiso, para divulgar o <strong>Clima em Cena<\/strong> e ministrar um workshop presencial durante o <strong>FRAPA \u2013 Festival de Roteiro Audiovisual de Porto Alegre (RS)<\/strong>. Em seguida, a roteirista seguiu para <strong>Bel\u00e9m (PA)<\/strong>, em conex\u00e3o com a agenda clim\u00e1tica da <strong>COP 30<\/strong>. O estudo <strong>est\u00e1 dispon\u00edvel gratuitamente<\/strong> para leitura no site do <strong>Projeto Paradiso<\/strong>.<\/p>\n\n\n\n<hr class=\"wp-block-separator has-alpha-channel-opacity\"\/>\n\n\n\n<figure class=\"wp-block-image size-large\"><img loading=\"lazy\" decoding=\"async\" width=\"792\" height=\"1024\" src=\"https:\/\/cidadecult.com.br\/wp-content\/uploads\/2026\/01\/unnamed-13-2-792x1024.jpg\" alt=\"\" class=\"wp-image-16002\" srcset=\"https:\/\/cidadecult.com.br\/wp-content\/uploads\/2026\/01\/unnamed-13-2-792x1024.jpg 792w, https:\/\/cidadecult.com.br\/wp-content\/uploads\/2026\/01\/unnamed-13-2-232x300.jpg 232w, https:\/\/cidadecult.com.br\/wp-content\/uploads\/2026\/01\/unnamed-13-2-768x993.jpg 768w, https:\/\/cidadecult.com.br\/wp-content\/uploads\/2026\/01\/unnamed-13-2-750x970.jpg 750w, https:\/\/cidadecult.com.br\/wp-content\/uploads\/2026\/01\/unnamed-13-2.jpg 1086w\" sizes=\"auto, (max-width: 792px) 100vw, 792px\" \/><figcaption class=\"wp-element-caption\">Cr\u00e9dito: pesquisa\u00a0Clima em Cena<\/figcaption><\/figure>\n\n\n\n<h2 class=\"wp-block-heading\">Sobre o Projeto Paradiso<\/h2>\n\n\n\n<p>O <strong>Projeto Paradiso<\/strong>, iniciativa filantr\u00f3pica do <strong>Instituto Olga Rabinovich<\/strong>, investe em forma\u00e7\u00e3o profissional e gera\u00e7\u00e3o de conhecimento com programas de <strong>bolsas, mentorias, cursos, semin\u00e1rios e estudos<\/strong>. Com foco na <strong>internacionaliza\u00e7\u00e3o<\/strong>, atua por meio de parcerias com institui\u00e7\u00f5es de refer\u00eancia no Brasil e no mundo, criando oportunidades para profissionais em diferentes fases da carreira. Desde 2019, j\u00e1 beneficiou centenas de profissionais brasileiros do audiovisual.<\/p>\n","protected":false},"excerpt":{"rendered":"<p>Inscri\u00e7\u00f5es abertas at\u00e9 23 de janeiro (ou at\u00e9 o preenchimento das vagas) para o workshop \u201cNarrativas na era das mudan\u00e7as clim\u00e1ticas\u201d, ministrado pela roteirista Carmiel Banasky, com participa\u00e7\u00e3o de Thais Olivier (presidente da ABRA \u2013 Associa\u00e7\u00e3o Brasileira de Autores Roteiristas) e Gisele Mirabai (roteirista e pesquisadora). O encontro acontece no dia 29 de janeiro, \u00e0s [&hellip;]<\/p>\n","protected":false},"author":777,"featured_media":15999,"comment_status":"open","ping_status":"open","sticky":false,"template":"","format":"standard","meta":{"_monsterinsights_skip_tracking":false,"_monsterinsights_sitenote_active":false,"_monsterinsights_sitenote_note":"","_monsterinsights_sitenote_category":0,"footnotes":""},"categories":[41],"tags":[5909,5911,5914,5907,5910,5915],"class_list":["post-15998","post","type-post","status-publish","format-standard","has-post-thumbnail","hentry","category-agenda","tag-cinemabrasileiro-2","tag-narrativasclimaticas","tag-projetoparadiso","tag-roteiro","tag-series","tag-sustentabiilidade"],"_links":{"self":[{"href":"https:\/\/cidadecult.com.br\/index.php?rest_route=\/wp\/v2\/posts\/15998","targetHints":{"allow":["GET"]}}],"collection":[{"href":"https:\/\/cidadecult.com.br\/index.php?rest_route=\/wp\/v2\/posts"}],"about":[{"href":"https:\/\/cidadecult.com.br\/index.php?rest_route=\/wp\/v2\/types\/post"}],"author":[{"embeddable":true,"href":"https:\/\/cidadecult.com.br\/index.php?rest_route=\/wp\/v2\/users\/777"}],"replies":[{"embeddable":true,"href":"https:\/\/cidadecult.com.br\/index.php?rest_route=%2Fwp%2Fv2%2Fcomments&post=15998"}],"version-history":[{"count":1,"href":"https:\/\/cidadecult.com.br\/index.php?rest_route=\/wp\/v2\/posts\/15998\/revisions"}],"predecessor-version":[{"id":16003,"href":"https:\/\/cidadecult.com.br\/index.php?rest_route=\/wp\/v2\/posts\/15998\/revisions\/16003"}],"wp:featuredmedia":[{"embeddable":true,"href":"https:\/\/cidadecult.com.br\/index.php?rest_route=\/wp\/v2\/media\/15999"}],"wp:attachment":[{"href":"https:\/\/cidadecult.com.br\/index.php?rest_route=%2Fwp%2Fv2%2Fmedia&parent=15998"}],"wp:term":[{"taxonomy":"category","embeddable":true,"href":"https:\/\/cidadecult.com.br\/index.php?rest_route=%2Fwp%2Fv2%2Fcategories&post=15998"},{"taxonomy":"post_tag","embeddable":true,"href":"https:\/\/cidadecult.com.br\/index.php?rest_route=%2Fwp%2Fv2%2Ftags&post=15998"}],"curies":[{"name":"wp","href":"https:\/\/api.w.org\/{rel}","templated":true}]}}