{"id":15920,"date":"2026-01-14T15:40:39","date_gmt":"2026-01-14T18:40:39","guid":{"rendered":"https:\/\/cidadecult.com.br\/?p=15920"},"modified":"2026-01-14T15:40:42","modified_gmt":"2026-01-14T18:40:42","slug":"joaquin-torres-garcia-150-anos-ccbb-sp","status":"publish","type":"post","link":"https:\/\/cidadecult.com.br\/?p=15920","title":{"rendered":"CCBB SP celebra Joaqu\u00edn Torres Garc\u00eda com exposi\u00e7\u00e3o que reposiciona o olhar sobre as Am\u00e9ricas"},"content":{"rendered":"\n<p><em>\u201cJoaqu\u00edn Torres Garc\u00eda \u2013 150 anos\u201d re\u00fane cerca de 500 itens e prop\u00f5e integra\u00e7\u00e3o cultural em tempos de polariza\u00e7\u00e3o; entrada \u00e9 gratuita<\/em><\/p>\n\n\n\n<p>Num tempo em que o continente parece cada vez mais atravessado por ru\u00eddos, disputas narrativas e fronteiras simb\u00f3licas, o <strong>CCBB S\u00e3o Paulo<\/strong> abre espa\u00e7o para um gesto de outra natureza: <strong>reaprender a olhar<\/strong>. A exposi\u00e7\u00e3o <strong>\u201cJoaqu\u00edn Torres Garc\u00eda \u2013 150 anos\u201d<\/strong> convida o p\u00fablico a trocar o eixo de refer\u00eancia \u2014 n\u00e3o para inverter hierarquias, mas para <strong>reconhecer a Am\u00e9rica Latina como centro de pensamento, linguagem e cria\u00e7\u00e3o<\/strong>.<\/p>\n\n\n\n<p>Com <strong>entrada gratuita<\/strong> e <strong>cerca de 500 itens<\/strong> (obras e documentos), a mostra re\u00fane pinturas, desenhos, manuscritos, publica\u00e7\u00f5es, maquetes, brinquedos de madeira e materiais ligados \u00e0 dimens\u00e3o pedag\u00f3gica do artista uruguaio, oferecendo ao visitante um panorama raro e abrangente de sua trajet\u00f3ria e de seu legado na modernidade latino-americana.<\/p>\n\n\n\n<h3 class=\"wp-block-heading\">\u201cNosso Norte \u00e9 o Sul\u201d: um \u00edcone que atravessa gera\u00e7\u00f5es<\/h3>\n\n\n\n<p>No cora\u00e7\u00e3o simb\u00f3lico da exposi\u00e7\u00e3o est\u00e1 <strong>\u201cAm\u00e9rica Invertida\u201d (1943)<\/strong>, imagem que se tornou um marco cultural por deslocar o ponto de vista habitual: o mapa n\u00e3o \u00e9 apenas geografia \u2014 \u00e9 uma declara\u00e7\u00e3o de pertencimento. A mostra, ao redor desse gesto, sugere uma reflex\u00e3o atual\u00edssima: <strong>o que muda quando o Sul deixa de ser periferia e passa a ser origem de universalidade?<\/strong><\/p>\n\n\n\n<h3 class=\"wp-block-heading\">Universalismo construtivo: o universal que n\u00e3o apaga o outro<\/h3>\n\n\n\n<p>Torres Garc\u00eda \u00e9 reconhecido pelo conceito de <strong>Universalismo Construtivo<\/strong>, no qual s\u00edmbolos e geometrias dialogam com diferentes culturas sem impor uma \u201cpadroniza\u00e7\u00e3o\u201d do mundo. Em vez de um universal homog\u00eaneo, a proposta \u00e9 um universal constru\u00eddo a partir do <strong>reconhecimento da singularidade<\/strong> \u2014 uma ideia que ganha for\u00e7a quando a exposi\u00e7\u00e3o coloca o artista em di\u00e1logo com produ\u00e7\u00f5es e debates das Am\u00e9ricas.<\/p>\n\n\n\n<h3 class=\"wp-block-heading\">Um di\u00e1logo vivo com o Brasil<\/h3>\n\n\n\n<p>A mostra tamb\u00e9m evidencia como o pensamento do artista reverberou por aqui \u2014 um caminho que ajuda a entender afinidades com pr\u00e1ticas modernas e contempor\u00e2neas brasileiras. A amplitude do recorte refor\u00e7a que a integra\u00e7\u00e3o cultural n\u00e3o \u00e9 um tema abstrato: ela se produz em redes de influ\u00eancia, escuta e circula\u00e7\u00e3o de ideias.<\/p>\n\n\n\n<h3 class=\"wp-block-heading\">Itiner\u00e2ncia confirmada: S\u00e3o Paulo, Bras\u00edlia e Belo Horizonte<\/h3>\n\n\n\n<p>Selecionada para circula\u00e7\u00e3o na rede CCBB, a exposi\u00e7\u00e3o estreia em S\u00e3o Paulo e seguir\u00e1 para <strong>Bras\u00edlia<\/strong> e <strong>Belo Horizonte<\/strong> em 2026, ampliando o alcance do projeto e suas leituras em cada cidade.<\/p>\n\n\n\n<hr class=\"wp-block-separator has-alpha-channel-opacity\"\/>\n\n\n\n<h2 class=\"wp-block-heading\">Servi\u00e7o<\/h2>\n\n\n\n<p><strong>Exposi\u00e7\u00e3o:<\/strong> <em>Joaqu\u00edn Torres Garc\u00eda \u2013 150 anos<\/em><br><strong>Onde:<\/strong> <strong>CCBB S\u00e3o Paulo<\/strong> \u2014 Rua \u00c1lvares Penteado, 112 (Centro Hist\u00f3rico)<br><strong>Quando:<\/strong> <strong>10\/12\/2025 a 09\/03\/2026<\/strong><br><strong>Hor\u00e1rio:<\/strong> <strong>9h \u00e0s 20h<\/strong>, exceto <strong>\u00e0s ter\u00e7as<\/strong><br><strong>Entrada:<\/strong> <strong>gratuita<\/strong> (retirada\/controle de acesso via plataforma de ingressos do CCBB)<br><strong>Contato:<\/strong> (11) 4297-0600 | <a>ccbbsp@bb.com.br<\/a><\/p>\n\n\n\n<p><strong>Itiner\u00e2ncia 2026<\/strong><\/p>\n\n\n\n<ul class=\"wp-block-list\">\n<li><strong>CCBB Bras\u00edlia<\/strong> (datas divulgadas pelo CCBB)<\/li>\n\n\n\n<li><strong>CCBB Belo Horizonte<\/strong> (datas divulgadas pelo CCBB)<\/li>\n<\/ul>\n","protected":false},"excerpt":{"rendered":"<p>\u201cJoaqu\u00edn Torres Garc\u00eda \u2013 150 anos\u201d re\u00fane cerca de 500 itens e prop\u00f5e integra\u00e7\u00e3o cultural em tempos de polariza\u00e7\u00e3o; entrada \u00e9 gratuita Num tempo em que o continente parece cada vez mais atravessado por ru\u00eddos, disputas narrativas e fronteiras simb\u00f3licas, o CCBB S\u00e3o Paulo abre espa\u00e7o para um gesto de outra natureza: reaprender a olhar. [&hellip;]<\/p>\n","protected":false},"author":777,"featured_media":15921,"comment_status":"open","ping_status":"open","sticky":false,"template":"","format":"standard","meta":{"_monsterinsights_skip_tracking":false,"_monsterinsights_sitenote_active":false,"_monsterinsights_sitenote_note":"","_monsterinsights_sitenote_category":0,"footnotes":""},"categories":[2569],"tags":[5851,5853,5854,5850,5852],"class_list":["post-15920","post","type-post","status-publish","format-standard","has-post-thumbnail","hentry","category-arte","tag-america-invertida","tag-ccbb-sao-paulo","tag-exposicao-gratuita","tag-joaquin-torres-garcia","tag-nosso-norte-e-o-sul"],"_links":{"self":[{"href":"https:\/\/cidadecult.com.br\/index.php?rest_route=\/wp\/v2\/posts\/15920","targetHints":{"allow":["GET"]}}],"collection":[{"href":"https:\/\/cidadecult.com.br\/index.php?rest_route=\/wp\/v2\/posts"}],"about":[{"href":"https:\/\/cidadecult.com.br\/index.php?rest_route=\/wp\/v2\/types\/post"}],"author":[{"embeddable":true,"href":"https:\/\/cidadecult.com.br\/index.php?rest_route=\/wp\/v2\/users\/777"}],"replies":[{"embeddable":true,"href":"https:\/\/cidadecult.com.br\/index.php?rest_route=%2Fwp%2Fv2%2Fcomments&post=15920"}],"version-history":[{"count":1,"href":"https:\/\/cidadecult.com.br\/index.php?rest_route=\/wp\/v2\/posts\/15920\/revisions"}],"predecessor-version":[{"id":15922,"href":"https:\/\/cidadecult.com.br\/index.php?rest_route=\/wp\/v2\/posts\/15920\/revisions\/15922"}],"wp:featuredmedia":[{"embeddable":true,"href":"https:\/\/cidadecult.com.br\/index.php?rest_route=\/wp\/v2\/media\/15921"}],"wp:attachment":[{"href":"https:\/\/cidadecult.com.br\/index.php?rest_route=%2Fwp%2Fv2%2Fmedia&parent=15920"}],"wp:term":[{"taxonomy":"category","embeddable":true,"href":"https:\/\/cidadecult.com.br\/index.php?rest_route=%2Fwp%2Fv2%2Fcategories&post=15920"},{"taxonomy":"post_tag","embeddable":true,"href":"https:\/\/cidadecult.com.br\/index.php?rest_route=%2Fwp%2Fv2%2Ftags&post=15920"}],"curies":[{"name":"wp","href":"https:\/\/api.w.org\/{rel}","templated":true}]}}