{"id":15886,"date":"2026-01-13T14:37:55","date_gmt":"2026-01-13T17:37:55","guid":{"rendered":"https:\/\/cidadecult.com.br\/?p=15886"},"modified":"2026-01-13T14:37:57","modified_gmt":"2026-01-13T17:37:57","slug":"escola-aberta-masp-aulas-gratuitas-janeiro-2026","status":"publish","type":"post","link":"https:\/\/cidadecult.com.br\/?p=15886","title":{"rendered":"Escola Aberta MASP oferece aulas gratuitas de hist\u00f3ria da arte, curadoria e desenho"},"content":{"rendered":"\n<p><em>Evento acontece em 16 e 17 de janeiro, com programa\u00e7\u00e3o presencial e online para apresentar a Escola MASP<\/em><\/p>\n\n\n\n<p>Para abrir o calend\u00e1rio de 2026, a <strong>Escola MASP<\/strong> realiza a segunda edi\u00e7\u00e3o do <strong>Escola Aberta<\/strong> nesta <strong>sexta e s\u00e1bado, 16 e 17 de janeiro<\/strong>, com uma programa\u00e7\u00e3o <strong>gratuita<\/strong> que combina aulas <strong>te\u00f3ricas e pr\u00e1ticas<\/strong>, em formatos <strong>online e presencial<\/strong>. A proposta \u00e9 apresentar temas e cursos do primeiro trimestre, aproximando a comunidade das atividades de ensino do museu.<\/p>\n\n\n\n<p>Segundo a coordena\u00e7\u00e3o pedag\u00f3gica, o evento funciona como porta de entrada para quem quer conhecer a Escola MASP e seus professores. \u201c\u00c9 uma maneira de estreitarmos la\u00e7os com o p\u00fablico e oferecer uma primeira experi\u00eancia dos nossos cursos\u2026\u201d, afirma <strong>Iliriana Rodrigues<\/strong>.<\/p>\n\n\n\n<h3 class=\"wp-block-heading\">O que vai rolar<\/h3>\n\n\n\n<p>A agenda re\u00fane aulas sobre <strong>hist\u00f3ria da arte moderna<\/strong>, <strong>arte latino-americana<\/strong>, <strong>barroco italiano<\/strong>, <strong>desenho<\/strong>, <strong>curadoria<\/strong> e <strong>pr\u00e1ticas expositivas<\/strong> \u2014 com atividades voltadas tanto para estudantes e educadores quanto para o p\u00fablico geral interessado em ampliar repert\u00f3rio.<\/p>\n\n\n\n<p>Al\u00e9m das atividades gratuitas, o evento oferece <strong>cupom de 20% de desconto<\/strong> para inscri\u00e7\u00f5es nos cursos trimestrais da Escola MASP.<\/p>\n\n\n\n<hr class=\"wp-block-separator has-alpha-channel-opacity\"\/>\n\n\n\n<h2 class=\"wp-block-heading\">Programa\u00e7\u00e3o completa<\/h2>\n\n\n\n<h3 class=\"wp-block-heading\">16\/01 (sexta) \u2014 Online<\/h3>\n\n\n\n<p><strong>11h \u2013 12h30 | Hist\u00f3rias da Arte Moderna<\/strong> (Felipe Martinez)<br>Aula introdut\u00f3ria com recorte sobre <strong>Vincent van Gogh<\/strong>, a partir de obras do acervo do MASP.<\/p>\n\n\n\n<p><strong>14h \u2013 15h30 | Curadoria e Pr\u00e1ticas Expositivas<\/strong> (Mirtes Marins)<br>Apresenta\u00e7\u00e3o da trilha de Pr\u00e1ticas Expositivas e conversa sobre processos e desafios da curadoria contempor\u00e2nea.<\/p>\n\n\n\n<h3 class=\"wp-block-heading\">17\/01 (s\u00e1bado)<\/h3>\n\n\n\n<p><strong>11h \u2013 12h30 | Laborat\u00f3rio de Desenho<\/strong> (Jo\u00e3o Parisi) \u2014 <strong>Presencial<\/strong><br>Experi\u00eancia pr\u00e1tica baseada no acervo do MASP, com exerc\u00edcios de observa\u00e7\u00e3o, luz e sombra, propor\u00e7\u00e3o e composi\u00e7\u00e3o. <strong>Local: Escola MASP, Edif\u00edcio Pietro (8\u00ba andar)<\/strong>.<\/p>\n\n\n\n<p><strong>14h \u2013 15h30 | Hist\u00f3ria da Arte Latino-Americana<\/strong> (Luise Malmaceda) \u2014 <strong>Online<\/strong><br>Aula introdut\u00f3ria do curso (oferecido pela primeira vez), relacionando produ\u00e7\u00e3o art\u00edstica, contexto sociopol\u00edtico e pr\u00e1ticas de resist\u00eancia a partir do s\u00e9culo XX.<\/p>\n\n\n\n<p><strong>14h \u2013 15h30 | Hist\u00f3rias da Arte \u2013 Barroco Italiano<\/strong> (Juliana Guide) \u2014 <strong>Presencial<\/strong><br>Introdu\u00e7\u00e3o ao per\u00edodo barroco a partir de obras presentes no acervo em transforma\u00e7\u00e3o do MASP. <strong>Local: Escola MASP, Edif\u00edcio Pietro (8\u00ba andar)<\/strong>.<\/p>\n\n\n\n<p>\ud83d\udccc <strong>Inscri\u00e7\u00f5es:<\/strong> as vagas s\u00e3o limitadas e devem ser feitas antecipadamente no <strong>site do MASP<\/strong>.<\/p>\n\n\n\n<hr class=\"wp-block-separator has-alpha-channel-opacity\"\/>\n\n\n\n<h2 class=\"wp-block-heading\">Servi\u00e7o (box r\u00e1pido)<\/h2>\n\n\n\n<p><strong>Escola Aberta \u2014 Escola MASP<\/strong><br>\ud83d\udcc5 <strong>16 e 17 de janeiro de 2026<\/strong><br>\ud83d\udccd Presencial: <strong>Escola MASP (Edif\u00edcio Pietro, 8\u00ba andar), Avenida Paulista<\/strong><br>\ud83d\udcbb Online: via inscri\u00e7\u00f5es no site do MASP<br>\ud83d\ude87 Metr\u00f4: <strong>Esta\u00e7\u00e3o Trianon-MASP<\/strong><\/p>\n\n\n\n<figure class=\"wp-block-image size-full\"><img loading=\"lazy\" decoding=\"async\" width=\"800\" height=\"450\" src=\"https:\/\/cidadecult.com.br\/wp-content\/uploads\/2026\/01\/unnamed-13-1.jpg\" alt=\"\" class=\"wp-image-15888\" srcset=\"https:\/\/cidadecult.com.br\/wp-content\/uploads\/2026\/01\/unnamed-13-1.jpg 800w, https:\/\/cidadecult.com.br\/wp-content\/uploads\/2026\/01\/unnamed-13-1-300x169.jpg 300w, https:\/\/cidadecult.com.br\/wp-content\/uploads\/2026\/01\/unnamed-13-1-768x432.jpg 768w, https:\/\/cidadecult.com.br\/wp-content\/uploads\/2026\/01\/unnamed-13-1-750x422.jpg 750w\" sizes=\"auto, (max-width: 800px) 100vw, 800px\" \/><figcaption class=\"wp-element-caption\"><em>P\u00fablico pode fazer aulas sobre temas como hist\u00f3ria da arte latino-americana, desenho e curadoria<\/em><br><em>Foto: Divulga\u00e7\u00e3o\/ Daniel Cabrel<\/em><\/figcaption><\/figure>\n","protected":false},"excerpt":{"rendered":"<p>Evento acontece em 16 e 17 de janeiro, com programa\u00e7\u00e3o presencial e online para apresentar a Escola MASP Para abrir o calend\u00e1rio de 2026, a Escola MASP realiza a segunda edi\u00e7\u00e3o do Escola Aberta nesta sexta e s\u00e1bado, 16 e 17 de janeiro, com uma programa\u00e7\u00e3o gratuita que combina aulas te\u00f3ricas e pr\u00e1ticas, em formatos [&hellip;]<\/p>\n","protected":false},"author":777,"featured_media":15887,"comment_status":"open","ping_status":"open","sticky":false,"template":"","format":"standard","meta":{"_monsterinsights_skip_tracking":false,"_monsterinsights_sitenote_active":false,"_monsterinsights_sitenote_note":"","_monsterinsights_sitenote_category":0,"footnotes":""},"categories":[2569],"tags":[5777,5776,5770,5775,5772,5774,5773,5768,5771,5769],"class_list":["post-15886","post","type-post","status-publish","format-standard","has-post-thumbnail","hentry","category-arte","tag-arte-latino-americana","tag-atividades-culturais","tag-aulas-gratuitas","tag-avenida-paulista","tag-curadoria","tag-curos-de-arte","tag-desenho","tag-escola-mascp","tag-historia-da-arte","tag-masp"],"_links":{"self":[{"href":"https:\/\/cidadecult.com.br\/index.php?rest_route=\/wp\/v2\/posts\/15886","targetHints":{"allow":["GET"]}}],"collection":[{"href":"https:\/\/cidadecult.com.br\/index.php?rest_route=\/wp\/v2\/posts"}],"about":[{"href":"https:\/\/cidadecult.com.br\/index.php?rest_route=\/wp\/v2\/types\/post"}],"author":[{"embeddable":true,"href":"https:\/\/cidadecult.com.br\/index.php?rest_route=\/wp\/v2\/users\/777"}],"replies":[{"embeddable":true,"href":"https:\/\/cidadecult.com.br\/index.php?rest_route=%2Fwp%2Fv2%2Fcomments&post=15886"}],"version-history":[{"count":1,"href":"https:\/\/cidadecult.com.br\/index.php?rest_route=\/wp\/v2\/posts\/15886\/revisions"}],"predecessor-version":[{"id":15889,"href":"https:\/\/cidadecult.com.br\/index.php?rest_route=\/wp\/v2\/posts\/15886\/revisions\/15889"}],"wp:featuredmedia":[{"embeddable":true,"href":"https:\/\/cidadecult.com.br\/index.php?rest_route=\/wp\/v2\/media\/15887"}],"wp:attachment":[{"href":"https:\/\/cidadecult.com.br\/index.php?rest_route=%2Fwp%2Fv2%2Fmedia&parent=15886"}],"wp:term":[{"taxonomy":"category","embeddable":true,"href":"https:\/\/cidadecult.com.br\/index.php?rest_route=%2Fwp%2Fv2%2Fcategories&post=15886"},{"taxonomy":"post_tag","embeddable":true,"href":"https:\/\/cidadecult.com.br\/index.php?rest_route=%2Fwp%2Fv2%2Ftags&post=15886"}],"curies":[{"name":"wp","href":"https:\/\/api.w.org\/{rel}","templated":true}]}}