{"id":15826,"date":"2026-01-09T15:43:17","date_gmt":"2026-01-09T18:43:17","guid":{"rendered":"https:\/\/cidadecult.com.br\/?p=15826"},"modified":"2026-01-09T15:43:20","modified_gmt":"2026-01-09T18:43:20","slug":"opera-leopoldina-jorge-antunes-estreia-theatro-municipal-sp-2026-2027","status":"publish","type":"post","link":"https:\/\/cidadecult.com.br\/?p=15826","title":{"rendered":"\u00d3pera \u201cLeopoldina\u201d, de Jorge Antunes, tenta estreia no Theatro Municipal de S\u00e3o Paulo em 2026 ou 2027"},"content":{"rendered":"\n<p><em>Obra brasileira contempor\u00e2nea cruza Imp\u00e9rio e Brasil atual, mistura \u00f3pera e samba e mobiliza abaixo-assinado em ano de bicenten\u00e1rio da morte de Maria Leopoldina (1826\u20132026)<\/em><\/p>\n\n\n\n<p>A \u00f3pera <strong>\u201cLeopoldina\u201d<\/strong>, do maestro e compositor <strong>Jorge Antunes<\/strong>, busca viabilizar sua <strong>primeira encena\u00e7\u00e3o<\/strong> no <strong>Theatro Municipal de S\u00e3o Paulo<\/strong> em <strong>2026 ou 2027<\/strong>. O movimento ganha for\u00e7a em 2026, quando se completam <strong>200 anos da morte de Maria Leopoldina de Habsburgo<\/strong> \u2014 personagem decisiva na hist\u00f3ria da Independ\u00eancia do Brasil.<\/p>\n\n\n\n<figure class=\"wp-block-image size-full\"><img loading=\"lazy\" decoding=\"async\" width=\"1181\" height=\"1609\" src=\"https:\/\/cidadecult.com.br\/wp-content\/uploads\/2026\/01\/Maria-Leopoldina.jpg\" alt=\"\" class=\"wp-image-15827\"\/><figcaption class=\"wp-element-caption\">Reprodu\u00e7\u00e3o\/DIvulga\u00e7\u00e3o<\/figcaption><\/figure>\n\n\n\n<p>Pronta desde 2021, a obra prop\u00f5e um encontro entre <strong>mem\u00f3ria hist\u00f3rica e cr\u00edtica social<\/strong>, com linguagem musical que atravessa tradi\u00e7\u00e3o e vanguarda: do <strong>modalismo<\/strong> ao <strong>neotonalismo<\/strong>, com <strong>ritmos brasileiros<\/strong> (como samba e lundu), al\u00e9m de <strong>eletr\u00f4nica<\/strong> e instrumentos populares.<\/p>\n\n\n\n<h2 class=\"wp-block-heading\">O que voc\u00ea precisa saber<\/h2>\n\n\n\n<ul class=\"wp-block-list\">\n<li><strong>O que \u00e9:<\/strong> \u00f3pera brasileira contempor\u00e2nea sobre Maria Leopoldina<\/li>\n\n\n\n<li><strong>Quem assina:<\/strong> m\u00fasica de <strong>Jorge Antunes<\/strong>; libreto de <strong>Gerson Valle<\/strong><\/li>\n\n\n\n<li><strong>Status:<\/strong> escrita e conclu\u00edda, mas <strong>ainda in\u00e9dita em cena<\/strong><\/li>\n\n\n\n<li><strong>Objetivo atual:<\/strong> buscar <strong>estreia no Theatro Municipal de S\u00e3o Paulo<\/strong> em 2026\/2027<\/li>\n\n\n\n<li><strong>Mobiliza\u00e7\u00e3o:<\/strong> <strong>abaixo-assinado online<\/strong>, criado em dezembro de 2025, com <strong>mais de 800 assinaturas<\/strong> (segundo a divulga\u00e7\u00e3o do projeto)<\/li>\n\n\n\n<li><strong>Materiais dispon\u00edveis:<\/strong> partitura, libreto e grava\u00e7\u00e3o de abertura no <strong>site oficial do projeto<\/strong><\/li>\n<\/ul>\n\n\n\n<h2 class=\"wp-block-heading\">Enredo em dois tempos: Imp\u00e9rio e s\u00e9culo XXI<\/h2>\n\n\n\n<p>O libreto adota uma estrutura <strong>n\u00e3o linear<\/strong>, alternando dois planos:<\/p>\n\n\n\n<h3 class=\"wp-block-heading\">1) S\u00e9culo XIX<\/h3>\n\n\n\n<p>Acompanha Leopoldina desde o casamento por procura\u00e7\u00e3o com <strong>D. Pedro<\/strong>, sua chegada ao Brasil, sua participa\u00e7\u00e3o pol\u00edtica no processo de Independ\u00eancia e o desfecho tr\u00e1gico de uma vida marcada por tens\u00f5es pessoais e institucionais.<\/p>\n\n\n\n<h3 class=\"wp-block-heading\">2) S\u00e9culo XXI<\/h3>\n\n\n\n<p>Uma escola de samba fict\u00edcia, <strong>Unidos dos Sambaquis<\/strong>, prepara um desfile em homenagem \u00e0 imperatriz. Ensaios e discuss\u00f5es entre personagens (historiador, compositor, letrista e cen\u00f3grafa) funcionam como coment\u00e1rio cr\u00edtico sobre <strong>hist\u00f3ria oficial, machismo, desigualdade, poder e viol\u00eancia<\/strong>.<\/p>\n\n\n\n<p>No desfecho, uma l\u00edder comunit\u00e1ria amea\u00e7ada por mil\u00edcias desfila como Leopoldina e \u201cfunde\u201d as duas vozes em uma \u00e1ria-manifesto \u2014 recurso dramat\u00fargico que conecta luto hist\u00f3rico e urg\u00eancias sociais do presente.<\/p>\n\n\n\n<h2 class=\"wp-block-heading\">M\u00fasica: quando \u00f3pera encontra samba, lundu e eletr\u00f4nica<\/h2>\n\n\n\n<p>A partitura assume uma est\u00e9tica <strong>ecl\u00e9tica e brasileira<\/strong>: al\u00e9m do vocabul\u00e1rio orquestral, aparecem <strong>eletr\u00f4nica<\/strong> e instrumentos associados \u00e0 m\u00fasica popular, como <strong>cavaquinho e viol\u00e3o<\/strong>. A inten\u00e7\u00e3o \u00e9 criar um \u201cespelho sonoro\u201d entre a narrativa imperial e o Brasil contempor\u00e2neo \u2014 sem transformar a \u00f3pera em pe\u00e7a de museu.<\/p>\n\n\n\n<h2 class=\"wp-block-heading\">Por que 2026 pode ser a janela certa<\/h2>\n\n\n\n<p>O ano de 2026 marca o <strong>bicenten\u00e1rio da morte de Leopoldina<\/strong>, e o debate sobre repert\u00f3rio ganha novo peso em um momento de <strong>renova\u00e7\u00e3o de gest\u00e3o e diretrizes art\u00edsticas<\/strong> no Theatro Municipal. A obra tamb\u00e9m se encaixa no interesse crescente por t\u00edtulos que revisitam mitos fundadores do pa\u00eds com leitura cr\u00edtica e centralidade feminina.<\/p>\n\n\n\n<figure class=\"wp-block-image size-full\"><img loading=\"lazy\" decoding=\"async\" width=\"1194\" height=\"714\" src=\"https:\/\/cidadecult.com.br\/wp-content\/uploads\/2026\/01\/Maestro-Jorge-Antunes.jpg\" alt=\"\" class=\"wp-image-15829\"\/><figcaption class=\"wp-element-caption\">Maestro Jorge Antunes (Divulga\u00e7\u00e3o)<\/figcaption><\/figure>\n\n\n\n<h2 class=\"wp-block-heading\">Onde consultar a obra e acompanhar<\/h2>\n\n\n\n<p>Segundo a produ\u00e7\u00e3o, o projeto disponibiliza <strong>partitura, libreto e a grava\u00e7\u00e3o da abertura<\/strong> para consulta p\u00fablica no <strong>site oficial<\/strong>, al\u00e9m de divulga\u00e7\u00e3o de atualiza\u00e7\u00f5es e mobiliza\u00e7\u00e3o pelo <strong>abaixo-assinado online<\/strong>.<\/p>\n","protected":false},"excerpt":{"rendered":"<p>Obra brasileira contempor\u00e2nea cruza Imp\u00e9rio e Brasil atual, mistura \u00f3pera e samba e mobiliza abaixo-assinado em ano de bicenten\u00e1rio da morte de Maria Leopoldina (1826\u20132026) A \u00f3pera \u201cLeopoldina\u201d, do maestro e compositor Jorge Antunes, busca viabilizar sua primeira encena\u00e7\u00e3o no Theatro Municipal de S\u00e3o Paulo em 2026 ou 2027. O movimento ganha for\u00e7a em 2026, [&hellip;]<\/p>\n","protected":false},"author":777,"featured_media":15827,"comment_status":"open","ping_status":"open","sticky":false,"template":"","format":"standard","meta":{"_monsterinsights_skip_tracking":false,"_monsterinsights_sitenote_active":false,"_monsterinsights_sitenote_note":"","_monsterinsights_sitenote_category":0,"footnotes":""},"categories":[2569,54],"tags":[5727,5720,5726,5719,5725],"class_list":["post-15826","post","type-post","status-publish","format-standard","has-post-thumbnail","hentry","category-arte","category-brasil","tag-marialeopoldinaciventenario2026","tag-opera-2","tag-operabrasileiracontemporancea","tag-operaleopoldina","tag-theatromunicipaldesaopaulo"],"_links":{"self":[{"href":"https:\/\/cidadecult.com.br\/index.php?rest_route=\/wp\/v2\/posts\/15826","targetHints":{"allow":["GET"]}}],"collection":[{"href":"https:\/\/cidadecult.com.br\/index.php?rest_route=\/wp\/v2\/posts"}],"about":[{"href":"https:\/\/cidadecult.com.br\/index.php?rest_route=\/wp\/v2\/types\/post"}],"author":[{"embeddable":true,"href":"https:\/\/cidadecult.com.br\/index.php?rest_route=\/wp\/v2\/users\/777"}],"replies":[{"embeddable":true,"href":"https:\/\/cidadecult.com.br\/index.php?rest_route=%2Fwp%2Fv2%2Fcomments&post=15826"}],"version-history":[{"count":1,"href":"https:\/\/cidadecult.com.br\/index.php?rest_route=\/wp\/v2\/posts\/15826\/revisions"}],"predecessor-version":[{"id":15834,"href":"https:\/\/cidadecult.com.br\/index.php?rest_route=\/wp\/v2\/posts\/15826\/revisions\/15834"}],"wp:featuredmedia":[{"embeddable":true,"href":"https:\/\/cidadecult.com.br\/index.php?rest_route=\/wp\/v2\/media\/15827"}],"wp:attachment":[{"href":"https:\/\/cidadecult.com.br\/index.php?rest_route=%2Fwp%2Fv2%2Fmedia&parent=15826"}],"wp:term":[{"taxonomy":"category","embeddable":true,"href":"https:\/\/cidadecult.com.br\/index.php?rest_route=%2Fwp%2Fv2%2Fcategories&post=15826"},{"taxonomy":"post_tag","embeddable":true,"href":"https:\/\/cidadecult.com.br\/index.php?rest_route=%2Fwp%2Fv2%2Ftags&post=15826"}],"curies":[{"name":"wp","href":"https:\/\/api.w.org\/{rel}","templated":true}]}}