{"id":15788,"date":"2026-01-08T16:55:32","date_gmt":"2026-01-08T19:55:32","guid":{"rendered":"https:\/\/cidadecult.com.br\/?p=15788"},"modified":"2026-01-08T16:55:57","modified_gmt":"2026-01-08T19:55:57","slug":"iguatemi-brasilia-programacao-infantil-ferias-janeiro-2026","status":"publish","type":"post","link":"https:\/\/cidadecult.com.br\/?p=15788","title":{"rendered":"Iguatemi Bras\u00edlia monta roteiro de f\u00e9rias para crian\u00e7as com oficinas, conta\u00e7\u00e3o de hist\u00f3rias, cinema e atra\u00e7\u00f5es tem\u00e1ticas"},"content":{"rendered":"\n<p><em>Gastronomia \u201cm\u00e3o na massa\u201d, programa\u00e7\u00e3o cultural e espa\u00e7os interativos ocupam o shopping ao longo de janeiro, com atividades para diferentes idades<\/em><\/p>\n\n\n\n<p>As f\u00e9rias de janeiro ganham um refor\u00e7o de divers\u00e3o no <strong>Iguatemi Bras\u00edlia<\/strong>, que re\u00fane uma programa\u00e7\u00e3o voltada ao p\u00fablico infantil com <strong>experi\u00eancias gastron\u00f4micas, conta\u00e7\u00e3o de hist\u00f3rias, sess\u00f5es de cinema e atra\u00e7\u00f5es tem\u00e1ticas<\/strong> para curtir em fam\u00edlia durante todo o m\u00eas.<\/p>\n\n\n\n<p>Um dos destaques \u00e9 a <strong>Experi\u00eancia Piccolino<\/strong>, do restaurante <strong>Abbraccio<\/strong>, em que as crian\u00e7as viram \u201cchefs por um dia\u201d e montam a pr\u00f3pria pizza de forma criativa. A atividade acontece diariamente, durante o funcionamento do restaurante \u2014 uma op\u00e7\u00e3o leve e divertida para incluir no passeio.<\/p>\n\n\n\n<p>Para a gerente de marketing do Iguatemi Bras\u00edlia, <strong>Bianca Marinho<\/strong>, a proposta \u00e9 transformar o per\u00edodo de f\u00e9rias em uma lembran\u00e7a afetiva para as fam\u00edlias. \u201cNosso objetivo \u00e9 oferecer uma programa\u00e7\u00e3o diversa, que una divers\u00e3o, criatividade e conviv\u00eancia, transformando o shopping em um espa\u00e7o de experi\u00eancias memor\u00e1veis\u201d, afirma.<\/p>\n\n\n\n<h3 class=\"wp-block-heading\">Gastronomia + brincadeira: pizza feita pelas crian\u00e7as<\/h3>\n\n\n\n<p>A oficina do Abbraccio segue como uma alternativa para quem procura <strong>atividade r\u00e1pida, interativa e com clima de f\u00e9rias<\/strong>, com a crian\u00e7ada participando de todas as etapas da montagem.<\/p>\n\n\n\n<h3 class=\"wp-block-heading\">Cinema nas f\u00e9rias: op\u00e7\u00f5es para diferentes idades<\/h3>\n\n\n\n<p>O <strong>Cinemark do Iguatemi Bras\u00edlia<\/strong> tamb\u00e9m entra no roteiro com filmes voltados ao p\u00fablico infantil na programa\u00e7\u00e3o, como <strong>\u201cZootopia 2\u201d<\/strong> e <strong>\u201cBob Esponja: Em Busca da Cal\u00e7a Quadrada\u201d<\/strong> (consulte hor\u00e1rios e sess\u00f5es nos canais oficiais). <\/p>\n\n\n\n<h3 class=\"wp-block-heading\">Hora do Conto: literatura para imaginar junto<\/h3>\n\n\n\n<p>A <strong>Livraria da Vila<\/strong> recebe nova edi\u00e7\u00e3o da tradicional <strong>Hora do Conto<\/strong>, com sess\u00f5es \u00e0s <strong>15h<\/strong> nos dias:<\/p>\n\n\n\n<ul class=\"wp-block-list\">\n<li><strong>11\/01<\/strong> \u2013 <em>Um Dia Muito Mal-Humorado<\/em><\/li>\n\n\n\n<li><strong>18\/01<\/strong> \u2013 <em>Jacar\u00e9, N\u00e3o!<\/em><\/li>\n\n\n\n<li><strong>25\/01<\/strong> \u2013 <em>O Ovo Bonzinho (Esquadr\u00e3o do Rango)<\/em><\/li>\n<\/ul>\n\n\n\n<p>A atra\u00e7\u00e3o \u00e9 um convite para desacelerar e estimular o h\u00e1bito da leitura desde cedo. <a href=\"https:\/\/iguatemi.com.br\/brasilia\/eventos\/hora-do-conto?utm_source=chatgpt.com\" target=\"_blank\" rel=\"noreferrer noopener\">Iguatemi<\/a><\/p>\n\n\n\n<h3 class=\"wp-block-heading\">Col\u00f4nia de F\u00e9rias: rotina l\u00fadica e ambiente seguro<\/h3>\n\n\n\n<p>Para quem busca uma programa\u00e7\u00e3o mais estruturada, a <strong>Brinquedoteca Vila Animada<\/strong> promove sua <strong>Col\u00f4nia de F\u00e9rias<\/strong> com jogos e atividades l\u00fadicas <strong>at\u00e9 23 de janeiro<\/strong>, das <strong>14h \u00e0s 18h<\/strong>, para crian\u00e7as de <strong>3 a 10 anos<\/strong> (1\u00ba piso). <\/p>\n\n\n\n<h3 class=\"wp-block-heading\">Atra\u00e7\u00f5es tem\u00e1ticas: S\u00edtio do Picapau Amarelo e Saf\u00e1ri Divers\u00e3o<\/h3>\n\n\n\n<p>Entre as atra\u00e7\u00f5es tempor\u00e1rias, o <strong>Circuito S\u00edtio do Picapau Amarelo<\/strong> prop\u00f5e um percurso interativo com piscina de bolinhas e brincadeiras inspiradas em personagens cl\u00e1ssicos \u2014 em cartaz <strong>at\u00e9 22 de fevereiro<\/strong>, na Pra\u00e7a Central (Piso T\u00e9rreo). <br>J\u00e1 o <strong>Saf\u00e1ri Divers\u00e3o<\/strong> ocupa a Pra\u00e7a de Alimenta\u00e7\u00e3o (1\u00ba piso) com um espa\u00e7o l\u00fadico e colorido voltado \u00e0 criatividade, dispon\u00edvel <strong>at\u00e9 31 de janeiro<\/strong>. <\/p>\n\n\n\n<hr class=\"wp-block-separator has-alpha-channel-opacity\"\/>\n\n\n\n<h2 class=\"wp-block-heading\">Servi\u00e7o <\/h2>\n\n\n\n<p><strong>Experi\u00eancia Piccolino (Abbraccio)<\/strong><br>\u2022 Quando: todos os dias (janeiro) | durante o funcionamento do restaurante<br>\u2022 Onde: Abbraccio \u2013 Iguatemi Bras\u00edlia<\/p>\n\n\n\n<p><strong>Cinema (Cinemark)<\/strong><br>\u2022 Programa\u00e7\u00e3o infantil em cartaz (ex.: <em>Zootopia 2<\/em>; <em>Bob Esponja: Em Busca da Cal\u00e7a Quadrada<\/em>)<br>\u2022 Onde: Cinemark \u2013 Iguatemi Bras\u00edlia (consultar hor\u00e1rios online) <\/p>\n\n\n\n<p><strong>Hora do Conto (Livraria da Vila)<\/strong><br>\u2022 Datas: 11\/01, 18\/01 e 25\/01<br>\u2022 Hor\u00e1rio: 15h<br>\u2022 Onde: Livraria da Vila \u2013 Piso T\u00e9rreo <\/p>\n\n\n\n<p><strong>Col\u00f4nia de F\u00e9rias (Vila Animada)<\/strong><br>\u2022 At\u00e9: 23\/01<br>\u2022 Hor\u00e1rio: 14h \u00e0s 18h | 3 a 10 anos<br>\u2022 Onde: 1\u00ba piso <\/p>\n\n\n\n<p><strong>Circuito S\u00edtio do Picapau Amarelo<\/strong><br>\u2022 At\u00e9: 22\/02<br>\u2022 Onde: Pra\u00e7a Central \u2013 Piso T\u00e9rreo <\/p>\n\n\n\n<p><strong>Saf\u00e1ri Divers\u00e3o<\/strong><br>\u2022 At\u00e9: 31\/01<br>\u2022 Onde: Pra\u00e7a de Alimenta\u00e7\u00e3o \u2013 1\u00ba piso<\/p>\n","protected":false},"excerpt":{"rendered":"<p>Gastronomia \u201cm\u00e3o na massa\u201d, programa\u00e7\u00e3o cultural e espa\u00e7os interativos ocupam o shopping ao longo de janeiro, com atividades para diferentes idades As f\u00e9rias de janeiro ganham um refor\u00e7o de divers\u00e3o no Iguatemi Bras\u00edlia, que re\u00fane uma programa\u00e7\u00e3o voltada ao p\u00fablico infantil com experi\u00eancias gastron\u00f4micas, conta\u00e7\u00e3o de hist\u00f3rias, sess\u00f5es de cinema e atra\u00e7\u00f5es tem\u00e1ticas para curtir [&hellip;]<\/p>\n","protected":false},"author":777,"featured_media":15789,"comment_status":"open","ping_status":"open","sticky":false,"template":"","format":"standard","meta":{"_monsterinsights_skip_tracking":false,"_monsterinsights_sitenote_active":false,"_monsterinsights_sitenote_note":"","_monsterinsights_sitenote_category":0,"footnotes":""},"categories":[41,17],"tags":[5680,5670,5668,5678,5673,5679],"class_list":["post-15788","post","type-post","status-publish","format-standard","has-post-thumbnail","hentry","category-agenda","category-bsb","tag-agendainfantil","tag-feriasdejaneiro","tag-iguatemibrasilia-2","tag-livrariadavila","tag-oquefazerembrasilia","tag-passeioemfamilia"],"_links":{"self":[{"href":"https:\/\/cidadecult.com.br\/index.php?rest_route=\/wp\/v2\/posts\/15788","targetHints":{"allow":["GET"]}}],"collection":[{"href":"https:\/\/cidadecult.com.br\/index.php?rest_route=\/wp\/v2\/posts"}],"about":[{"href":"https:\/\/cidadecult.com.br\/index.php?rest_route=\/wp\/v2\/types\/post"}],"author":[{"embeddable":true,"href":"https:\/\/cidadecult.com.br\/index.php?rest_route=\/wp\/v2\/users\/777"}],"replies":[{"embeddable":true,"href":"https:\/\/cidadecult.com.br\/index.php?rest_route=%2Fwp%2Fv2%2Fcomments&post=15788"}],"version-history":[{"count":2,"href":"https:\/\/cidadecult.com.br\/index.php?rest_route=\/wp\/v2\/posts\/15788\/revisions"}],"predecessor-version":[{"id":15792,"href":"https:\/\/cidadecult.com.br\/index.php?rest_route=\/wp\/v2\/posts\/15788\/revisions\/15792"}],"wp:featuredmedia":[{"embeddable":true,"href":"https:\/\/cidadecult.com.br\/index.php?rest_route=\/wp\/v2\/media\/15789"}],"wp:attachment":[{"href":"https:\/\/cidadecult.com.br\/index.php?rest_route=%2Fwp%2Fv2%2Fmedia&parent=15788"}],"wp:term":[{"taxonomy":"category","embeddable":true,"href":"https:\/\/cidadecult.com.br\/index.php?rest_route=%2Fwp%2Fv2%2Fcategories&post=15788"},{"taxonomy":"post_tag","embeddable":true,"href":"https:\/\/cidadecult.com.br\/index.php?rest_route=%2Fwp%2Fv2%2Ftags&post=15788"}],"curies":[{"name":"wp","href":"https:\/\/api.w.org\/{rel}","templated":true}]}}