{"id":15770,"date":"2026-01-07T17:58:28","date_gmt":"2026-01-07T20:58:28","guid":{"rendered":"https:\/\/cidadecult.com.br\/?p=15770"},"modified":"2026-01-07T17:58:35","modified_gmt":"2026-01-07T20:58:35","slug":"macy-gray-brasilia-2026","status":"publish","type":"post","link":"https:\/\/cidadecult.com.br\/?p=15770","title":{"rendered":"Macy Gray volta ao Brasil em 2026 e confirma show em Bras\u00edlia no dia 3 de mar\u00e7o"},"content":{"rendered":"\n<p>A voz rouca e inconfund\u00edvel que marcou o R&amp;B e o soul nos anos 2000 est\u00e1 de volta ao pa\u00eds. Macy Gray confirmou passagem por Bras\u00edlia em <strong>3 de mar\u00e7o de 2026<\/strong>, com apresenta\u00e7\u00e3o no <strong>Audit\u00f3rio Planalto<\/strong>, no <strong>Centro de Conven\u00e7\u00f5es Ulysses<\/strong>, dentro da <strong>Turn\u00ea de Ver\u00e3o 2026<\/strong>, que percorre <strong>oito capitais brasileiras<\/strong>. <a href=\"https:\/\/www.ticketmaster.com.br\/event\/macy-gray-brasilia?utm_source=chatgpt.com\" target=\"_blank\" rel=\"noreferrer noopener\">Ticketmaster+2Ticketmaster+2<\/a><\/p>\n\n\n\n<p>A noite na capital federal promete um formato especial: no repert\u00f3rio, a cantora revisita o impacto do cl\u00e1ssico <strong>\u201cOn How Life Is\u201d (1999)<\/strong> \u2014 \u00e1lbum de estreia que projetou Macy mundialmente e re\u00fane faixas como <strong>\u201cI Try\u201d<\/strong> e <strong>\u201cStill\u201d<\/strong> \u2014 al\u00e9m de sucessos de outras fases da carreira. <a href=\"https:\/\/pitchfork.com\/reviews\/albums\/macy-gray-on-how-life-is?utm_source=chatgpt.com\" target=\"_blank\" rel=\"noreferrer noopener\">Pitchfork<\/a><\/p>\n\n\n\n<h3 class=\"wp-block-heading\">Um show para (re)encontrar a era \u201cOn How Life Is\u201d<\/h3>\n\n\n\n<p>Celebrando a marca de <strong>25 anos<\/strong> desde o in\u00edcio da trajet\u00f3ria que a consolidou como um dos nomes mais singulares do pop-soul contempor\u00e2neo, Macy Gray leva ao palco um set que combina nostalgia e presen\u00e7a: a for\u00e7a das can\u00e7\u00f5es segue atual justamente por misturar vulnerabilidade, groove e um timbre que n\u00e3o se confunde com mais ningu\u00e9m. <a href=\"https:\/\/pitchfork.com\/reviews\/albums\/macy-gray-on-how-life-is?utm_source=chatgpt.com\" target=\"_blank\" rel=\"noreferrer noopener\">Pitchfork<\/a><\/p>\n\n\n\n<p>Nos \u00faltimos anos, a artista tamb\u00e9m manteve o p\u00e9 no presente com lan\u00e7amentos como o \u00e1lbum <strong>\u201cThe Reset\u201d (2023)<\/strong> e o single <strong>\u201cI AM\u201d (2024)<\/strong>, refor\u00e7ando a ideia de que a turn\u00ea n\u00e3o \u00e9 s\u00f3 celebra\u00e7\u00e3o \u2014 \u00e9 continuidade. <a href=\"https:\/\/culturadoria.com.br\/macy-gray-no-brasil-em-2026\/?utm_source=chatgpt.com\" target=\"_blank\" rel=\"noreferrer noopener\">Culturadoria+1<\/a><\/p>\n\n\n\n<hr class=\"wp-block-separator has-alpha-channel-opacity\"\/>\n\n\n\n<h2 class=\"wp-block-heading\">Servi\u00e7o \u2014 Macy Gray em Bras\u00edlia (Turn\u00ea de Ver\u00e3o 2026)<\/h2>\n\n\n\n<p><strong>Data:<\/strong> 03\/03\/2026 (ter\u00e7a-feira)<br><strong>Local:<\/strong> Centro de Conven\u00e7\u00f5es Ulysses \u2014 Audit\u00f3rio Planalto<br><strong>Abertura da casa:<\/strong> 20h<br><strong>Show:<\/strong> 21h30<br><strong>Classifica\u00e7\u00e3o indicativa:<\/strong> 18 anos<br><strong>Ingressos:<\/strong> Ticketmaster (vendas online)<\/p>\n","protected":false},"excerpt":{"rendered":"<p>A voz rouca e inconfund\u00edvel que marcou o R&amp;B e o soul nos anos 2000 est\u00e1 de volta ao pa\u00eds. Macy Gray confirmou passagem por Bras\u00edlia em 3 de mar\u00e7o de 2026, com apresenta\u00e7\u00e3o no Audit\u00f3rio Planalto, no Centro de Conven\u00e7\u00f5es Ulysses, dentro da Turn\u00ea de Ver\u00e3o 2026, que percorre oito capitais brasileiras. Ticketmaster+2Ticketmaster+2 A [&hellip;]<\/p>\n","protected":false},"author":777,"featured_media":15771,"comment_status":"open","ping_status":"open","sticky":false,"template":"","format":"standard","meta":{"_monsterinsights_skip_tracking":false,"_monsterinsights_sitenote_active":false,"_monsterinsights_sitenote_note":"","_monsterinsights_sitenote_category":0,"footnotes":""},"categories":[6,5629],"tags":[],"class_list":["post-15770","post","type-post","status-publish","format-standard","has-post-thumbnail","hentry","category-music","category-shows"],"_links":{"self":[{"href":"https:\/\/cidadecult.com.br\/index.php?rest_route=\/wp\/v2\/posts\/15770","targetHints":{"allow":["GET"]}}],"collection":[{"href":"https:\/\/cidadecult.com.br\/index.php?rest_route=\/wp\/v2\/posts"}],"about":[{"href":"https:\/\/cidadecult.com.br\/index.php?rest_route=\/wp\/v2\/types\/post"}],"author":[{"embeddable":true,"href":"https:\/\/cidadecult.com.br\/index.php?rest_route=\/wp\/v2\/users\/777"}],"replies":[{"embeddable":true,"href":"https:\/\/cidadecult.com.br\/index.php?rest_route=%2Fwp%2Fv2%2Fcomments&post=15770"}],"version-history":[{"count":1,"href":"https:\/\/cidadecult.com.br\/index.php?rest_route=\/wp\/v2\/posts\/15770\/revisions"}],"predecessor-version":[{"id":15772,"href":"https:\/\/cidadecult.com.br\/index.php?rest_route=\/wp\/v2\/posts\/15770\/revisions\/15772"}],"wp:featuredmedia":[{"embeddable":true,"href":"https:\/\/cidadecult.com.br\/index.php?rest_route=\/wp\/v2\/media\/15771"}],"wp:attachment":[{"href":"https:\/\/cidadecult.com.br\/index.php?rest_route=%2Fwp%2Fv2%2Fmedia&parent=15770"}],"wp:term":[{"taxonomy":"category","embeddable":true,"href":"https:\/\/cidadecult.com.br\/index.php?rest_route=%2Fwp%2Fv2%2Fcategories&post=15770"},{"taxonomy":"post_tag","embeddable":true,"href":"https:\/\/cidadecult.com.br\/index.php?rest_route=%2Fwp%2Fv2%2Ftags&post=15770"}],"curies":[{"name":"wp","href":"https:\/\/api.w.org\/{rel}","templated":true}]}}