{"id":15767,"date":"2026-01-06T10:42:49","date_gmt":"2026-01-06T13:42:49","guid":{"rendered":"https:\/\/cidadecult.com.br\/?p=15767"},"modified":"2026-01-06T10:42:52","modified_gmt":"2026-01-06T13:42:52","slug":"escola-masp-abre-cursos-de-ferias-com-desenho-pintura-performance-e-aulas-online-sobre-retrato-curadoria-e-saude-mental","status":"publish","type":"post","link":"https:\/\/cidadecult.com.br\/?p=15767","title":{"rendered":"Escola MASP abre cursos de f\u00e9rias com desenho, pintura, performance e aulas online sobre retrato, curadoria e sa\u00fade mental"},"content":{"rendered":"\n<p><em>Programa\u00e7\u00e3o re\u00fane oito cursos livres entre janeiro e mar\u00e7o de 2026, com turmas presenciais no Edif\u00edcio Pietro Maria Bardi e encontros online ao vivo.<\/em><\/p>\n\n\n\n<p>As f\u00e9rias podem ser o melhor momento do ano para voltar ao essencial: olhar, observar, experimentar. \u00c9 com essa proposta que a <strong>Escola MASP<\/strong> apresenta uma nova rodada de <strong>cursos livres<\/strong> para o per\u00edodo de janeiro e fevereiro (com atividades que tamb\u00e9m avan\u00e7am para mar\u00e7o), retomando uma tradi\u00e7\u00e3o de ensino pr\u00e1tico do museu com <strong>turmas presenciais de desenho, pintura e performance<\/strong> \u2014 al\u00e9m de <strong>cursos online<\/strong> sobre <strong>retratismo<\/strong>, <strong>introdu\u00e7\u00e3o \u00e0 curadoria<\/strong> e as <strong>rela\u00e7\u00f5es entre arte e sa\u00fade mental<\/strong>. <a href=\"https:\/\/masp.org.br\/masp-escola\/ferias?utm_source=chatgpt.com\" target=\"_blank\" rel=\"noreferrer noopener\">MASP+2MASP+2<\/a><\/p>\n\n\n\n<p>A programa\u00e7\u00e3o prioriza formatos introdut\u00f3rios e experimentais, pensados para quem quer come\u00e7ar do zero ou reorganizar fundamentos com acompanhamento. Nos cursos presenciais, as aulas acontecem majoritariamente no <strong>Edif\u00edcio Pietro Maria Bardi<\/strong>, espa\u00e7o dedicado \u00e0 Escola MASP, e tamb\u00e9m podem incluir pr\u00e1ticas em \u00e1reas do museu, ampliando o repert\u00f3rio a partir do contato direto com obras e ambientes do MASP. <a href=\"https:\/\/masp.org.br\/masp-escola?utm_source=chatgpt.com\" target=\"_blank\" rel=\"noreferrer noopener\">MASP+1<\/a><\/p>\n\n\n\n<p>Al\u00e9m do foco no \u201cfazer\u201d, h\u00e1 um ponto especialmente contempor\u00e2neo nesta grade: o curso <strong>Rela\u00e7\u00f5es entre Arte e Sa\u00fade Mental<\/strong>, que prop\u00f5e di\u00e1logos sobre cuidado e cria\u00e7\u00e3o, revisitando a hist\u00f3ria e desdobramentos do tema no Brasil. <a href=\"https:\/\/masp.org.br\/masp-escola\/relacoes-entre-arte-e-saude-mental?utm_source=chatgpt.com\" target=\"_blank\" rel=\"noreferrer noopener\">MASP<\/a><\/p>\n\n\n\n<h3 class=\"wp-block-heading\">O que vale saber antes de escolher<\/h3>\n\n\n\n<ul class=\"wp-block-list\">\n<li><strong>Vagas limitadas<\/strong> e cursos pr\u00e1ticos com din\u00e2mica de ateli\u00ea (com materiais em aula, conforme a proposta de cada turma).<\/li>\n\n\n\n<li><strong>Descontos e bolsas:<\/strong> h\u00e1 <strong>processo seletivo de bolsas<\/strong> e <strong>descontos para professores da rede p\u00fablica<\/strong>, al\u00e9m de condi\u00e7\u00f5es para participantes do programa <strong>Amigo MASP<\/strong>. <a href=\"https:\/\/masp.org.br\/masp-escola\/bolsas-para-professores?utm_source=chatgpt.com\" target=\"_blank\" rel=\"noreferrer noopener\">MASP+1<\/a><\/li>\n\n\n\n<li><strong>Certificado:<\/strong> emiss\u00e3o mediante <strong>frequ\u00eancia m\u00ednima<\/strong> (ver regras de cada curso no ato de inscri\u00e7\u00e3o).<\/li>\n\n\n\n<li><strong>Online ao vivo:<\/strong> aulas acontecem em plataforma de transmiss\u00e3o e podem ficar dispon\u00edveis por per\u00edodo ap\u00f3s cada encontro, conforme o curso. <a href=\"https:\/\/masp.org.br\/masp-escola\/relacoes-entre-arte-e-saude-mental?utm_source=chatgpt.com\" target=\"_blank\" rel=\"noreferrer noopener\">MASP+1<\/a><\/li>\n<\/ul>\n\n\n\n<hr class=\"wp-block-separator has-alpha-channel-opacity\"\/>\n\n\n\n<h2 class=\"wp-block-heading\">Programa\u00e7\u00e3o: cursos presenciais (f\u00e9rias + in\u00edcio de 2026)<\/h2>\n\n\n\n<p><strong>Inicia\u00e7\u00e3o \u00e0 pr\u00e1tica de desenho (presencial)<\/strong> \u2014 com Jo\u00e3o Parisi<br><strong>19, 21, 26 e 28\/1\/2026 (15h\u201317h)<\/strong> \u2022 Introdu\u00e7\u00e3o leve e cuidadosa ao desenho, com explora\u00e7\u00e3o de materiais e abordagens. <a href=\"https:\/\/masp.org.br\/masp-escola\/iniciacao-a-pratica-de-desenho?utm_source=chatgpt.com\" target=\"_blank\" rel=\"noreferrer noopener\">MASP<\/a><\/p>\n\n\n\n<p><strong>Laborat\u00f3rio de Desenho (presencial)<\/strong> \u2014 com Jo\u00e3o Parisi<br><strong>20 a 23\/1\/2026 (19h\u201321h)<\/strong> \u2022 Fundamentos do figurativo (luz\/sombra, propor\u00e7\u00e3o, composi\u00e7\u00e3o) com refer\u00eancias do acervo. <a href=\"https:\/\/masp.org.br\/masp-escola\/laboratorio-de-desenho?utm_source=chatgpt.com\" target=\"_blank\" rel=\"noreferrer noopener\">MASP+1<\/a><\/p>\n\n\n\n<p><strong>Pr\u00e1ticas em pintura de observa\u00e7\u00e3o (presencial)<\/strong> \u2014 com Paloma Mecozzi<br><strong>26 a 30\/1\/2026 (19h\u201321h)<\/strong> \u2022 Introdu\u00e7\u00e3o \u00e0 tinta a \u00f3leo com exerc\u00edcios de observa\u00e7\u00e3o (naturezas-mortas). <a href=\"https:\/\/masp.org.br\/masp-escola\/praticas-em-pintura-de-observacao?utm_source=chatgpt.com\" target=\"_blank\" rel=\"noreferrer noopener\">MASP<\/a><\/p>\n\n\n\n<p><strong>Performance coletiva como reconstru\u00e7\u00e3o ancestral (presencial)<\/strong> \u2014 com Carolina Velasquez<br><strong>3 a 6\/2\/2026 (19h\u201321h)<\/strong> \u2022 Processo em grupo com conversas, m\u00e1scaras e vestimentas, culminando em performance coletiva. <a href=\"https:\/\/www.masp.org.br\/index.php\/masp-escola\/performance-coletiva-como-reconstrucao-ancestral?utm_source=chatgpt.com\" target=\"_blank\" rel=\"noreferrer noopener\">MASP+1<\/a><\/p>\n\n\n\n<p><strong>Desenhos feios no MASP (presencial)<\/strong> \u2014 com Helena Obersteiner<br><strong>24\/2, 3\/3, 10\/3 e 17\/3\/2026 (19h\u201321h30)<\/strong> \u2022 Sem pr\u00e9-requisito: foco no processo, na observa\u00e7\u00e3o e em experimenta\u00e7\u00f5es a partir do museu. <a href=\"https:\/\/masp.org.br\/masp-escola\/desenhos-feios-no-masp?utm_source=chatgpt.com\" target=\"_blank\" rel=\"noreferrer noopener\">MASP+1<\/a><\/p>\n\n\n\n<hr class=\"wp-block-separator has-alpha-channel-opacity\"\/>\n\n\n\n<h2 class=\"wp-block-heading\">Programa\u00e7\u00e3o: cursos online (ao vivo)<\/h2>\n\n\n\n<p><strong>O g\u00eanero do retrato (online)<\/strong> \u2014 com Felipe Corr\u00eaa<br><strong>21\/1, 28\/1, 4\/2 e 11\/2\/2026 (19h\u201321h)<\/strong> \u2022 Leitura do retrato na hist\u00f3ria da arte e suas transforma\u00e7\u00f5es na modernidade e contemporaneidade. <a href=\"https:\/\/masp.org.br\/masp-escola\/o-genero-do-retrato?utm_source=chatgpt.com\" target=\"_blank\" rel=\"noreferrer noopener\">MASP+1<\/a><\/p>\n\n\n\n<p><strong>Introdu\u00e7\u00e3o \u00e0 curadoria (online)<\/strong> \u2014 com Osmar Paulino<br>Encontros \u00e0s <strong>quartas (19h\u201321h)<\/strong> \u2022 Panorama cr\u00edtico das pr\u00e1ticas curatoriais e suas tens\u00f5es, incluindo gest\u00e3o de projetos. <a href=\"https:\/\/masp.org.br\/masp-escola\/introducao-a-curadoria?utm_source=chatgpt.com\" target=\"_blank\" rel=\"noreferrer noopener\">MASP+1<\/a><\/p>\n\n\n\n<p><strong>Rela\u00e7\u00f5es entre Arte e Sa\u00fade Mental (online)<\/strong> \u2014 com Diana Kolker<br><strong>19\/1, 26\/1, 2\/2 e 9\/2\/2026 (19h\u201321h)<\/strong> \u2022 Cria\u00e7\u00e3o art\u00edstica, hist\u00f3ria da psiquiatria e pr\u00e1ticas de cuidado no Brasil. <a href=\"https:\/\/masp.org.br\/masp-escola\/relacoes-entre-arte-e-saude-mental?utm_source=chatgpt.com\" target=\"_blank\" rel=\"noreferrer noopener\">MASP<\/a><\/p>\n\n\n\n<hr class=\"wp-block-separator has-alpha-channel-opacity\"\/>\n\n\n\n<h3 class=\"wp-block-heading\">Valores (refer\u00eancia)<\/h3>\n\n\n\n<p>Os cursos t\u00eam valores parcel\u00e1veis e condi\u00e7\u00f5es espec\u00edficas por turma (p\u00fablico geral e Amigo MASP). Como refer\u00eancia, os m\u00f3dulos listados variam, em geral, de <strong>5x R$ 95<\/strong> a <strong>5x R$ 190<\/strong>, conforme carga hor\u00e1ria e formato. <a href=\"https:\/\/masp.org.br\/masp-escola\/iniciacao-a-pratica-de-desenho?utm_source=chatgpt.com\" target=\"_blank\" rel=\"noreferrer noopener\">MASP+2MASP+2<\/a><\/p>\n","protected":false},"excerpt":{"rendered":"<p>Programa\u00e7\u00e3o re\u00fane oito cursos livres entre janeiro e mar\u00e7o de 2026, com turmas presenciais no Edif\u00edcio Pietro Maria Bardi e encontros online ao vivo. As f\u00e9rias podem ser o melhor momento do ano para voltar ao essencial: olhar, observar, experimentar. \u00c9 com essa proposta que a Escola MASP apresenta uma nova rodada de cursos livres [&hellip;]<\/p>\n","protected":false},"author":777,"featured_media":15768,"comment_status":"open","ping_status":"open","sticky":false,"template":"","format":"standard","meta":{"_monsterinsights_skip_tracking":false,"_monsterinsights_sitenote_active":false,"_monsterinsights_sitenote_note":"","_monsterinsights_sitenote_category":0,"footnotes":""},"categories":[2569],"tags":[5630],"class_list":["post-15767","post","type-post","status-publish","format-standard","has-post-thumbnail","hentry","category-arte","tag-escolamasp-masp-cursosdearte-cursosdeferias-desenho-pintura-performance-curadoria-retrato-arteesaudemental-avenidapaulista-saopaulo"],"_links":{"self":[{"href":"https:\/\/cidadecult.com.br\/index.php?rest_route=\/wp\/v2\/posts\/15767","targetHints":{"allow":["GET"]}}],"collection":[{"href":"https:\/\/cidadecult.com.br\/index.php?rest_route=\/wp\/v2\/posts"}],"about":[{"href":"https:\/\/cidadecult.com.br\/index.php?rest_route=\/wp\/v2\/types\/post"}],"author":[{"embeddable":true,"href":"https:\/\/cidadecult.com.br\/index.php?rest_route=\/wp\/v2\/users\/777"}],"replies":[{"embeddable":true,"href":"https:\/\/cidadecult.com.br\/index.php?rest_route=%2Fwp%2Fv2%2Fcomments&post=15767"}],"version-history":[{"count":1,"href":"https:\/\/cidadecult.com.br\/index.php?rest_route=\/wp\/v2\/posts\/15767\/revisions"}],"predecessor-version":[{"id":15769,"href":"https:\/\/cidadecult.com.br\/index.php?rest_route=\/wp\/v2\/posts\/15767\/revisions\/15769"}],"wp:featuredmedia":[{"embeddable":true,"href":"https:\/\/cidadecult.com.br\/index.php?rest_route=\/wp\/v2\/media\/15768"}],"wp:attachment":[{"href":"https:\/\/cidadecult.com.br\/index.php?rest_route=%2Fwp%2Fv2%2Fmedia&parent=15767"}],"wp:term":[{"taxonomy":"category","embeddable":true,"href":"https:\/\/cidadecult.com.br\/index.php?rest_route=%2Fwp%2Fv2%2Fcategories&post=15767"},{"taxonomy":"post_tag","embeddable":true,"href":"https:\/\/cidadecult.com.br\/index.php?rest_route=%2Fwp%2Fv2%2Ftags&post=15767"}],"curies":[{"name":"wp","href":"https:\/\/api.w.org\/{rel}","templated":true}]}}