{"id":15608,"date":"2025-12-21T19:31:56","date_gmt":"2025-12-21T22:31:56","guid":{"rendered":"https:\/\/cidadecult.com.br\/?p=15608"},"modified":"2025-12-21T19:31:58","modified_gmt":"2025-12-21T22:31:58","slug":"andrea-beltrao-revisita-carreira-e-vida-pessoal-em-entrevista-especial-no-persona-da-tv-cultura","status":"publish","type":"post","link":"https:\/\/cidadecult.com.br\/?p=15608","title":{"rendered":"Andrea Beltr\u00e3o revisita carreira e vida pessoal em entrevista especial no Persona, da TV Cultura"},"content":{"rendered":"\n<p><em>Foto\/divulga\u00e7\u00e3o<\/em><\/p>\n\n\n\n<p>A atriz <strong>Andrea Beltr\u00e3o<\/strong> \u00e9 a convidada do programa <strong>Persona<\/strong>, da TV Cultura, em uma entrevista especial exibida em <strong>duas partes<\/strong>, nos dias <strong>19 e 26 de dezembro<\/strong>, a partir das <strong>22h<\/strong>. Apresentado por <strong>Chris Maksud<\/strong> e <strong>Atilio Bari<\/strong>, o programa prop\u00f5e um mergulho sens\u00edvel e aprofundado na trajet\u00f3ria de uma das artistas mais respeitadas da cena cultural brasileira.<\/p>\n\n\n\n<p>Criada em <strong>Copacabana<\/strong>, no Rio de Janeiro, Andrea relembra no programa sua inf\u00e2ncia, a forma\u00e7\u00e3o na rede p\u00fablica de ensino e o primeiro contato com o teatro ainda no per\u00edodo escolar. Curiosamente, a atua\u00e7\u00e3o n\u00e3o era o plano inicial: a atriz conta que sonhava em ser esportista h\u00e1bito que, mesmo sem seguir carreira profissional, permanece presente em sua rotina at\u00e9 hoje.<\/p>\n\n\n\n<p>Ao longo da conversa, Andrea compartilha reflex\u00f5es sobre escolhas art\u00edsticas, processos criativos e experi\u00eancias que marcaram sua caminhada nos palcos, na televis\u00e3o e no cinema. Seu trabalho mais recente no teatro foi o espet\u00e1culo <strong>\u201cLady Tempestade\u201d<\/strong>, apresentado este ano em S\u00e3o Paulo e que retorna ao <strong>Rio de Janeiro<\/strong> nos pr\u00f3ximos dias, com novas temporadas j\u00e1 previstas para <strong>2026<\/strong>.<\/p>\n\n\n\n<p>Entre os momentos mais simb\u00f3licos de sua carreira, a atriz destaca a primeira vez em que ouviu o riso da plateia durante uma apresenta\u00e7\u00e3o \u2014 epis\u00f3dio que, segundo ela, ajudou a revelar a pot\u00eancia do teatro como linguagem viva. \u201cExiste uma coisa muito bonita no teatro, que \u00e9 o nascimento da palavra como imagem (\u2026) e o teatro \u00e9 criar imagem\u201d, afirma durante a entrevista.<\/p>\n\n\n\n<p>Dividida em dois epis\u00f3dios, a entrevista permite um olhar mais aprofundado sobre a dimens\u00e3o art\u00edstica e humana de Andrea Beltr\u00e3o. Na <strong>segunda edi\u00e7\u00e3o<\/strong>, exibida no dia <strong>26 de dezembro<\/strong>, a atriz d\u00e1 continuidade aos relatos sobre sua trajet\u00f3ria, al\u00e9m de abordar epis\u00f3dios marcantes da vida pessoal e profissional.<\/p>\n\n\n\n<p>O <strong>Persona<\/strong> \u00e9 uma realiza\u00e7\u00e3o da <strong>TV Cultura<\/strong>, com apoio da <strong>Lei Rouanet<\/strong>, do <strong>Minist\u00e9rio da Cultura<\/strong> e do <strong>Governo Federal<\/strong>.<\/p>\n\n\n\n<p>\ud83d\udcfa <strong>Persona \u2013 Andrea Beltr\u00e3o<\/strong><br>\ud83d\uddd3 <strong>19 e 26 de dezembro<\/strong><br>\u23f0 <strong>22h<\/strong><br>\ud83d\udce1 <strong>TV Cultura<\/strong><\/p>\n\n\n\n<hr class=\"wp-block-separator has-alpha-channel-opacity\"\/>\n\n\n\n<p>Se quiser, posso:<\/p>\n\n\n\n<ul class=\"wp-block-list\">\n<li>ajustar para um <strong>formato mais curto para home<\/strong><\/li>\n\n\n\n<li>criar uma <strong>linha fina mais chamativa<\/strong><\/li>\n\n\n\n<li>ou adaptar para <strong>Instagram, chamada de agenda cultural ou newsletter da Cidade CULT<\/strong><\/li>\n<\/ul>\n","protected":false},"excerpt":{"rendered":"<p>Foto\/divulga\u00e7\u00e3o A atriz Andrea Beltr\u00e3o \u00e9 a convidada do programa Persona, da TV Cultura, em uma entrevista especial exibida em duas partes, nos dias 19 e 26 de dezembro, a partir das 22h. Apresentado por Chris Maksud e Atilio Bari, o programa prop\u00f5e um mergulho sens\u00edvel e aprofundado na trajet\u00f3ria de uma das artistas mais [&hellip;]<\/p>\n","protected":false},"author":1441,"featured_media":15609,"comment_status":"open","ping_status":"open","sticky":false,"template":"","format":"standard","meta":{"_monsterinsights_skip_tracking":false,"_monsterinsights_sitenote_active":false,"_monsterinsights_sitenote_note":"","_monsterinsights_sitenote_category":0,"footnotes":""},"categories":[41,2569,17,34],"tags":[5565,994],"class_list":["post-15608","post","type-post","status-publish","format-standard","has-post-thumbnail","hentry","category-agenda","category-arte","category-bsb","category-destaque","tag-andreabeltrao","tag-tvcultura"],"_links":{"self":[{"href":"https:\/\/cidadecult.com.br\/index.php?rest_route=\/wp\/v2\/posts\/15608","targetHints":{"allow":["GET"]}}],"collection":[{"href":"https:\/\/cidadecult.com.br\/index.php?rest_route=\/wp\/v2\/posts"}],"about":[{"href":"https:\/\/cidadecult.com.br\/index.php?rest_route=\/wp\/v2\/types\/post"}],"author":[{"embeddable":true,"href":"https:\/\/cidadecult.com.br\/index.php?rest_route=\/wp\/v2\/users\/1441"}],"replies":[{"embeddable":true,"href":"https:\/\/cidadecult.com.br\/index.php?rest_route=%2Fwp%2Fv2%2Fcomments&post=15608"}],"version-history":[{"count":1,"href":"https:\/\/cidadecult.com.br\/index.php?rest_route=\/wp\/v2\/posts\/15608\/revisions"}],"predecessor-version":[{"id":15610,"href":"https:\/\/cidadecult.com.br\/index.php?rest_route=\/wp\/v2\/posts\/15608\/revisions\/15610"}],"wp:featuredmedia":[{"embeddable":true,"href":"https:\/\/cidadecult.com.br\/index.php?rest_route=\/wp\/v2\/media\/15609"}],"wp:attachment":[{"href":"https:\/\/cidadecult.com.br\/index.php?rest_route=%2Fwp%2Fv2%2Fmedia&parent=15608"}],"wp:term":[{"taxonomy":"category","embeddable":true,"href":"https:\/\/cidadecult.com.br\/index.php?rest_route=%2Fwp%2Fv2%2Fcategories&post=15608"},{"taxonomy":"post_tag","embeddable":true,"href":"https:\/\/cidadecult.com.br\/index.php?rest_route=%2Fwp%2Fv2%2Ftags&post=15608"}],"curies":[{"name":"wp","href":"https:\/\/api.w.org\/{rel}","templated":true}]}}