{"id":15604,"date":"2026-01-29T17:31:53","date_gmt":"2026-01-29T20:31:53","guid":{"rendered":"https:\/\/cidadecult.com.br\/?p=15604"},"modified":"2026-01-29T17:32:07","modified_gmt":"2026-01-29T20:32:07","slug":"tardezinha-confirma-retorno-em-2028-apos-encerrar-turne-historica-de-10-anos","status":"publish","type":"post","link":"https:\/\/cidadecult.com.br\/?p=15604","title":{"rendered":"Tardezinha confirma retorno em 2028 ap\u00f3s encerrar turn\u00ea hist\u00f3rica de 10 anos!"},"content":{"rendered":"\n<figure class=\"wp-block-table\"><table class=\"has-fixed-layout\"><tbody><tr><td><em>Foto: Cr\u00e9dito BS Fotografias<\/em><\/td><\/tr><\/tbody><\/table><\/figure>\n\n\n\n<p>Depois de uma d\u00e9cada redefinindo o entretenimento ao vivo no Brasil, a <strong>Tardezinha<\/strong> j\u00e1 tem data marcada para voltar aos palcos. O projeto liderado por <strong>Thiaguinho<\/strong> anunciou oficialmente uma nova turn\u00ea em <strong>2028<\/strong>, logo na reta final da edi\u00e7\u00e3o comemorativa de 10 anos, considerada a maior turn\u00ea da hist\u00f3ria do pa\u00eds.<\/p>\n\n\n\n<p>O an\u00fancio vem ap\u00f3s apresenta\u00e7\u00f5es gigantes, como o encontro com <strong>80 mil pessoas no Parque Ol\u00edmpico do Rio de Janeiro<\/strong>, e com um encerramento \u00e0 altura da trajet\u00f3ria: <strong>20 de dezembro<\/strong>, no <strong>Aut\u00f3dromo de Interlagos<\/strong>, em S\u00e3o Paulo.<\/p>\n\n\n\n<h3 class=\"wp-block-heading\">N\u00fameros que explicam o fen\u00f4meno<\/h3>\n\n\n\n<p>A turn\u00ea de 10 anos termina com <strong>907 mil pessoas<\/strong> no p\u00fablico total, crescimento de <strong>21%<\/strong> em rela\u00e7\u00e3o a 2023. Foram <strong>185 horas de show<\/strong>, com Thiaguinho passando, em m\u00e9dia, <strong>6h15 no palco por apresenta\u00e7\u00e3o<\/strong>, transformando cada edi\u00e7\u00e3o em uma experi\u00eancia pr\u00f3xima de um festival.<\/p>\n\n\n\n<p>A Tardezinha percorreu <strong>53.500 quil\u00f4metros<\/strong>, sendo <strong>22.500 km pelo Brasil<\/strong> e <strong>31.000 km no exterior<\/strong> \u2014 dist\u00e2ncia maior que uma volta completa ao redor da Terra.<\/p>\n\n\n\n<p>No campo financeiro, os n\u00fameros tamb\u00e9m impressionam:<\/p>\n\n\n\n<ul class=\"wp-block-list\">\n<li><strong>R$ 305 milh\u00f5es em faturamento<\/strong>, alta de 22%<\/li>\n\n\n\n<li>Ticket m\u00e9dio de <strong>R$ 225<\/strong><\/li>\n\n\n\n<li>Receita distribu\u00edda entre bilheteria (51%), bar (25%), patroc\u00ednios (15%) e outras frentes (9%)<\/li>\n<\/ul>\n\n\n\n<h3 class=\"wp-block-heading\">Cidades em destaque<\/h3>\n\n\n\n<p>O <strong>Rio de Janeiro<\/strong> liderou em p\u00fablico, seguido por <strong>S\u00e3o Paulo, Belo Horizonte, Porto Alegre, Salvador e Campinas<\/strong>. J\u00e1 em faturamento, <strong>S\u00e3o Paulo<\/strong> ficou no topo, \u00e0 frente de Rio de Janeiro, Campinas e Belo Horizonte. Pra\u00e7as como <strong>Porto Alegre, Recife, Bel\u00e9m, Ribeir\u00e3o Preto e Niter\u00f3i<\/strong> apresentaram crescimento expressivo tanto de p\u00fablico quanto de receita.<\/p>\n\n\n\n<h3 class=\"wp-block-heading\">Muito al\u00e9m do palco<\/h3>\n\n\n\n<p>A Tardezinha tamb\u00e9m se consolidou como uma plataforma de marca e experi\u00eancia. A edi\u00e7\u00e3o contou com <strong>15 patrocinadores e 5 parceiros<\/strong>, um crescimento de <strong>150%<\/strong> em rela\u00e7\u00e3o \u00e0 turn\u00ea anterior, al\u00e9m da entrada em <strong>12 novos segmentos de mercado<\/strong>.<\/p>\n\n\n\n<p>O impacto social e econ\u00f4mico refor\u00e7a a dimens\u00e3o do projeto:<\/p>\n\n\n\n<ul class=\"wp-block-list\">\n<li><strong>110 mil empregos gerados<\/strong><\/li>\n\n\n\n<li><strong>451 toneladas de alimentos arrecadadas<\/strong>, o equivalente a quase <strong>35 mil cestas b\u00e1sicas<\/strong><\/li>\n\n\n\n<li>Reconhecimento com pr\u00eamios como o <strong>Inspira Rio<\/strong> e o <strong>Perse 2025<\/strong><\/li>\n<\/ul>\n\n\n\n<h3 class=\"wp-block-heading\">Contagem regressiva aberta<\/h3>\n\n\n\n<p>Com o fim da turn\u00ea de 10 anos, a Tardezinha n\u00e3o se despede \u2014 apenas faz uma pausa estrat\u00e9gica. O retorno j\u00e1 est\u00e1 confirmado para <strong>2028<\/strong>, prometendo elevar ainda mais um projeto que transformou o pagode em um dos maiores espet\u00e1culos do entretenimento ao vivo brasileiro.<\/p>\n\n\n\n<p>Para os f\u00e3s, a mensagem \u00e9 clara: a festa continua. S\u00f3 que em um novo cap\u00edtulo. \ud83c\udfb6<\/p>\n\n\n\n<p>Fa\u00e7a para o site da Cidade CULT!<\/p>\n\n\n\n<p><strong>Tardezinha anuncia retorno em 2028 ap\u00f3s encerrar a maior turn\u00ea da hist\u00f3ria do entretenimento ao vivo no Brasil<\/strong><\/p>\n\n\n\n<p>A <strong>Tardezinha<\/strong>, projeto comandado por <strong>Thiaguinho<\/strong>, j\u00e1 tem data para voltar aos palcos. Ap\u00f3s uma turn\u00ea hist\u00f3rica que celebrou <strong>10 anos<\/strong> de estrada, o evento confirmou oficialmente seu <strong>retorno em 2028<\/strong>. O an\u00fancio acontece na reta final da temporada comemorativa, que entra para a hist\u00f3ria como a <strong>maior turn\u00ea do entretenimento ao vivo j\u00e1 realizada no pa\u00eds<\/strong>.<\/p>\n\n\n\n<p>O encerramento est\u00e1 marcado para <strong>20 de dezembro<\/strong>, no <strong>Aut\u00f3dromo de Interlagos<\/strong>, em S\u00e3o Paulo, depois de uma sequ\u00eancia de apresenta\u00e7\u00f5es grandiosas, como o show que reuniu <strong>80 mil pessoas no Parque Ol\u00edmpico do Rio de Janeiro<\/strong>.<\/p>\n\n\n\n<h3 class=\"wp-block-heading\">Um fen\u00f4meno em n\u00fameros<\/h3>\n\n\n\n<p>A turn\u00ea de 10 anos da Tardezinha termina com <strong>907 mil pessoas no p\u00fablico total<\/strong>, representando um crescimento de <strong>21%<\/strong> em rela\u00e7\u00e3o \u00e0 edi\u00e7\u00e3o de 2023. Ao longo do projeto, foram <strong>185 horas de show<\/strong>, com Thiaguinho permanecendo, em m\u00e9dia, <strong>6 horas e 15 minutos no palco<\/strong> a cada apresenta\u00e7\u00e3o \u2014 um formato que transformou cada edi\u00e7\u00e3o em uma verdadeira experi\u00eancia de festival.<\/p>\n\n\n\n<p>A circula\u00e7\u00e3o da turn\u00ea tamb\u00e9m impressiona: <strong>53.500 quil\u00f4metros percorridos<\/strong>, sendo <strong>22.500 km em cidades brasileiras<\/strong> e <strong>31.000 km no exterior<\/strong>, ultrapassando a dist\u00e2ncia de uma volta completa ao redor da Terra.<\/p>\n\n\n\n<h3 class=\"wp-block-heading\">Impacto econ\u00f4mico e social<\/h3>\n\n\n\n<p>Al\u00e9m do alcance cultural, a Tardezinha se consolidou como uma pot\u00eancia econ\u00f4mica. O faturamento total chegou a <strong>R$ 305 milh\u00f5es<\/strong>, um crescimento de <strong>22%<\/strong> em rela\u00e7\u00e3o \u00e0 turn\u00ea anterior. A receita foi distribu\u00edda entre bilheteria (51%), bar (25%), patroc\u00ednios (15%) e outras frentes (9%). O ticket m\u00e9dio ficou em <strong>R$ 225<\/strong>, com baixo \u00edndice de aus\u00eancia do p\u00fablico.<\/p>\n\n\n\n<p>No ranking de p\u00fablico, <strong>Rio de Janeiro<\/strong> liderou, seguido por <strong>S\u00e3o Paulo, Belo Horizonte, Porto Alegre, Salvador e Campinas<\/strong>. J\u00e1 em faturamento, <strong>S\u00e3o Paulo<\/strong> ficou no topo, \u00e0 frente de Rio de Janeiro, Campinas e Belo Horizonte. Cidades como <strong>Porto Alegre, Recife, Bel\u00e9m, Ribeir\u00e3o Preto e Niter\u00f3i<\/strong> registraram crescimento expressivo.<\/p>\n\n\n\n<p>O impacto social tamb\u00e9m marcou a trajet\u00f3ria: foram <strong>110 mil empregos gerados<\/strong> e <strong>451 toneladas de alimentos arrecadadas<\/strong>, o equivalente a <strong>34.692 cestas b\u00e1sicas<\/strong> destinadas a a\u00e7\u00f5es sociais em diversas regi\u00f5es do pa\u00eds.<\/p>\n\n\n\n<h3 class=\"wp-block-heading\">Plataforma de experi\u00eancias<\/h3>\n\n\n\n<p>A edi\u00e7\u00e3o comemorativa contou com <strong>15 patrocinadores e 5 parceiros<\/strong>, aumento de <strong>150%<\/strong> em rela\u00e7\u00e3o a 2023, al\u00e9m da entrada em <strong>12 novos segmentos de mercado<\/strong>. O projeto tamb\u00e9m recebeu reconhecimentos importantes, como o <strong>Pr\u00eamio Inspira Rio<\/strong> e o <strong>Pr\u00eamio Perse 2025<\/strong>, refor\u00e7ando sua relev\u00e2ncia cultural e econ\u00f4mica.<\/p>\n\n\n\n<h3 class=\"wp-block-heading\">Pr\u00f3ximo encontro j\u00e1 tem data<\/h3>\n\n\n\n<p>Com o fim da turn\u00ea de 10 anos, a Tardezinha inicia um novo ciclo. O retorno em <strong>2028<\/strong> j\u00e1 est\u00e1 confirmado e promete ampliar ainda mais um projeto que redefiniu os limites do entretenimento ao vivo no Brasil \u2014 e transformou o pagode em um dos maiores espet\u00e1culos do pa\u00eds.<\/p>\n\n\n\n<p>Fa\u00e7a para o site da cidadecult<\/p>\n\n\n\n<p><strong>Tardezinha confirma retorno em 2028 ap\u00f3s turn\u00ea hist\u00f3rica de 10 anos<\/strong><\/p>\n\n\n\n<p>A <strong>Tardezinha<\/strong>, projeto idealizado e comandado por <strong>Thiaguinho<\/strong>, anunciou oficialmente que voltar\u00e1 aos palcos em <strong>2028<\/strong>. A confirma\u00e7\u00e3o chega no momento de despedida da turn\u00ea comemorativa de <strong>10 anos<\/strong>, que entra para a hist\u00f3ria como a <strong>maior turn\u00ea do entretenimento ao vivo j\u00e1 realizada no Brasil<\/strong>.<\/p>\n\n\n\n<p>O an\u00fancio acontece ap\u00f3s apresenta\u00e7\u00f5es de grandes propor\u00e7\u00f5es, como o show que reuniu <strong>80 mil pessoas no Parque Ol\u00edmpico do Rio de Janeiro<\/strong>, e com encerramento marcado para <strong>20 de dezembro<\/strong>, no <strong>Aut\u00f3dromo de Interlagos<\/strong>, em S\u00e3o Paulo.<\/p>\n\n\n\n<h3 class=\"wp-block-heading\">Uma d\u00e9cada de recordes<\/h3>\n\n\n\n<p>A turn\u00ea de 10 anos da Tardezinha termina com <strong>907 mil pessoas no p\u00fablico total<\/strong>, n\u00famero <strong>21% maior<\/strong> que o registrado em 2023. Ao longo do projeto, foram <strong>185 horas de shows<\/strong>, com m\u00e9dia de <strong>6h15 de apresenta\u00e7\u00e3o por cidade<\/strong>, transformando cada edi\u00e7\u00e3o em uma experi\u00eancia de longa dura\u00e7\u00e3o e forte conex\u00e3o com o p\u00fablico.<\/p>\n\n\n\n<p>No total, a turn\u00ea percorreu <strong>53.500 quil\u00f4metros<\/strong>, sendo <strong>22.500 km em territ\u00f3rio nacional<\/strong> e <strong>31.000 km no exterior<\/strong>, dist\u00e2ncia que supera uma volta completa ao redor da Terra.<\/p>\n\n\n\n<h3 class=\"wp-block-heading\">For\u00e7a econ\u00f4mica e impacto social<\/h3>\n\n\n\n<p>Al\u00e9m de fen\u00f4meno cultural, a Tardezinha tamb\u00e9m se destaca pelo impacto econ\u00f4mico. O faturamento total chegou a <strong>R$ 305 milh\u00f5es<\/strong>, crescimento de <strong>22%<\/strong> em rela\u00e7\u00e3o \u00e0 edi\u00e7\u00e3o anterior. A receita foi distribu\u00edda entre bilheteria (51%), bar (25%), patroc\u00ednios (15%) e outras frentes (9%), com <strong>ticket m\u00e9dio de R$ 225<\/strong>.<\/p>\n\n\n\n<p>Entre as cidades, o <strong>Rio de Janeiro<\/strong> liderou em p\u00fablico, seguido por <strong>S\u00e3o Paulo, Belo Horizonte, Porto Alegre, Salvador e Campinas<\/strong>. J\u00e1 em faturamento, <strong>S\u00e3o Paulo<\/strong> ficou \u00e0 frente, seguida por <strong>Rio de Janeiro, Campinas e Belo Horizonte<\/strong>. Pra\u00e7as como <strong>Porto Alegre, Recife, Bel\u00e9m, Ribeir\u00e3o Preto e Niter\u00f3i<\/strong> apresentaram crescimento expressivo.<\/p>\n\n\n\n<p>O projeto tamb\u00e9m gerou <strong>110 mil empregos<\/strong> e arrecadou <strong>451 toneladas de alimentos<\/strong>, o equivalente a <strong>34.692 cestas b\u00e1sicas<\/strong>, destinadas a a\u00e7\u00f5es sociais em diferentes regi\u00f5es do pa\u00eds.<\/p>\n\n\n\n<h3 class=\"wp-block-heading\">Muito al\u00e9m dos shows<\/h3>\n\n\n\n<p>A edi\u00e7\u00e3o comemorativa reuniu <strong>15 patrocinadores e 5 parceiros<\/strong>, um aumento de <strong>150%<\/strong> em rela\u00e7\u00e3o a 2023, al\u00e9m da entrada em <strong>12 novos segmentos de mercado<\/strong>. A relev\u00e2ncia da Tardezinha foi reconhecida com pr\u00eamios como o <strong>Inspira Rio<\/strong> e o <strong>Perse 2025<\/strong>, que destacam seu impacto cultural, econ\u00f4mico e social.<\/p>\n\n\n\n<h3 class=\"wp-block-heading\">Contagem regressiva iniciada<\/h3>\n\n\n\n<p>Com o encerramento da turn\u00ea de 10 anos, a Tardezinha abre um novo cap\u00edtulo de sua trajet\u00f3ria. O retorno em <strong>2028<\/strong> j\u00e1 est\u00e1 confirmado e promete ampliar ainda mais um projeto que transformou o pagode em um dos maiores espet\u00e1culos do entretenimento ao vivo no Brasil.<\/p>\n","protected":false},"excerpt":{"rendered":"<p>Foto: Cr\u00e9dito BS Fotografias Depois de uma d\u00e9cada redefinindo o entretenimento ao vivo no Brasil, a Tardezinha j\u00e1 tem data marcada para voltar aos palcos. O projeto liderado por Thiaguinho anunciou oficialmente uma nova turn\u00ea em 2028, logo na reta final da edi\u00e7\u00e3o comemorativa de 10 anos, considerada a maior turn\u00ea da hist\u00f3ria do pa\u00eds. [&hellip;]<\/p>\n","protected":false},"author":1441,"featured_media":15605,"comment_status":"open","ping_status":"open","sticky":false,"template":"","format":"standard","meta":{"_monsterinsights_skip_tracking":false,"_monsterinsights_sitenote_active":false,"_monsterinsights_sitenote_note":"","_monsterinsights_sitenote_category":0,"footnotes":""},"categories":[54],"tags":[5564,5563],"class_list":["post-15604","post","type-post","status-publish","format-standard","has-post-thumbnail","hentry","category-brasil","tag-5564","tag-tardezinha"],"_links":{"self":[{"href":"https:\/\/cidadecult.com.br\/index.php?rest_route=\/wp\/v2\/posts\/15604","targetHints":{"allow":["GET"]}}],"collection":[{"href":"https:\/\/cidadecult.com.br\/index.php?rest_route=\/wp\/v2\/posts"}],"about":[{"href":"https:\/\/cidadecult.com.br\/index.php?rest_route=\/wp\/v2\/types\/post"}],"author":[{"embeddable":true,"href":"https:\/\/cidadecult.com.br\/index.php?rest_route=\/wp\/v2\/users\/1441"}],"replies":[{"embeddable":true,"href":"https:\/\/cidadecult.com.br\/index.php?rest_route=%2Fwp%2Fv2%2Fcomments&post=15604"}],"version-history":[{"count":1,"href":"https:\/\/cidadecult.com.br\/index.php?rest_route=\/wp\/v2\/posts\/15604\/revisions"}],"predecessor-version":[{"id":15606,"href":"https:\/\/cidadecult.com.br\/index.php?rest_route=\/wp\/v2\/posts\/15604\/revisions\/15606"}],"wp:featuredmedia":[{"embeddable":true,"href":"https:\/\/cidadecult.com.br\/index.php?rest_route=\/wp\/v2\/media\/15605"}],"wp:attachment":[{"href":"https:\/\/cidadecult.com.br\/index.php?rest_route=%2Fwp%2Fv2%2Fmedia&parent=15604"}],"wp:term":[{"taxonomy":"category","embeddable":true,"href":"https:\/\/cidadecult.com.br\/index.php?rest_route=%2Fwp%2Fv2%2Fcategories&post=15604"},{"taxonomy":"post_tag","embeddable":true,"href":"https:\/\/cidadecult.com.br\/index.php?rest_route=%2Fwp%2Fv2%2Ftags&post=15604"}],"curies":[{"name":"wp","href":"https:\/\/api.w.org\/{rel}","templated":true}]}}