{"id":15385,"date":"2025-12-07T13:18:33","date_gmt":"2025-12-07T16:18:33","guid":{"rendered":"https:\/\/cidadecult.com.br\/?p=15385"},"modified":"2025-12-07T13:18:35","modified_gmt":"2025-12-07T16:18:35","slug":"paula-torres-celebra-o-fim-de-ano-no-iguatemi-brasilia-e-revela-colecao-em-collab-com-carol-bassi","status":"publish","type":"post","link":"https:\/\/cidadecult.com.br\/?p=15385","title":{"rendered":"Paula Torres celebra o fim de ano no Iguatemi Bras\u00edlia e revela cole\u00e7\u00e3o em collab com Carol Bassi"},"content":{"rendered":"\n<p><em>Foto\/divulga\u00e7\u00e3o<\/em><\/p>\n\n\n\n<p>A grife Paula Torres promoveu, nesta semana, um encontro exclusivo no Iguatemi Bras\u00edlia para marcar o encerramento do ano e apresentar a nova cole\u00e7\u00e3o criada em colabora\u00e7\u00e3o com a estilista Carol Bassi. A experi\u00eancia reuniu um grupo seleto de clientes para um almo\u00e7o especial seguido de um bate-papo com Andrea Furco, do Passaporte Fashionista, que antecipou as tend\u00eancias de moda para 2026.<\/p>\n\n\n\n<p>Ap\u00f3s o almo\u00e7o, as convidadas foram recebidas na loja da marca para um coquetel intimista, onde conheceram de perto as pe\u00e7as da cole\u00e7\u00e3o. A proposta une a eleg\u00e2ncia atemporal da Paula Torres ao olhar contempor\u00e2neo de Carol Bassi, refor\u00e7ando a versatilidade e a sofistica\u00e7\u00e3o que marcam o trabalho de ambas.<\/p>\n\n\n\n<p>O evento foi pensado como um momento de celebra\u00e7\u00e3o: um rito de passagem que combina novas cria\u00e7\u00f5es, troca de experi\u00eancias e a energia inspiradora que acompanha o in\u00edcio de um novo ciclo. A iniciativa tamb\u00e9m refor\u00e7a o compromisso da Paula Torres em construir conex\u00f5es genu\u00ednas com seu p\u00fablico, oferecendo viv\u00eancias que v\u00e3o al\u00e9m do vestu\u00e1rio.<\/p>\n\n\n\n<p>Para o Iguatemi Bras\u00edlia, a a\u00e7\u00e3o traduz o esp\u00edrito acolhedor e criativo que o shopping busca incentivar. Como destaca Bianca Marinho, gerente de marketing do empreendimento, encontros assim valorizam o estilo como express\u00e3o cotidiana e aproximam ainda mais o p\u00fablico das marcas que comp\u00f5em o espa\u00e7o.<\/p>\n\n\n\n<p>Com essa collab marcante e um encerramento de ano cheio de estilo, o Iguatemi Bras\u00edlia refor\u00e7a seu papel como polo de moda, conviv\u00eancia e experi\u00eancias que inspiram.<\/p>\n","protected":false},"excerpt":{"rendered":"<p>Foto\/divulga\u00e7\u00e3o A grife Paula Torres promoveu, nesta semana, um encontro exclusivo no Iguatemi Bras\u00edlia para marcar o encerramento do ano e apresentar a nova cole\u00e7\u00e3o criada em colabora\u00e7\u00e3o com a estilista Carol Bassi. A experi\u00eancia reuniu um grupo seleto de clientes para um almo\u00e7o especial seguido de um bate-papo com Andrea Furco, do Passaporte Fashionista, [&hellip;]<\/p>\n","protected":false},"author":1441,"featured_media":15386,"comment_status":"open","ping_status":"open","sticky":false,"template":"","format":"standard","meta":{"_monsterinsights_skip_tracking":false,"_monsterinsights_sitenote_active":false,"_monsterinsights_sitenote_note":"","_monsterinsights_sitenote_category":0,"footnotes":""},"categories":[17],"tags":[],"class_list":["post-15385","post","type-post","status-publish","format-standard","has-post-thumbnail","hentry","category-bsb"],"_links":{"self":[{"href":"https:\/\/cidadecult.com.br\/index.php?rest_route=\/wp\/v2\/posts\/15385","targetHints":{"allow":["GET"]}}],"collection":[{"href":"https:\/\/cidadecult.com.br\/index.php?rest_route=\/wp\/v2\/posts"}],"about":[{"href":"https:\/\/cidadecult.com.br\/index.php?rest_route=\/wp\/v2\/types\/post"}],"author":[{"embeddable":true,"href":"https:\/\/cidadecult.com.br\/index.php?rest_route=\/wp\/v2\/users\/1441"}],"replies":[{"embeddable":true,"href":"https:\/\/cidadecult.com.br\/index.php?rest_route=%2Fwp%2Fv2%2Fcomments&post=15385"}],"version-history":[{"count":1,"href":"https:\/\/cidadecult.com.br\/index.php?rest_route=\/wp\/v2\/posts\/15385\/revisions"}],"predecessor-version":[{"id":15387,"href":"https:\/\/cidadecult.com.br\/index.php?rest_route=\/wp\/v2\/posts\/15385\/revisions\/15387"}],"wp:featuredmedia":[{"embeddable":true,"href":"https:\/\/cidadecult.com.br\/index.php?rest_route=\/wp\/v2\/media\/15386"}],"wp:attachment":[{"href":"https:\/\/cidadecult.com.br\/index.php?rest_route=%2Fwp%2Fv2%2Fmedia&parent=15385"}],"wp:term":[{"taxonomy":"category","embeddable":true,"href":"https:\/\/cidadecult.com.br\/index.php?rest_route=%2Fwp%2Fv2%2Fcategories&post=15385"},{"taxonomy":"post_tag","embeddable":true,"href":"https:\/\/cidadecult.com.br\/index.php?rest_route=%2Fwp%2Fv2%2Ftags&post=15385"}],"curies":[{"name":"wp","href":"https:\/\/api.w.org\/{rel}","templated":true}]}}