{"id":15382,"date":"2025-12-07T13:14:03","date_gmt":"2025-12-07T16:14:03","guid":{"rendered":"https:\/\/cidadecult.com.br\/?p=15382"},"modified":"2025-12-07T13:14:05","modified_gmt":"2025-12-07T16:14:05","slug":"chitaozinho-xororo-ganham-album-tributo-ao-vivo-do-32o-premio-btg-pactual-da-musica-brasileira","status":"publish","type":"post","link":"https:\/\/cidadecult.com.br\/?p=15382","title":{"rendered":"Chit\u00e3ozinho &#038; Xoror\u00f3 ganham \u00e1lbum-tributo ao vivo do 32\u00ba Pr\u00eamio BTG Pactual da M\u00fasica Brasileira"},"content":{"rendered":"\n<p><em>Foto\/divulga\u00e7\u00e3o<\/em><\/p>\n\n\n\n<p>A consagrada dupla <strong>Chit\u00e3ozinho &amp; Xoror\u00f3<\/strong> acaba de ganhar um \u00e1lbum-tributo ao vivo que eterniza a noite hist\u00f3rica do <strong>32\u00ba Pr\u00eamio BTG Pactual da M\u00fasica Brasileira<\/strong>, realizado em 4 de junho de 2025, no Theatro Municipal do Rio de Janeiro. O registro, lan\u00e7ado em parceria com a gravadora <strong>Biscoito Fino<\/strong>, j\u00e1 est\u00e1 dispon\u00edvel nas plataformas digitais e re\u00fane <strong>17 faixas<\/strong> que celebram cinco d\u00e9cadas de influ\u00eancia da dupla na m\u00fasica sertaneja.<\/p>\n\n\n\n<h3 class=\"wp-block-heading\"><strong>Uma homenagem \u00e0 altura da hist\u00f3ria sertaneja<\/strong><\/h3>\n\n\n\n<p>O espet\u00e1culo, que teve o sertanejo como tema pela primeira vez na premia\u00e7\u00e3o, trouxe interpreta\u00e7\u00f5es de diferentes gera\u00e7\u00f5es da m\u00fasica brasileira. Subiram ao palco artistas como <strong>Sandy, Junior, Jo\u00e3o Bosco, F\u00e1bio Jr., Vanessa da Mata, Jo\u00e3o Gomes, Agnes Nunes, Carol Biazin, Bruna Viola, Mayck &amp; Lyan, Mestrinho, Hamilton de Holanda, Os Garotin<\/strong>, entre outros nomes que dialogam diretamente com a diversidade do pa\u00eds.<\/p>\n\n\n\n<p>O repert\u00f3rio, cuidadosamente selecionado, destacou a pot\u00eancia cultural dos homenageados e a capacidade do sertanejo de atravessar d\u00e9cadas mantendo a conex\u00e3o com o p\u00fablico.<\/p>\n\n\n\n<h3 class=\"wp-block-heading\"><strong>O sertanejo no Theatro Municipal<\/strong><\/h3>\n\n\n\n<p>Sob dire\u00e7\u00e3o de <strong>Z\u00e9 Maur\u00edcio Machline<\/strong> e <strong>Giovanna Machline<\/strong>, a cerim\u00f4nia tamb\u00e9m celebrou profissionais do cen\u00e1rio musical que se destacaram ao longo de 2024. Mas foi o pr\u00f3prio palco do Theatro Municipal que marcou o simbolismo da noite: um espa\u00e7o hist\u00f3rico recebendo, em grande estilo, um g\u00eanero que sempre caminhou entre tradi\u00e7\u00e3o e modernidade \u2014 marca essencial de Chit\u00e3ozinho &amp; Xoror\u00f3.<\/p>\n\n\n\n<p>Com arranjos assinados por <strong>Cl\u00e1udio Paladini<\/strong>, o \u00e1lbum preserva o clima vibrante da apresenta\u00e7\u00e3o, acompanhado por um time musical de destaque: <strong>Cesinha (bateria), Alex Mesquita (baixo), Gustavo Pereira e Adilson Pascoalini (viol\u00e3o e guitarra), Guiza Ribeiro (guitarra), Armando Mar\u00e7al (percuss\u00e3o)<\/strong> e <strong>Toninho Ferraguti (acordeon)<\/strong>.<\/p>\n\n\n\n<h3 class=\"wp-block-heading\"><strong>Faixas do \u00e1lbum<\/strong><\/h3>\n\n\n\n<ul class=\"wp-block-list\">\n<li><em>Tristeza do Jeca<\/em> \u2014 Mestrinho feat. Carol Biazin<\/li>\n\n\n\n<li><em>60 Dias Apaixonado<\/em> \u2014 Bruna Viola, Mayck &amp; Lyan, Mestrinho<\/li>\n\n\n\n<li><em>Caipira<\/em> \u2014 Bruna Viola, Mayck &amp; Lyan, Mestrinho feat. Carol Biazin<\/li>\n\n\n\n<li><em>Cora\u00e7\u00e3o Sertanejo<\/em> \u2014 Bruna Viola, Mayck &amp; Lyan, Mestrinho feat. Carol Biazin<\/li>\n\n\n\n<li><em>Chovendo na Roseira<\/em> \u2014 Bruna Viola, Hamilton de Holanda, Mayck &amp; Lyan, Mestrinho feat. Carol Biazin<\/li>\n\n\n\n<li><em>Luar do Sert\u00e3o<\/em> \u2014 Bruna Viola, Hamilton de Holanda, Mayck &amp; Lyan, Mestrinho feat. Carol Biazin<\/li>\n\n\n\n<li><em>Chit\u00e3ozinho &amp; Xoror\u00f3<\/em> \u2014 Bruna Viola, Hamilton de Holanda, Mayck &amp; Lyan, Mestrinho feat. Carol Biazin<\/li>\n\n\n\n<li><em>Galopeira<\/em> \u2014 Fitti<\/li>\n\n\n\n<li><em>V\u00e1 Pro Inferno Com Seu Amor<\/em> \u2014 Fitti feat. Vanessa da Mata<\/li>\n\n\n\n<li><em>Fio de Cabelo<\/em> \u2014 Mayck &amp; Lyan feat. Jo\u00e3o Gomes<\/li>\n\n\n\n<li><em>Menino da Porteira<\/em> \u2014 Mayck &amp; Lyan feat. Jo\u00e3o Gomes<\/li>\n\n\n\n<li><em>Fog\u00e3o de Lenha<\/em> \u2014 Agnes Nunes feat. F\u00e1bio Jr.<\/li>\n\n\n\n<li><em>No Rancho Fundo<\/em> \u2014 Jo\u00e3o Bosco, Mestrinho, Sandy<\/li>\n\n\n\n<li><em>Nuvem de L\u00e1grimas<\/em> \u2014 Lauana Prado feat. Lenine<\/li>\n\n\n\n<li><em>Sin\u00f4nimos<\/em> \u2014 Junior feat. Os Garotin<\/li>\n\n\n\n<li><em>Saudade da Minha Terra<\/em> \u2014 Chit\u00e3ozinho &amp; Xoror\u00f3 feat. Fam\u00edlia Lima<\/li>\n\n\n\n<li><em>Se Deus Me Ouvisse<\/em> \u2014 Chit\u00e3ozinho &amp; Xoror\u00f3 feat. Fam\u00edlia Lima<\/li>\n\n\n\n<li><em>Pura Emo\u00e7\u00e3o<\/em> \u2014 Chit\u00e3ozinho &amp; Xoror\u00f3, Alisson Lima, Enrico feat. Fam\u00edlia Lima<\/li>\n<\/ul>\n\n\n\n<h3 class=\"wp-block-heading\"><strong>Sobre o Pr\u00eamio BTG Pactual da M\u00fasica Brasileira<\/strong><\/h3>\n\n\n\n<p>Criado em 1987, o Pr\u00eamio \u00e9 uma das principais celebra\u00e7\u00f5es da m\u00fasica brasileira, reconhecendo artistas, compositores e profissionais que constroem e impulsionam o cen\u00e1rio musical do pa\u00eds. Al\u00e9m da premia\u00e7\u00e3o anual, o projeto desenvolve iniciativas como <strong>Te Vejo no Palco<\/strong>, <strong>M\u00fasica \u00e9 Neg\u00f3cio<\/strong>, <strong>Por Acaso<\/strong> e <strong>Casa PMB<\/strong>, aproximando criadores e p\u00fablico por meio de experi\u00eancias musicais diversas.<\/p>\n","protected":false},"excerpt":{"rendered":"<p>Foto\/divulga\u00e7\u00e3o A consagrada dupla Chit\u00e3ozinho &amp; Xoror\u00f3 acaba de ganhar um \u00e1lbum-tributo ao vivo que eterniza a noite hist\u00f3rica do 32\u00ba Pr\u00eamio BTG Pactual da M\u00fasica Brasileira, realizado em 4 de junho de 2025, no Theatro Municipal do Rio de Janeiro. O registro, lan\u00e7ado em parceria com a gravadora Biscoito Fino, j\u00e1 est\u00e1 dispon\u00edvel nas [&hellip;]<\/p>\n","protected":false},"author":1441,"featured_media":15383,"comment_status":"open","ping_status":"open","sticky":false,"template":"","format":"standard","meta":{"_monsterinsights_skip_tracking":false,"_monsterinsights_sitenote_active":false,"_monsterinsights_sitenote_note":"","_monsterinsights_sitenote_category":0,"footnotes":""},"categories":[6],"tags":[],"class_list":["post-15382","post","type-post","status-publish","format-standard","has-post-thumbnail","hentry","category-music"],"_links":{"self":[{"href":"https:\/\/cidadecult.com.br\/index.php?rest_route=\/wp\/v2\/posts\/15382","targetHints":{"allow":["GET"]}}],"collection":[{"href":"https:\/\/cidadecult.com.br\/index.php?rest_route=\/wp\/v2\/posts"}],"about":[{"href":"https:\/\/cidadecult.com.br\/index.php?rest_route=\/wp\/v2\/types\/post"}],"author":[{"embeddable":true,"href":"https:\/\/cidadecult.com.br\/index.php?rest_route=\/wp\/v2\/users\/1441"}],"replies":[{"embeddable":true,"href":"https:\/\/cidadecult.com.br\/index.php?rest_route=%2Fwp%2Fv2%2Fcomments&post=15382"}],"version-history":[{"count":1,"href":"https:\/\/cidadecult.com.br\/index.php?rest_route=\/wp\/v2\/posts\/15382\/revisions"}],"predecessor-version":[{"id":15384,"href":"https:\/\/cidadecult.com.br\/index.php?rest_route=\/wp\/v2\/posts\/15382\/revisions\/15384"}],"wp:featuredmedia":[{"embeddable":true,"href":"https:\/\/cidadecult.com.br\/index.php?rest_route=\/wp\/v2\/media\/15383"}],"wp:attachment":[{"href":"https:\/\/cidadecult.com.br\/index.php?rest_route=%2Fwp%2Fv2%2Fmedia&parent=15382"}],"wp:term":[{"taxonomy":"category","embeddable":true,"href":"https:\/\/cidadecult.com.br\/index.php?rest_route=%2Fwp%2Fv2%2Fcategories&post=15382"},{"taxonomy":"post_tag","embeddable":true,"href":"https:\/\/cidadecult.com.br\/index.php?rest_route=%2Fwp%2Fv2%2Ftags&post=15382"}],"curies":[{"name":"wp","href":"https:\/\/api.w.org\/{rel}","templated":true}]}}