{"id":15357,"date":"2025-12-05T09:51:01","date_gmt":"2025-12-05T12:51:01","guid":{"rendered":"https:\/\/cidadecult.com.br\/?p=15357"},"modified":"2025-12-05T09:51:39","modified_gmt":"2025-12-05T12:51:39","slug":"alvorada-business-awards-estreia-e-consolida-nova-premiacao-do-empreendedorismo-brasiliense","status":"publish","type":"post","link":"https:\/\/cidadecult.com.br\/?p=15357","title":{"rendered":"Alvorada Business Awards estreia e consolida nova premia\u00e7\u00e3o do empreendedorismo brasiliense"},"content":{"rendered":"\n<p><em>Foto: Renato Braga<\/em><\/p>\n\n\n\n<p>O empreendedorismo do Distrito Federal ganhou um novo destaque com a primeira edi\u00e7\u00e3o do <strong>Alvorada Business Awards<\/strong>, realizada na \u00faltima ter\u00e7a-feira (2), no Olivier Hall. O evento reuniu cerca de <strong>400 pessoas<\/strong> para celebrar empresas, lideran\u00e7as e iniciativas que fortalecem o desenvolvimento econ\u00f4mico da capital.<\/p>\n\n\n\n<p>Em sua estreia, a premia\u00e7\u00e3o mostrou for\u00e7a e ades\u00e3o, posicionando-se rapidamente como <strong>parte do calend\u00e1rio oficial do empreendedorismo brasiliense<\/strong>. Representantes de diversos setores, investidores, comunicadores e lideran\u00e7as do ecossistema de neg\u00f3cios estiveram presentes, refor\u00e7ando o clima de colabora\u00e7\u00e3o que marca a atual fase da cidade.<\/p>\n\n\n\n<p>Idealizado por um <strong>conselho independente de empres\u00e1rios<\/strong> e organizado pela <strong>Fraternidade MBAR<\/strong>, o Alvorada se destaca pela transpar\u00eancia: <strong>n\u00e3o h\u00e1 custos para indicados, apadrinhamentos ou v\u00ednculos pol\u00edticos<\/strong>. A sele\u00e7\u00e3o contou com cerca de 120 nomes distribu\u00eddos em 11 categorias, com vota\u00e7\u00e3o popular auditada.<\/p>\n\n\n\n<h3 class=\"wp-block-heading\"><strong>Confira os vencedores da primeira edi\u00e7\u00e3o<\/strong><\/h3>\n\n\n\n<p>A premia\u00e7\u00e3o destacou diferentes segmentos do empreendedorismo local:<\/p>\n\n\n\n<ul class=\"wp-block-list\">\n<li><strong>Com\u00e9rcio:<\/strong> Bruna Habka \u2014 Big Box<\/li>\n\n\n\n<li><strong>Desenvolvimento Empresarial:<\/strong> Giovanni Santos<\/li>\n\n\n\n<li><strong>Educa\u00e7\u00e3o:<\/strong> Pedro Helou \u2014 Verbalize<\/li>\n\n\n\n<li><strong>Empreendedorismo Feminino:<\/strong> Patr\u00edcia Calmon \u2014 Pastelaria Vi\u00e7osa<\/li>\n\n\n\n<li><strong>Gastronomia:<\/strong> Alexandre Geleia \u2014 Geleia Burger<\/li>\n\n\n\n<li><strong>Incentivo ao Empreendedorismo:<\/strong> Rose Rainha \u2014 Sebrae<\/li>\n\n\n\n<li><strong>Impacto Social:<\/strong> Alexandre Alarc\u00e3o \u2014 Abrace<\/li>\n\n\n\n<li><strong>Inova\u00e7\u00e3o e Tecnologia:<\/strong> Eraldo Queiroz \u2014 Futurize<\/li>\n\n\n\n<li><strong>Imprensa:<\/strong> Paula Santana \u2014 GPS Bras\u00edlia<\/li>\n\n\n\n<li><strong>Servi\u00e7os:<\/strong> Stenio Ponte \u2014 Otorrino DF<\/li>\n\n\n\n<li><strong>Wellness:<\/strong> Willian Resende \u2014 World Gym<\/li>\n<\/ul>\n\n\n\n<h3 class=\"wp-block-heading\"><strong>Tribuna de Honra<\/strong><\/h3>\n\n\n\n<p>A noite tamb\u00e9m celebrou personalidades que desempenham pap\u00e9is fundamentais no desenvolvimento do DF. Foram homenageados:<br><strong>Almir Lopes<\/strong>, <strong>Denise Zuba<\/strong>, <strong>Eda Coutinho<\/strong>, <strong>Eduardo Gallo<\/strong>, <strong>Fernando Brites<\/strong>, <strong>Fred Paiva<\/strong> e <strong>Raul Canal<\/strong> \u2014 nomes que contribuem diretamente para o legado empresarial e cultural da capital.<\/p>\n\n\n\n<h3 class=\"wp-block-heading\"><strong>Um evento que reflete o novo momento de Bras\u00edlia<\/strong><\/h3>\n\n\n\n<p>Para o idealizador <strong>Rodrigo Canal<\/strong>, o sucesso da noite comprova a energia do novo ciclo empreendedor da cidade:<br>\u201cBras\u00edlia vive um novo ciclo de empreendedorismo, feito por pessoas que acreditam na cidade e trabalham todos os dias para que ela avance.\u201d<\/p>\n\n\n\n<p>Ele tamb\u00e9m destacou um fato marcante: o evento foi desenvolvido em <strong>apenas 32 dias<\/strong>, por uma equipe de cinco pessoas em dedica\u00e7\u00e3o total.<\/p>\n\n\n\n<p><strong>Giuseppe Bandeira<\/strong>, fundador da Fraternidade MBAR, refor\u00e7ou a ideia de uni\u00e3o:<br>\u201cO ecossistema empreendedor de Bras\u00edlia \u00e9 potente e inovador. Criamos o Alvorada para honrar essas trajet\u00f3rias e mostrar que, quando empres\u00e1rios se unem, a cidade inteira prospera.\u201d<\/p>\n\n\n\n<h3 class=\"wp-block-heading\"><strong>Olivier Hall estreia no circuito corporativo<\/strong><\/h3>\n\n\n\n<p>A primeira edi\u00e7\u00e3o marcou ainda o lan\u00e7amento do <strong>Olivier Hall<\/strong> como espa\u00e7o para eventos corporativos. Tradicionalmente voltado para celebra\u00e7\u00f5es sociais, o local agora se apresenta como mais uma op\u00e7\u00e3o de alto padr\u00e3o para conven\u00e7\u00f5es, premia\u00e7\u00f5es e encontros empresariais na capital.<\/p>\n\n\n\n<h3 class=\"wp-block-heading\"><strong>Sobre o Alvorada Business Awards<\/strong><\/h3>\n\n\n\n<p>O Alvorada Business Awards \u00e9 uma iniciativa independente dedicada a reconhecer empresas, lideran\u00e7as e projetos que contribuem de forma ativa para o desenvolvimento do Distrito Federal. Com curadoria empresarial, vota\u00e7\u00e3o popular auditada e homenagens a personalidades hist\u00f3ricas, a premia\u00e7\u00e3o se consolida rapidamente como um <strong>novo marco no calend\u00e1rio econ\u00f4mico da capital<\/strong>, celebrando o protagonismo e a for\u00e7a empreendedora de Bras\u00edlia.<\/p>\n","protected":false},"excerpt":{"rendered":"<p>Foto: Renato Braga O empreendedorismo do Distrito Federal ganhou um novo destaque com a primeira edi\u00e7\u00e3o do Alvorada Business Awards, realizada na \u00faltima ter\u00e7a-feira (2), no Olivier Hall. O evento reuniu cerca de 400 pessoas para celebrar empresas, lideran\u00e7as e iniciativas que fortalecem o desenvolvimento econ\u00f4mico da capital. Em sua estreia, a premia\u00e7\u00e3o mostrou for\u00e7a [&hellip;]<\/p>\n","protected":false},"author":1441,"featured_media":15358,"comment_status":"open","ping_status":"open","sticky":false,"template":"","format":"standard","meta":{"_monsterinsights_skip_tracking":false,"_monsterinsights_sitenote_active":false,"_monsterinsights_sitenote_note":"","_monsterinsights_sitenote_category":0,"footnotes":""},"categories":[17],"tags":[5508,1790],"class_list":["post-15357","post","type-post","status-publish","format-standard","has-post-thumbnail","hentry","category-bsb","tag-alvoradabusinessawards","tag-estreia-2"],"_links":{"self":[{"href":"https:\/\/cidadecult.com.br\/index.php?rest_route=\/wp\/v2\/posts\/15357","targetHints":{"allow":["GET"]}}],"collection":[{"href":"https:\/\/cidadecult.com.br\/index.php?rest_route=\/wp\/v2\/posts"}],"about":[{"href":"https:\/\/cidadecult.com.br\/index.php?rest_route=\/wp\/v2\/types\/post"}],"author":[{"embeddable":true,"href":"https:\/\/cidadecult.com.br\/index.php?rest_route=\/wp\/v2\/users\/1441"}],"replies":[{"embeddable":true,"href":"https:\/\/cidadecult.com.br\/index.php?rest_route=%2Fwp%2Fv2%2Fcomments&post=15357"}],"version-history":[{"count":1,"href":"https:\/\/cidadecult.com.br\/index.php?rest_route=\/wp\/v2\/posts\/15357\/revisions"}],"predecessor-version":[{"id":15359,"href":"https:\/\/cidadecult.com.br\/index.php?rest_route=\/wp\/v2\/posts\/15357\/revisions\/15359"}],"wp:featuredmedia":[{"embeddable":true,"href":"https:\/\/cidadecult.com.br\/index.php?rest_route=\/wp\/v2\/media\/15358"}],"wp:attachment":[{"href":"https:\/\/cidadecult.com.br\/index.php?rest_route=%2Fwp%2Fv2%2Fmedia&parent=15357"}],"wp:term":[{"taxonomy":"category","embeddable":true,"href":"https:\/\/cidadecult.com.br\/index.php?rest_route=%2Fwp%2Fv2%2Fcategories&post=15357"},{"taxonomy":"post_tag","embeddable":true,"href":"https:\/\/cidadecult.com.br\/index.php?rest_route=%2Fwp%2Fv2%2Ftags&post=15357"}],"curies":[{"name":"wp","href":"https:\/\/api.w.org\/{rel}","templated":true}]}}