{"id":15318,"date":"2025-12-04T10:43:11","date_gmt":"2025-12-04T13:43:11","guid":{"rendered":"https:\/\/cidadecult.com.br\/?p=15318"},"modified":"2025-12-04T10:43:14","modified_gmt":"2025-12-04T13:43:14","slug":"popcon-lanca-beach-life-no-canal-e-em-parceria-com-a-nbcuniversal","status":"publish","type":"post","link":"https:\/\/cidadecult.com.br\/?p=15318","title":{"rendered":"POPCON lan\u00e7a Beach Life no Canal E! em parceria com a NBCUniversal"},"content":{"rendered":"\n<p><em>Foto\/divulga\u00e7\u00e3o<\/em><\/p>\n\n\n\n<p>A praia como cen\u00e1rio de hist\u00f3rias, encontros e estilos de vida \u00e9 o ponto de partida de <em>Beach Life<\/em>, a nova s\u00e9rie da POPCON em coprodu\u00e7\u00e3o com a NBCUniversal. A estreia acontece no <strong>dia 05 de dezembro<\/strong>, no <strong>Canal E!<\/strong>, e, no dia seguinte, a produ\u00e7\u00e3o chega ao <strong>Universal+<\/strong> nas plataformas Prime Video, Claro TV+, Vivo Play, UOL Play e Meli+.<\/p>\n\n\n\n<p>Dirigida e produzida por <strong>Tatiana Quintella<\/strong>, <em>Beach Life<\/em> \u00e9 apresentada por <strong>Monique Alfradique<\/strong>, que conduz conversas com artistas, chefs, influenciadores e personalidades que compartilham suas viv\u00eancias e rela\u00e7\u00f5es com o litoral carioca \u2014 sempre de forma leve, curiosa e inspiradora.<\/p>\n\n\n\n<h2 class=\"wp-block-heading\"><strong>Uma s\u00e9rie que celebra o lifestyle praiano<\/strong><\/h2>\n\n\n\n<p>Ao longo de seis epis\u00f3dios, Monique mergulha em diferentes recortes da cultura de praia: dos rituais cariocas \u00e0s aventuras esportivas, passando pelo turismo, pelas ra\u00edzes afetivas e at\u00e9 pelas formas mais luxuosas de viver o clima mar\u00edtimo.<\/p>\n\n\n\n<h3 class=\"wp-block-heading\"><strong>Epis\u00f3dio 1 \u2013 Ratos de Praia (05\/12)<\/strong><\/h3>\n\n\n\n<p>Com mate gelado e biscoito de polvilho, Monique conversa com <strong>Rainer Cadete, Narcisa Tamborindeguy, Lenny Niemeyer, K\u00e1tia Barbosa<\/strong> e <strong>Carol Peixinho<\/strong> para entender como aproveitar a praia com estilo \u2014 da manh\u00e3 \u00e0 noite.<\/p>\n\n\n\n<h3 class=\"wp-block-heading\"><strong>Epis\u00f3dio 2 \u2013 Turistas (12\/12)<\/strong><\/h3>\n\n\n\n<p>O carioca de cora\u00e7\u00e3o tamb\u00e9m tem seu lugar na s\u00e9rie. <strong>Milton Cunha<\/strong> e <strong>Paulo Rocha<\/strong> falam sobre suas conex\u00f5es com o Rio, em um epis\u00f3dio que inclui visita ao barrac\u00e3o da Grande Rio e m\u00fasica com o <strong>DJ Felipe Mar<\/strong>.<\/p>\n\n\n\n<h3 class=\"wp-block-heading\"><strong>Epis\u00f3dio 3 \u2013 Esporte (19\/12)<\/strong><\/h3>\n\n\n\n<p>A rotina esportiva nas areias ganha destaque. Monique encontra <strong>Klebber Toledo<\/strong> na Prainha, joga v\u00f4lei com <strong>Carol Solberg<\/strong>, faz futev\u00f4lei na Praia do Leblon e treina com <strong>Chico Salgado<\/strong>. O epis\u00f3dio ainda traz gastronomia com a chef <strong>Tati Lundi<\/strong> e sa\u00fade com a endocrinologista <strong>Isabella Bussade<\/strong>.<\/p>\n\n\n\n<h3 class=\"wp-block-heading\"><strong>Epis\u00f3dio 4 \u2013 Perto de Casa (26\/12)<\/strong><\/h3>\n\n\n\n<p>Monique retorna \u00e0s origens em Niter\u00f3i, ao lado da m\u00e3e, <strong>Erenice Alfradique<\/strong>, e do antrop\u00f3logo <strong>Anderson Tibau<\/strong>. O epis\u00f3dio mostra praias como Camboinhas e Itacoatiara e traz a participa\u00e7\u00e3o da atriz <strong>Nat\u00e1lia Lage<\/strong>.<\/p>\n\n\n\n<h3 class=\"wp-block-heading\"><strong>Epis\u00f3dio 5 \u2013 Aventureiros (02\/01\/2026)<\/strong><\/h3>\n\n\n\n<p>Trilhas, mergulhos e pedaladas fazem parte da jornada com <strong>Dudu Azevedo<\/strong> e <strong>Claude Troisgros<\/strong>, al\u00e9m de uma aula de nata\u00e7\u00e3o no mar com <strong>B\u00e1rbara Valente<\/strong>. O cantor <strong>Mumuzinho<\/strong> e sua esposa <strong>Tain\u00e1<\/strong> fecham o epis\u00f3dio com hist\u00f3rias de viagem.<\/p>\n\n\n\n<h3 class=\"wp-block-heading\"><strong>Epis\u00f3dio 6 \u2013 Praieiro de Luxo (09\/01\/2026)<\/strong><\/h3>\n\n\n\n<p>Aqui, o foco \u00e9 o prazer do tempo, do cuidado e das boas conversas. Monique recebe <strong>Nany People, Ana Furtado, Gabriela Loran<\/strong> e <strong>Luiza Brasil<\/strong> em encontros fora da areia, mas totalmente conectados ao lifestyle carioca.<\/p>\n\n\n\n<h2 class=\"wp-block-heading\"><strong>As mulheres por tr\u00e1s do projeto<\/strong><\/h2>\n\n\n\n<h3 class=\"wp-block-heading\"><strong>Monique Alfradique<\/strong><\/h3>\n\n\n\n<p>Com trajet\u00f3ria consolidada na TV, no teatro e no cinema, Monique une carisma e versatilidade em mais uma produ\u00e7\u00e3o que destaca sua for\u00e7a como apresentadora e comunicadora.<\/p>\n\n\n\n<h3 class=\"wp-block-heading\"><strong>Tatiana Quintella<\/strong><\/h3>\n\n\n\n<p>Produtora e diretora, Tatiana \u00e9 refer\u00eancia no audiovisual brasileiro e fundadora da POPCON. Com experi\u00eancia em grandes est\u00fadios e uma lista extensa de projetos com players internacionais, ela assina a dire\u00e7\u00e3o e a produ\u00e7\u00e3o de <em>Beach Life<\/em>.<\/p>\n\n\n\n<h2 class=\"wp-block-heading\"><strong>Uma parceria que fortalece o audiovisual brasileiro<\/strong><\/h2>\n\n\n\n<p>Com a uni\u00e3o entre POPCON e NBCUniversal, <em>Beach Life<\/em> amplia o cat\u00e1logo de produ\u00e7\u00f5es originais realizadas no pa\u00eds e reafirma o potencial criativo do mercado nacional para TV e plataformas.<\/p>\n","protected":false},"excerpt":{"rendered":"<p>Foto\/divulga\u00e7\u00e3o A praia como cen\u00e1rio de hist\u00f3rias, encontros e estilos de vida \u00e9 o ponto de partida de Beach Life, a nova s\u00e9rie da POPCON em coprodu\u00e7\u00e3o com a NBCUniversal. A estreia acontece no dia 05 de dezembro, no Canal E!, e, no dia seguinte, a produ\u00e7\u00e3o chega ao Universal+ nas plataformas Prime Video, Claro [&hellip;]<\/p>\n","protected":false},"author":1441,"featured_media":15319,"comment_status":"open","ping_status":"open","sticky":false,"template":"","format":"standard","meta":{"_monsterinsights_skip_tracking":false,"_monsterinsights_sitenote_active":false,"_monsterinsights_sitenote_note":"","_monsterinsights_sitenote_category":0,"footnotes":""},"categories":[1],"tags":[],"class_list":["post-15318","post","type-post","status-publish","format-standard","has-post-thumbnail","hentry","category-sem-categoria"],"_links":{"self":[{"href":"https:\/\/cidadecult.com.br\/index.php?rest_route=\/wp\/v2\/posts\/15318","targetHints":{"allow":["GET"]}}],"collection":[{"href":"https:\/\/cidadecult.com.br\/index.php?rest_route=\/wp\/v2\/posts"}],"about":[{"href":"https:\/\/cidadecult.com.br\/index.php?rest_route=\/wp\/v2\/types\/post"}],"author":[{"embeddable":true,"href":"https:\/\/cidadecult.com.br\/index.php?rest_route=\/wp\/v2\/users\/1441"}],"replies":[{"embeddable":true,"href":"https:\/\/cidadecult.com.br\/index.php?rest_route=%2Fwp%2Fv2%2Fcomments&post=15318"}],"version-history":[{"count":1,"href":"https:\/\/cidadecult.com.br\/index.php?rest_route=\/wp\/v2\/posts\/15318\/revisions"}],"predecessor-version":[{"id":15320,"href":"https:\/\/cidadecult.com.br\/index.php?rest_route=\/wp\/v2\/posts\/15318\/revisions\/15320"}],"wp:featuredmedia":[{"embeddable":true,"href":"https:\/\/cidadecult.com.br\/index.php?rest_route=\/wp\/v2\/media\/15319"}],"wp:attachment":[{"href":"https:\/\/cidadecult.com.br\/index.php?rest_route=%2Fwp%2Fv2%2Fmedia&parent=15318"}],"wp:term":[{"taxonomy":"category","embeddable":true,"href":"https:\/\/cidadecult.com.br\/index.php?rest_route=%2Fwp%2Fv2%2Fcategories&post=15318"},{"taxonomy":"post_tag","embeddable":true,"href":"https:\/\/cidadecult.com.br\/index.php?rest_route=%2Fwp%2Fv2%2Ftags&post=15318"}],"curies":[{"name":"wp","href":"https:\/\/api.w.org\/{rel}","templated":true}]}}