{"id":15311,"date":"2025-12-03T12:05:23","date_gmt":"2025-12-03T15:05:23","guid":{"rendered":"https:\/\/cidadecult.com.br\/?p=15311"},"modified":"2025-12-03T12:05:25","modified_gmt":"2025-12-03T15:05:25","slug":"instituto-iungo-lanca-4a-temporada-do-podcast-vamos-falar-de-escola-com-foco-na-educacao-antirracista","status":"publish","type":"post","link":"https:\/\/cidadecult.com.br\/?p=15311","title":{"rendered":"Instituto iungo lan\u00e7a 4\u00aa temporada do podcast \u201cVamos falar de escola?\u201d, com foco na Educa\u00e7\u00e3o Antirracista"},"content":{"rendered":"\n<p><em>Foto\/divulga\u00e7\u00e3o<\/em><\/p>\n\n\n\n<p>O debate sobre equidade racial na educa\u00e7\u00e3o ganha for\u00e7a com o lan\u00e7amento da quarta temporada do podcast <strong>\u201cVamos falar de escola?\u201d<\/strong>, produzido pelo <strong>Instituto iungo<\/strong>, organiza\u00e7\u00e3o dedicada \u00e0 forma\u00e7\u00e3o continuada de professores e \u00e0 inova\u00e7\u00e3o pedag\u00f3gica no pa\u00eds. A nova s\u00e9rie coloca em pauta um tema essencial: <strong>como implementar, de forma efetiva, a educa\u00e7\u00e3o antirracista nas escolas brasileiras<\/strong>.<\/p>\n\n\n\n<p>Criado pelo Instituto MRV, o iungo apoia educadores de todas as regi\u00f5es do Brasil com materiais pedag\u00f3gicos gratuitos e programas de forma\u00e7\u00e3o que refor\u00e7am o papel do professor como agente central de transforma\u00e7\u00e3o.<\/p>\n\n\n\n<h3 class=\"wp-block-heading\"><strong>Lei 10.639\/03 no foco das discuss\u00f5es<\/strong><\/h3>\n\n\n\n<p>Nesta temporada, o podcast aprofunda os caminhos e desafios da <strong>Lei 10.639\/03<\/strong>, que tornou obrigat\u00f3rio o ensino da hist\u00f3ria e cultura afro-brasileira e africana no Ensino Fundamental e M\u00e9dio. O marco legal, conquistado por meio da luta do Movimento Negro e da atua\u00e7\u00e3o de intelectuais como <strong>Petronilha Beatriz Gon\u00e7alves e Silva<\/strong>, permanece fundamental para a constru\u00e7\u00e3o de ambientes escolares mais inclusivos e antirracistas.<\/p>\n\n\n\n<h3 class=\"wp-block-heading\"><strong>Epis\u00f3dio de estreia<\/strong><\/h3>\n\n\n\n<p>O primeiro epis\u00f3dio re\u00fane:<\/p>\n\n\n\n<ul class=\"wp-block-list\">\n<li><strong>Priscila Nunes<\/strong>, especialista em Educa\u00e7\u00e3o Antirracista da Seduc\/RS<\/li>\n\n\n\n<li><strong>Geisieli Oliveira<\/strong>, formadora e especialista em Rela\u00e7\u00f5es \u00c9tnico-Raciais no iungo<\/li>\n\n\n\n<li><strong>Jo\u00e3o Felipe Lolli<\/strong>, jornalista da R\u00e1dio Itatiaia e apresentador do podcast<\/li>\n<\/ul>\n\n\n\n<p>Em di\u00e1logo aberto, eles analisam experi\u00eancias reais de escolas brasileiras, destacando forma\u00e7\u00e3o docente, revis\u00e3o curricular e pr\u00e1ticas pedag\u00f3gicas que valorizam identidades negras e enfrentam desigualdades estruturais.<\/p>\n\n\n\n<h3 class=\"wp-block-heading\"><strong>Conex\u00e3o com a campanha #ConscienteOAnoInteiro<\/strong><\/h3>\n\n\n\n<p>A temporada faz parte da campanha permanente <strong>#ConscienteOAnoInteiro<\/strong>, criada pelo iungo para apoiar iniciativas antirracistas durante todo o ano. Desde 2022, o projeto mobiliza professores, secretarias de educa\u00e7\u00e3o e gestores, reunindo entrevistas, relatos e conte\u00fados que refor\u00e7am representatividade e justi\u00e7a racial no cotidiano escolar.<\/p>\n\n\n\n<p>A estreia tamb\u00e9m dialoga com o encerramento da terceira temporada, que abordou educa\u00e7\u00e3o ambiental em sintonia com a pauta da COP30. No epis\u00f3dio final, a professora <strong>Polyanna Mariani<\/strong>, de Belo Horizonte (MG), apresentou estrat\u00e9gias para aproximar os estudantes da realidade socioambiental da cidade \u2014 desde o rastreamento do lixo urbano at\u00e9 a produ\u00e7\u00e3o de podcasts sobre desastres ambientais.<\/p>\n\n\n\n<h3 class=\"wp-block-heading\"><strong>Um podcast que valoriza quem faz a educa\u00e7\u00e3o acontecer<\/strong><\/h3>\n\n\n\n<p>No ar desde maio de 2024, \u201cVamos Falar de Escola?\u201d j\u00e1 soma <strong>21 epis\u00f3dios<\/strong>, distribu\u00eddos em quatro temporadas que destacam especialistas, estudantes e professores que constroem pr\u00e1ticas transformadoras em suas comunidades escolares. Todos os epis\u00f3dios est\u00e3o dispon\u00edveis em: <strong>iungo.org.br\/podcast-vamos-falar-de-escola<\/strong><\/p>\n\n\n\n<h3 class=\"wp-block-heading\"><strong>Sobre o Instituto iungo<\/strong><\/h3>\n\n\n\n<p>O Instituto iungo \u00e9 uma organiza\u00e7\u00e3o sem fins lucrativos dedicada \u00e0 transforma\u00e7\u00e3o da educa\u00e7\u00e3o brasileira. Seu trabalho inclui forma\u00e7\u00e3o continuada de professores, produ\u00e7\u00e3o de materiais pedag\u00f3gicos e fortalecimento de redes colaborativas. Desde 2020, mais de <strong>341 mil educadores<\/strong> foram impactados diretamente. Os mantenedores s\u00e3o o <strong>Instituto MRV<\/strong> e o <strong>Movimento Bem Maior<\/strong>.<\/p>\n","protected":false},"excerpt":{"rendered":"<p>Foto\/divulga\u00e7\u00e3o O debate sobre equidade racial na educa\u00e7\u00e3o ganha for\u00e7a com o lan\u00e7amento da quarta temporada do podcast \u201cVamos falar de escola?\u201d, produzido pelo Instituto iungo, organiza\u00e7\u00e3o dedicada \u00e0 forma\u00e7\u00e3o continuada de professores e \u00e0 inova\u00e7\u00e3o pedag\u00f3gica no pa\u00eds. A nova s\u00e9rie coloca em pauta um tema essencial: como implementar, de forma efetiva, a educa\u00e7\u00e3o [&hellip;]<\/p>\n","protected":false},"author":1441,"featured_media":15312,"comment_status":"open","ping_status":"open","sticky":false,"template":"","format":"standard","meta":{"_monsterinsights_skip_tracking":false,"_monsterinsights_sitenote_active":false,"_monsterinsights_sitenote_note":"","_monsterinsights_sitenote_category":0,"footnotes":""},"categories":[290],"tags":[],"class_list":["post-15311","post","type-post","status-publish","format-standard","has-post-thumbnail","hentry","category-educacao"],"_links":{"self":[{"href":"https:\/\/cidadecult.com.br\/index.php?rest_route=\/wp\/v2\/posts\/15311","targetHints":{"allow":["GET"]}}],"collection":[{"href":"https:\/\/cidadecult.com.br\/index.php?rest_route=\/wp\/v2\/posts"}],"about":[{"href":"https:\/\/cidadecult.com.br\/index.php?rest_route=\/wp\/v2\/types\/post"}],"author":[{"embeddable":true,"href":"https:\/\/cidadecult.com.br\/index.php?rest_route=\/wp\/v2\/users\/1441"}],"replies":[{"embeddable":true,"href":"https:\/\/cidadecult.com.br\/index.php?rest_route=%2Fwp%2Fv2%2Fcomments&post=15311"}],"version-history":[{"count":1,"href":"https:\/\/cidadecult.com.br\/index.php?rest_route=\/wp\/v2\/posts\/15311\/revisions"}],"predecessor-version":[{"id":15313,"href":"https:\/\/cidadecult.com.br\/index.php?rest_route=\/wp\/v2\/posts\/15311\/revisions\/15313"}],"wp:featuredmedia":[{"embeddable":true,"href":"https:\/\/cidadecult.com.br\/index.php?rest_route=\/wp\/v2\/media\/15312"}],"wp:attachment":[{"href":"https:\/\/cidadecult.com.br\/index.php?rest_route=%2Fwp%2Fv2%2Fmedia&parent=15311"}],"wp:term":[{"taxonomy":"category","embeddable":true,"href":"https:\/\/cidadecult.com.br\/index.php?rest_route=%2Fwp%2Fv2%2Fcategories&post=15311"},{"taxonomy":"post_tag","embeddable":true,"href":"https:\/\/cidadecult.com.br\/index.php?rest_route=%2Fwp%2Fv2%2Ftags&post=15311"}],"curies":[{"name":"wp","href":"https:\/\/api.w.org\/{rel}","templated":true}]}}