{"id":15308,"date":"2025-12-03T11:55:26","date_gmt":"2025-12-03T14:55:26","guid":{"rendered":"https:\/\/cidadecult.com.br\/?p=15308"},"modified":"2025-12-03T11:55:29","modified_gmt":"2025-12-03T14:55:29","slug":"amazonia-a-nova-minamata-chega-a-globo-news-e-reacende-alerta-sobre-o-mercurio-na-regiao","status":"publish","type":"post","link":"https:\/\/cidadecult.com.br\/?p=15308","title":{"rendered":"\u201cAmaz\u00f4nia, a nova Minamata ?\u201d chega \u00e0 Globo News e reacende alerta sobre o merc\u00fario na regi\u00e3o!"},"content":{"rendered":"\n<p><em>Foto: O2 Play<\/em><\/p>\n\n\n\n<p>A crise da contamina\u00e7\u00e3o por merc\u00fario na Amaz\u00f4nia volta ao centro da discuss\u00e3o nacional com a exibi\u00e7\u00e3o do document\u00e1rio &#8220;<strong>Amaz\u00f4nia, A nova Minamata?<\/strong>&#8220;, dirigido por <strong>Jorge Bodanzky<\/strong>, neste s\u00e1bado, <strong>6 de dezembro, \u00e0s 23h<\/strong>, na GloboNews.<\/p>\n\n\n\n<p>A produ\u00e7\u00e3o, realizada pela Ocean Films e coproduzida pela Globo Filmes e Globo News, exp\u00f5e um dos maiores desafios socioambientais do pa\u00eds: o impacto do garimpo ilegal na sa\u00fade dos povos ind\u00edgenas, especialmente os <strong>Munduruku<\/strong>.<\/p>\n\n\n\n<h3 class=\"wp-block-heading\"><strong>Um alerta que atravessa gera\u00e7\u00f5es<\/strong><\/h3>\n\n\n\n<p>No filme, Bodanzky tra\u00e7a um paralelo contundente entre a realidade amaz\u00f4nica e o caso Minamata, no Jap\u00e3o dos anos 1950, onde o merc\u00fario despejado nas \u00e1guas provocou danos neurol\u00f3gicos severos e mortes. A narrativa revela que a hist\u00f3ria pode estar se repetindo no Brasil: crian\u00e7as com sequelas neuromotoras, adultos afetados silenciosamente e comunidades inteiras \u00e0 beira de um colapso sanit\u00e1rio.<\/p>\n\n\n\n<h3 class=\"wp-block-heading\"><strong>A resist\u00eancia ind\u00edgena contra o merc\u00fario<\/strong><\/h3>\n\n\n\n<p>O document\u00e1rio acompanha a mobiliza\u00e7\u00e3o dos Munduruku diante da expans\u00e3o do garimpo em seu territ\u00f3rio. Em meio ao conflito entre sobreviv\u00eancia, direitos e degrada\u00e7\u00e3o ambiental, o longa equilibra rigor cient\u00edfico e sensibilidade humana para mostrar o que o metal pesado est\u00e1 causando \u00e0s popula\u00e7\u00f5es tradicionais e a todo o bioma amaz\u00f4nico.<\/p>\n\n\n\n<h3 class=\"wp-block-heading\"><strong>Reconhecimento internacional<\/strong><\/h3>\n\n\n\n<p>Com grande repercuss\u00e3o, &#8220;<em>Amaz\u00f4nia, a nova Minamata?<\/em>&#8221; abriu a <strong>COP06 da Conven\u00e7\u00e3o de Minamata<\/strong>, em Genebra, dando voz aos povos da Amaz\u00f4nia no debate global sobre o uso do merc\u00fario. A obra tamb\u00e9m teve destaque na <strong>COP30<\/strong>, realizada em Bel\u00e9m, refor\u00e7ando a urg\u00eancia de enfrentar o garimpo e seus efeitos t\u00f3xicos.<\/p>\n\n\n\n<h3 class=\"wp-block-heading\"><strong>O trabalho da O2 Play e da Marea Cine<\/strong><\/h3>\n\n\n\n<p>A distribui\u00e7\u00e3o \u00e9 assinada pela &#8220;<strong>O2<em> play<\/em><\/strong>&#8220;, conhecida por parcerias com Netflix, MUBI e por levar filmes brasileiros premiados ao exterior. J\u00e1 a produ\u00e7\u00e3o \u00e9 da <strong>Marea Cine<\/strong>, n\u00facleo de conte\u00fado da <em>&#8220;Ocean films&#8221;<\/em>, respons\u00e1vel por t\u00edtulos exibidos em festivais internacionais e s\u00e9ries para plataformas como HBO, Globo-play e Netflix.<\/p>\n\n\n\n<p><strong>Com sua exibi\u00e7\u00e3o na Globo-news, \u201cAmaz\u00f4nia, a nova nova Minamata?\u201d amplia o debate sobre a sa\u00fade da Amaz\u00f4nia e sobre o futuro de quem vive nela, um chamado urgente que n\u00e3o pode ser ignorado.<\/strong><\/p>\n","protected":false},"excerpt":{"rendered":"<p>Foto: O2 Play A crise da contamina\u00e7\u00e3o por merc\u00fario na Amaz\u00f4nia volta ao centro da discuss\u00e3o nacional com a exibi\u00e7\u00e3o do document\u00e1rio &#8220;Amaz\u00f4nia, A nova Minamata?&#8220;, dirigido por Jorge Bodanzky, neste s\u00e1bado, 6 de dezembro, \u00e0s 23h, na GloboNews. A produ\u00e7\u00e3o, realizada pela Ocean Films e coproduzida pela Globo Filmes e Globo News, exp\u00f5e um [&hellip;]<\/p>\n","protected":false},"author":1441,"featured_media":15309,"comment_status":"open","ping_status":"open","sticky":false,"template":"","format":"standard","meta":{"_monsterinsights_skip_tracking":false,"_monsterinsights_sitenote_active":false,"_monsterinsights_sitenote_note":"","_monsterinsights_sitenote_category":0,"footnotes":""},"categories":[54],"tags":[],"class_list":["post-15308","post","type-post","status-publish","format-standard","has-post-thumbnail","hentry","category-brasil"],"_links":{"self":[{"href":"https:\/\/cidadecult.com.br\/index.php?rest_route=\/wp\/v2\/posts\/15308","targetHints":{"allow":["GET"]}}],"collection":[{"href":"https:\/\/cidadecult.com.br\/index.php?rest_route=\/wp\/v2\/posts"}],"about":[{"href":"https:\/\/cidadecult.com.br\/index.php?rest_route=\/wp\/v2\/types\/post"}],"author":[{"embeddable":true,"href":"https:\/\/cidadecult.com.br\/index.php?rest_route=\/wp\/v2\/users\/1441"}],"replies":[{"embeddable":true,"href":"https:\/\/cidadecult.com.br\/index.php?rest_route=%2Fwp%2Fv2%2Fcomments&post=15308"}],"version-history":[{"count":1,"href":"https:\/\/cidadecult.com.br\/index.php?rest_route=\/wp\/v2\/posts\/15308\/revisions"}],"predecessor-version":[{"id":15310,"href":"https:\/\/cidadecult.com.br\/index.php?rest_route=\/wp\/v2\/posts\/15308\/revisions\/15310"}],"wp:featuredmedia":[{"embeddable":true,"href":"https:\/\/cidadecult.com.br\/index.php?rest_route=\/wp\/v2\/media\/15309"}],"wp:attachment":[{"href":"https:\/\/cidadecult.com.br\/index.php?rest_route=%2Fwp%2Fv2%2Fmedia&parent=15308"}],"wp:term":[{"taxonomy":"category","embeddable":true,"href":"https:\/\/cidadecult.com.br\/index.php?rest_route=%2Fwp%2Fv2%2Fcategories&post=15308"},{"taxonomy":"post_tag","embeddable":true,"href":"https:\/\/cidadecult.com.br\/index.php?rest_route=%2Fwp%2Fv2%2Ftags&post=15308"}],"curies":[{"name":"wp","href":"https:\/\/api.w.org\/{rel}","templated":true}]}}