{"id":15272,"date":"2025-11-30T13:52:46","date_gmt":"2025-11-30T16:52:46","guid":{"rendered":"https:\/\/cidadecult.com.br\/?p=15272"},"modified":"2025-12-02T15:34:17","modified_gmt":"2025-12-02T18:34:17","slug":"no-provoca-luiz-schwarcz-reflete-sobre-mediacao-dialogo-e-o-futuro-da-comunicacao","status":"publish","type":"post","link":"https:\/\/cidadecult.com.br\/?p=15272","title":{"rendered":"No Provoca, Luiz Schwarcz reflete sobre media\u00e7\u00e3o, di\u00e1logo e o futuro da comunica\u00e7\u00e3o"},"content":{"rendered":"\n<p><em>Foto Ana Paula Santos<\/em><\/p>\n\n\n\n<p>Nesta ter\u00e7a-feira (2\/12), o <em>Provoca<\/em> traz uma conversa imperd\u00edvel entre <strong>Marcelo Tas<\/strong> e <strong>Luiz Schwarcz<\/strong>, editor, escritor e fundador da Companhia das Letras. O programa vai ao ar \u00e0s <strong>22h<\/strong>, na TV Cultura, e mergulha na import\u00e2ncia da comunica\u00e7\u00e3o em um cen\u00e1rio onde dados e informa\u00e7\u00f5es se acumulam em velocidade recorde.<\/p>\n\n\n\n<p>Ao longo da entrevista, Schwarcz destaca como o papel do editor se torna ainda mais necess\u00e1rio diante de um ambiente em que tudo busca circular sem media\u00e7\u00e3o. Para ele, falta espa\u00e7o para reflex\u00e3o e sobra radicaliza\u00e7\u00e3o.<br>Segundo o convidado, o editor atua como uma ponte fundamental entre quem cria e quem imagina: o escritor e o leitor.<\/p>\n\n\n\n<p>Schwarcz tamb\u00e9m compartilha momentos da pr\u00f3pria trajet\u00f3ria profissional, lembrando do desafio de encarar a tradicional \u201cp\u00e1gina em branco\u201d at\u00e9 que as ideias encontrem seu caminho.<\/p>\n\n\n\n<p>Um dos pontos centrais da conversa \u00e9 a dificuldade de di\u00e1logo nos dias de hoje. Schwarcz sintetiza sua vis\u00e3o com uma frase que guia seu trabalho:<br><strong>\u201cComunica\u00e7\u00e3o \u00e9, antes de tudo, um ato de respeito.\u201d<\/strong><br>Para ele, literatura, conhecimento e conviv\u00eancia dependem dessa postura.<\/p>\n\n\n\n<p>O epis\u00f3dio tem realiza\u00e7\u00e3o da TV Cultura, com apoio da Lei Rouanet, Minist\u00e9rio da Cultura e Governo Federal.<\/p>\n\n\n\n<p><strong>Quer acompanhar mais destaques culturais? fique ligado na Cidade CULT!<\/strong>.<\/p>\n","protected":false},"excerpt":{"rendered":"<p>Foto Ana Paula Santos Nesta ter\u00e7a-feira (2\/12), o Provoca traz uma conversa imperd\u00edvel entre Marcelo Tas e Luiz Schwarcz, editor, escritor e fundador da Companhia das Letras. O programa vai ao ar \u00e0s 22h, na TV Cultura, e mergulha na import\u00e2ncia da comunica\u00e7\u00e3o em um cen\u00e1rio onde dados e informa\u00e7\u00f5es se acumulam em velocidade recorde. [&hellip;]<\/p>\n","protected":false},"author":1441,"featured_media":15273,"comment_status":"open","ping_status":"open","sticky":false,"template":"","format":"standard","meta":{"_monsterinsights_skip_tracking":false,"_monsterinsights_sitenote_active":false,"_monsterinsights_sitenote_note":"","_monsterinsights_sitenote_category":0,"footnotes":""},"categories":[34],"tags":[],"class_list":["post-15272","post","type-post","status-publish","format-standard","has-post-thumbnail","hentry","category-destaque"],"_links":{"self":[{"href":"https:\/\/cidadecult.com.br\/index.php?rest_route=\/wp\/v2\/posts\/15272","targetHints":{"allow":["GET"]}}],"collection":[{"href":"https:\/\/cidadecult.com.br\/index.php?rest_route=\/wp\/v2\/posts"}],"about":[{"href":"https:\/\/cidadecult.com.br\/index.php?rest_route=\/wp\/v2\/types\/post"}],"author":[{"embeddable":true,"href":"https:\/\/cidadecult.com.br\/index.php?rest_route=\/wp\/v2\/users\/1441"}],"replies":[{"embeddable":true,"href":"https:\/\/cidadecult.com.br\/index.php?rest_route=%2Fwp%2Fv2%2Fcomments&post=15272"}],"version-history":[{"count":1,"href":"https:\/\/cidadecult.com.br\/index.php?rest_route=\/wp\/v2\/posts\/15272\/revisions"}],"predecessor-version":[{"id":15274,"href":"https:\/\/cidadecult.com.br\/index.php?rest_route=\/wp\/v2\/posts\/15272\/revisions\/15274"}],"wp:featuredmedia":[{"embeddable":true,"href":"https:\/\/cidadecult.com.br\/index.php?rest_route=\/wp\/v2\/media\/15273"}],"wp:attachment":[{"href":"https:\/\/cidadecult.com.br\/index.php?rest_route=%2Fwp%2Fv2%2Fmedia&parent=15272"}],"wp:term":[{"taxonomy":"category","embeddable":true,"href":"https:\/\/cidadecult.com.br\/index.php?rest_route=%2Fwp%2Fv2%2Fcategories&post=15272"},{"taxonomy":"post_tag","embeddable":true,"href":"https:\/\/cidadecult.com.br\/index.php?rest_route=%2Fwp%2Fv2%2Ftags&post=15272"}],"curies":[{"name":"wp","href":"https:\/\/api.w.org\/{rel}","templated":true}]}}