{"id":15269,"date":"2025-11-30T13:01:24","date_gmt":"2025-11-30T16:01:24","guid":{"rendered":"https:\/\/cidadecult.com.br\/?p=15269"},"modified":"2025-11-30T13:01:28","modified_gmt":"2025-11-30T16:01:28","slug":"andradina-recebe-51-titulos-de-regularizacao-fundiaria-urbana-entregues-pela-secretaria-de-agricultura-de-sp","status":"publish","type":"post","link":"https:\/\/cidadecult.com.br\/?p=15269","title":{"rendered":"Andradina recebe 51 t\u00edtulos de regulariza\u00e7\u00e3o fundi\u00e1ria urbana entregues pela Secretaria de Agricultura de SP"},"content":{"rendered":"\n<p><em>Foto\/divulga\u00e7\u00e3o<\/em><\/p>\n\n\n\n<p>A cidade de Andradina, no interior paulista, deu um passo importante em dire\u00e7\u00e3o \u00e0 seguran\u00e7a jur\u00eddica e ao fortalecimento social. Nesta sexta-feira (28), a Secretaria de Agricultura e Abastecimento de S\u00e3o Paulo (SAA), por meio da Funda\u00e7\u00e3o ITESP, realizou a entrega de <strong>51 t\u00edtulos de regulariza\u00e7\u00e3o fundi\u00e1ria urbana<\/strong> para moradores da Vila Mineira, em cerim\u00f4nia realizada na C\u00e2mara Municipal.<\/p>\n\n\n\n<p>Entre os beneficiados est\u00e1 a <strong>Casa do Menor Leda Furquim Atilia<\/strong>, que desde 1984 desenvolve trabalhos essenciais no acolhimento de v\u00edtimas de trabalho infantil e viol\u00eancia dom\u00e9stica. Ap\u00f3s anos de espera, a institui\u00e7\u00e3o recebeu a matr\u00edcula do im\u00f3vel, garantindo novas possibilidades de investimento e apoio das esferas municipal e estadual.<\/p>\n\n\n\n<p>Durante o evento, moradores que aguardavam h\u00e1 d\u00e9cadas pela documenta\u00e7\u00e3o definitiva celebraram o avan\u00e7o. O secret\u00e1rio <strong>Guilherme Piai<\/strong> destacou o impacto direto do trabalho realizado pelo ITESP:<\/p>\n\n\n\n<blockquote class=\"wp-block-quote is-layout-flow wp-block-quote-is-layout-flow\">\n<p>\u201cPessoas que vivem h\u00e1 mais de 20, 30 anos nessas casas agora ter\u00e3o a certeza de que o im\u00f3vel \u00e9 realmente delas. Regulariza\u00e7\u00e3o significa seguran\u00e7a jur\u00eddica, dignidade e prioridade \u00e0s fam\u00edlias em situa\u00e7\u00e3o de vulnerabilidade, sem qualquer custo para elas.\u201d<\/p>\n<\/blockquote>\n\n\n\n<p>Ap\u00f3s a cerim\u00f4nia, o secret\u00e1rio visitou a resid\u00eancia do <strong>seu Osvaldo e dona Ambrosina<\/strong>, moradores da Vila Mineira desde 1987. Seu Osvaldo recebeu o t\u00edtulo em m\u00e3os e afirmou que, com a documenta\u00e7\u00e3o, sente que todo o esfor\u00e7o dedicado \u00e0 constru\u00e7\u00e3o da casa \u201cvaleu a pena\u201d.<\/p>\n\n\n\n<h3 class=\"wp-block-heading\"><strong>Programa Paulista de Regulariza\u00e7\u00e3o Fundi\u00e1ria<\/strong>: <\/h3>\n\n\n\n<p>A entrega integra as a\u00e7\u00f5es do programa estadual de regulariza\u00e7\u00e3o fundi\u00e1ria, que assegura prote\u00e7\u00e3o jur\u00eddica, acesso ao cr\u00e9dito, valoriza\u00e7\u00e3o dos im\u00f3veis e reconhecimento oficial do direito de propriedade. Desde 2023, Andradina j\u00e1 contabiliza <strong>82 t\u00edtulos entregues<\/strong>, fortalecendo a estabilidade de fam\u00edlias da regi\u00e3o.<\/p>\n\n\n\n<p>Em todo o Oeste Paulista, mais de <strong>2 mil fam\u00edlias urbanas<\/strong> e <strong>4,5 mil fam\u00edlias do campo<\/strong> j\u00e1 foram beneficiadas por meio das iniciativas do Governo de SP.<\/p>\n","protected":false},"excerpt":{"rendered":"<p>Foto\/divulga\u00e7\u00e3o A cidade de Andradina, no interior paulista, deu um passo importante em dire\u00e7\u00e3o \u00e0 seguran\u00e7a jur\u00eddica e ao fortalecimento social. Nesta sexta-feira (28), a Secretaria de Agricultura e Abastecimento de S\u00e3o Paulo (SAA), por meio da Funda\u00e7\u00e3o ITESP, realizou a entrega de 51 t\u00edtulos de regulariza\u00e7\u00e3o fundi\u00e1ria urbana para moradores da Vila Mineira, em [&hellip;]<\/p>\n","protected":false},"author":1441,"featured_media":15270,"comment_status":"open","ping_status":"open","sticky":false,"template":"","format":"standard","meta":{"_monsterinsights_skip_tracking":false,"_monsterinsights_sitenote_active":false,"_monsterinsights_sitenote_note":"","_monsterinsights_sitenote_category":0,"footnotes":""},"categories":[54],"tags":[487,5498],"class_list":["post-15269","post","type-post","status-publish","format-standard","has-post-thumbnail","hentry","category-brasil","tag-destaque","tag-secretariadeagriculturasp"],"_links":{"self":[{"href":"https:\/\/cidadecult.com.br\/index.php?rest_route=\/wp\/v2\/posts\/15269","targetHints":{"allow":["GET"]}}],"collection":[{"href":"https:\/\/cidadecult.com.br\/index.php?rest_route=\/wp\/v2\/posts"}],"about":[{"href":"https:\/\/cidadecult.com.br\/index.php?rest_route=\/wp\/v2\/types\/post"}],"author":[{"embeddable":true,"href":"https:\/\/cidadecult.com.br\/index.php?rest_route=\/wp\/v2\/users\/1441"}],"replies":[{"embeddable":true,"href":"https:\/\/cidadecult.com.br\/index.php?rest_route=%2Fwp%2Fv2%2Fcomments&post=15269"}],"version-history":[{"count":1,"href":"https:\/\/cidadecult.com.br\/index.php?rest_route=\/wp\/v2\/posts\/15269\/revisions"}],"predecessor-version":[{"id":15271,"href":"https:\/\/cidadecult.com.br\/index.php?rest_route=\/wp\/v2\/posts\/15269\/revisions\/15271"}],"wp:featuredmedia":[{"embeddable":true,"href":"https:\/\/cidadecult.com.br\/index.php?rest_route=\/wp\/v2\/media\/15270"}],"wp:attachment":[{"href":"https:\/\/cidadecult.com.br\/index.php?rest_route=%2Fwp%2Fv2%2Fmedia&parent=15269"}],"wp:term":[{"taxonomy":"category","embeddable":true,"href":"https:\/\/cidadecult.com.br\/index.php?rest_route=%2Fwp%2Fv2%2Fcategories&post=15269"},{"taxonomy":"post_tag","embeddable":true,"href":"https:\/\/cidadecult.com.br\/index.php?rest_route=%2Fwp%2Fv2%2Ftags&post=15269"}],"curies":[{"name":"wp","href":"https:\/\/api.w.org\/{rel}","templated":true}]}}