{"id":15261,"date":"2025-11-28T13:24:07","date_gmt":"2025-11-28T16:24:07","guid":{"rendered":"https:\/\/cidadecult.com.br\/?p=15261"},"modified":"2025-11-28T13:33:34","modified_gmt":"2025-11-28T16:33:34","slug":"mam-educativo-apresenta-programacao-inclusiva-e-gratuita-em-dezembro","status":"publish","type":"post","link":"https:\/\/cidadecult.com.br\/?p=15261","title":{"rendered":"MAM Educativo apresenta programa\u00e7\u00e3o inclusiva e gratuita em dezembro"},"content":{"rendered":"\n<p><em>Foto: Luan Santos.<\/em><\/p>\n\n\n\n<p>O MAM Educativo, do Museu de Arte Moderna de S\u00e3o Paulo, promove entre 3 e 6 de dezembro uma s\u00e9rie de atividades gratuitas voltadas para educadores, artistas, pesquisadores, estudantes e interessados em arte e acessibilidade. As a\u00e7\u00f5es integram a <strong>Virada Inclusiva<\/strong> e o programa <strong>Contatos com a Arte<\/strong>, com atividades acess\u00edveis em Libras e realizadas em parceria com o <strong>MAC USP<\/strong> e a <strong>Biblioteca M\u00e1rio de Andrade<\/strong>.<\/p>\n\n\n\n<p>A programa\u00e7\u00e3o acontece enquanto a marquise do Parque Ibirapuera passa por reformas, per\u00edodo em que o MAM tem fortalecido colabora\u00e7\u00f5es com institui\u00e7\u00f5es parceiras. Al\u00e9m de oficinas e visitas mediadas, dezembro marca tamb\u00e9m o lan\u00e7amento de um livro in\u00e9dito sobre media\u00e7\u00e3o cultural.<\/p>\n\n\n\n<h2 class=\"wp-block-heading\"><strong>Destaques da programa\u00e7\u00e3o<\/strong><\/h2>\n\n\n\n<h3 class=\"wp-block-heading\"><strong>03\/12 \u2013 15h | Poesia em Libras, com F\u00e1bio de S\u00e1<\/strong><\/h3>\n\n\n\n<p><strong>Local:<\/strong> MAC USP<br>A atividade apresenta o <strong>Visual Vernacular<\/strong>, linguagem po\u00e9tica e visual t\u00edpica da comunidade surda. O encontro ser\u00e1 conduzido por F\u00e1bio de S\u00e1, artista e professor com atua\u00e7\u00e3o internacional.<br><strong>Acess\u00edvel em Libras | gratuito | inscri\u00e7\u00f5es no local.<\/strong><\/p>\n\n\n\n<h3 class=\"wp-block-heading\"><strong>04\/12 \u2013 18h \u00e0s 21h | Lan\u00e7amento do livro <em>Dez perguntas do MAM Educativo para a media\u00e7\u00e3o cultural<\/em><\/strong><\/h3>\n\n\n\n<p><strong>Local:<\/strong> Livraria Martins Fontes<br>A nova publica\u00e7\u00e3o re\u00fane reflex\u00f5es e pr\u00e1ticas desenvolvidas pela equipe educativa do MAM, destacando a media\u00e7\u00e3o cultural como campo de pesquisa e troca cont\u00ednua.<br><strong>Entrada gratuita | inscri\u00e7\u00f5es no local.<\/strong><\/p>\n\n\n\n<h3 class=\"wp-block-heading\"><strong>05\/12 \u2013 15h | Visita mediada em portugu\u00eas e Libras \u00e0 exposi\u00e7\u00e3o de Jos\u00e9 Ant\u00f4nio da Silva<\/strong><\/h3>\n\n\n\n<p><strong>Local:<\/strong> MAC USP<br>O MAM Educativo conduz uma visita bil\u00edngue dedicada \u00e0 obra de Jos\u00e9 Ant\u00f4nio da Silva, estimulando leituras sens\u00edveis e di\u00e1logos com o p\u00fablico.<br><strong>Acess\u00edvel em Libras | gratuito | inscri\u00e7\u00f5es no local.<\/strong><\/p>\n\n\n\n<h3 class=\"wp-block-heading\"><strong>06\/12 \u2013 9h \u00e0s 13h | III Jornada Experi\u00eancias Po\u00e9ticas \u2013 Cotidianos e Mem\u00f3rias<\/strong><\/h3>\n\n\n\n<p><strong>Local:<\/strong> Biblioteca M\u00e1rio de Andrade<br>Encontro que re\u00fane educadoras da rede p\u00fablica para compartilhar pesquisas e experimenta\u00e7\u00f5es desenvolvidas no programa <em>Contatos com a Arte<\/em>, valorizando as po\u00e9ticas das inf\u00e2ncias e pr\u00e1ticas pedag\u00f3gicas contempor\u00e2neas.<br><strong>Acess\u00edvel em Libras | gratuito.<\/strong><\/p>\n\n\n\n<h2 class=\"wp-block-heading\"><strong>Servi\u00e7o<\/strong>: <\/h2>\n\n\n\n<p><strong>Per\u00edodo:<\/strong> 3 a 6 de dezembro de 2025<br><strong>Organiza\u00e7\u00e3o:<\/strong> MAM S\u00e3o Paulo<\/p>\n\n\n\n<p><strong>Redes:<\/strong><br>Instagram \u2013 @mamsaopaulo<br>Facebook \u2013 \/mamsaopaulo<br>YouTube \u2013 @mamsaopaulo<br>X\/Twitter \u2013 @mamsaopaulo<\/p>\n\n\n\n<p><strong>Imprensa:<\/strong><br>Evandro Pimentel \u2013 <a>imprensa@mam.org.br<\/a> | +55 11 98038-9851. <\/p>\n","protected":false},"excerpt":{"rendered":"<p>Foto: Luan Santos. O MAM Educativo, do Museu de Arte Moderna de S\u00e3o Paulo, promove entre 3 e 6 de dezembro uma s\u00e9rie de atividades gratuitas voltadas para educadores, artistas, pesquisadores, estudantes e interessados em arte e acessibilidade. As a\u00e7\u00f5es integram a Virada Inclusiva e o programa Contatos com a Arte, com atividades acess\u00edveis em [&hellip;]<\/p>\n","protected":false},"author":1441,"featured_media":15262,"comment_status":"open","ping_status":"open","sticky":false,"template":"","format":"standard","meta":{"_monsterinsights_skip_tracking":false,"_monsterinsights_sitenote_active":false,"_monsterinsights_sitenote_note":"","_monsterinsights_sitenote_category":0,"footnotes":""},"categories":[17],"tags":[2009,2034,5496],"class_list":["post-15261","post","type-post","status-publish","format-standard","has-post-thumbnail","hentry","category-bsb","tag-dezembro","tag-gratuita","tag-mameducativo"],"_links":{"self":[{"href":"https:\/\/cidadecult.com.br\/index.php?rest_route=\/wp\/v2\/posts\/15261","targetHints":{"allow":["GET"]}}],"collection":[{"href":"https:\/\/cidadecult.com.br\/index.php?rest_route=\/wp\/v2\/posts"}],"about":[{"href":"https:\/\/cidadecult.com.br\/index.php?rest_route=\/wp\/v2\/types\/post"}],"author":[{"embeddable":true,"href":"https:\/\/cidadecult.com.br\/index.php?rest_route=\/wp\/v2\/users\/1441"}],"replies":[{"embeddable":true,"href":"https:\/\/cidadecult.com.br\/index.php?rest_route=%2Fwp%2Fv2%2Fcomments&post=15261"}],"version-history":[{"count":1,"href":"https:\/\/cidadecult.com.br\/index.php?rest_route=\/wp\/v2\/posts\/15261\/revisions"}],"predecessor-version":[{"id":15263,"href":"https:\/\/cidadecult.com.br\/index.php?rest_route=\/wp\/v2\/posts\/15261\/revisions\/15263"}],"wp:featuredmedia":[{"embeddable":true,"href":"https:\/\/cidadecult.com.br\/index.php?rest_route=\/wp\/v2\/media\/15262"}],"wp:attachment":[{"href":"https:\/\/cidadecult.com.br\/index.php?rest_route=%2Fwp%2Fv2%2Fmedia&parent=15261"}],"wp:term":[{"taxonomy":"category","embeddable":true,"href":"https:\/\/cidadecult.com.br\/index.php?rest_route=%2Fwp%2Fv2%2Fcategories&post=15261"},{"taxonomy":"post_tag","embeddable":true,"href":"https:\/\/cidadecult.com.br\/index.php?rest_route=%2Fwp%2Fv2%2Ftags&post=15261"}],"curies":[{"name":"wp","href":"https:\/\/api.w.org\/{rel}","templated":true}]}}