{"id":15249,"date":"2025-11-27T13:17:00","date_gmt":"2025-11-27T16:17:00","guid":{"rendered":"https:\/\/cidadecult.com.br\/?p=15249"},"modified":"2025-12-02T15:38:52","modified_gmt":"2025-12-02T18:38:52","slug":"arte-na-praca-anima-sobradinho-com-samba-danca-e-final-da-libertadores-neste-sabado","status":"publish","type":"post","link":"https:\/\/cidadecult.com.br\/?p=15249","title":{"rendered":"Arte na Pra\u00e7a anima Sobradinho com samba, dan\u00e7a e final da Libertadores neste s\u00e1bado"},"content":{"rendered":"\n<p><em>Arte\/divulga\u00e7\u00e3o<\/em><\/p>\n\n\n\n<p>A Pra\u00e7a das Artes Teodoro Freire ser\u00e1 novamente palco de cultura, lazer e conviv\u00eancia neste s\u00e1bado (29). O <strong>Projeto Arte na Pra\u00e7a<\/strong> realiza sua d\u00e9cima noite de programa\u00e7\u00e3o da temporada 2025, reunindo m\u00fasica, dan\u00e7a, gastronomia e a exibi\u00e7\u00e3o da final da Copa Libertadores da Am\u00e9rica.<\/p>\n\n\n\n<h3 class=\"wp-block-heading\"><strong>Futebol e samba dividem a cena<\/strong><\/h3>\n\n\n\n<p>A festa come\u00e7a cedo: \u00e0s <strong>18h<\/strong>, os bares ao redor da pra\u00e7a exibem nos tel\u00f5es o duelo entre <strong>Palmeiras e Flamengo<\/strong>, atraindo torcedores e animando o clima da noite. Logo em seguida, \u00e0s <strong>19h<\/strong>, come\u00e7am as atra\u00e7\u00f5es art\u00edsticas com o <strong>BSB Samba<\/strong>, grupo que, mesmo jovem, j\u00e1 se destaca pela variedade de ritmos que v\u00e3o do samba ao rock.<\/p>\n\n\n\n<p>A atra\u00e7\u00e3o principal da noite \u00e9 o tradicional <strong>Grupo Luz do Samba<\/strong>, que se apresenta \u00e0s <strong>21h<\/strong>. Com trajet\u00f3ria iniciada em 1988, o grupo \u00e9 considerado um dos patrim\u00f4nios culturais de Sobradinho e promete uma apresenta\u00e7\u00e3o marcada por sucessos e composi\u00e7\u00f5es autorais. O intervalo entre os shows contar\u00e1 com a performance da bailarina <strong>Karol Thayn\u00e1<\/strong>, que leva ao palco sua j\u00e1 aguardada dan\u00e7a do ventre.<\/p>\n\n\n\n<h3 class=\"wp-block-heading\"><strong>Atividades para toda a fam\u00edlia<\/strong><\/h3>\n\n\n\n<p>Desde as <strong>17h<\/strong>, o entorno da pra\u00e7a ganha movimento com feira de artesanato e brech\u00f3s, parquinho infantil e pra\u00e7a de alimenta\u00e7\u00e3o com bares e restaurantes \u2014 uma programa\u00e7\u00e3o pensada para receber fam\u00edlias e visitantes de todas as idades.<\/p>\n\n\n\n<h3 class=\"wp-block-heading\"><strong>Sobre o projeto<\/strong><\/h3>\n\n\n\n<p>Criado em 2018, o <strong>Arte na Pra\u00e7a<\/strong> surgiu com a proposta de revitalizar a Pra\u00e7a das Artes Teodoro Freire, antes marcada por epis\u00f3dios de viol\u00eancia e abandono. A iniciativa transformou o local em um espa\u00e7o ativo de cultura e lazer, destacando artistas da regi\u00e3o e fortalecendo o v\u00ednculo com a comunidade. Em sua 8\u00aa edi\u00e7\u00e3o, o projeto segue at\u00e9 janeiro de 2026, realizado pela <strong>Associa\u00e7\u00e3o Artise de Arte, Cultura e Acessibilidade<\/strong>, com apoio da <strong>Secretaria de Cultura e Economia Criativa<\/strong> e da <strong>Administra\u00e7\u00e3o Regional<\/strong>.<\/p>\n\n\n\n<h2 class=\"wp-block-heading\"><strong>SERVI\u00c7O<\/strong>: <\/h2>\n\n\n\n<p><strong>Arte na Pra\u00e7a<\/strong><br>\ud83d\udccd Pra\u00e7a das Artes Teodoro Freire (Quadra 8, Sobradinho)<br>\ud83d\udcc5 S\u00e1bado, 29 de novembro de 2025<br>\u23f0 17h \u2013 Feira, gastronomia e lazer<br>\u23f0 19h \u2013 In\u00edcio das atra\u00e7\u00f5es art\u00edsticas<br>\ud83c\udf9f\ufe0f Entrada gratuita<br>\ud83d\udc68\u200d\ud83d\udc69\u200d\ud83d\udc67 Classifica\u00e7\u00e3o: Livre<\/p>\n","protected":false},"excerpt":{"rendered":"<p>Arte\/divulga\u00e7\u00e3o A Pra\u00e7a das Artes Teodoro Freire ser\u00e1 novamente palco de cultura, lazer e conviv\u00eancia neste s\u00e1bado (29). O Projeto Arte na Pra\u00e7a realiza sua d\u00e9cima noite de programa\u00e7\u00e3o da temporada 2025, reunindo m\u00fasica, dan\u00e7a, gastronomia e a exibi\u00e7\u00e3o da final da Copa Libertadores da Am\u00e9rica. Futebol e samba dividem a cena A festa come\u00e7a [&hellip;]<\/p>\n","protected":false},"author":1441,"featured_media":15250,"comment_status":"open","ping_status":"open","sticky":false,"template":"","format":"standard","meta":{"_monsterinsights_skip_tracking":false,"_monsterinsights_sitenote_active":false,"_monsterinsights_sitenote_note":"","_monsterinsights_sitenote_category":0,"footnotes":""},"categories":[41,2569,17,1],"tags":[],"class_list":["post-15249","post","type-post","status-publish","format-standard","has-post-thumbnail","hentry","category-agenda","category-arte","category-bsb","category-sem-categoria"],"_links":{"self":[{"href":"https:\/\/cidadecult.com.br\/index.php?rest_route=\/wp\/v2\/posts\/15249","targetHints":{"allow":["GET"]}}],"collection":[{"href":"https:\/\/cidadecult.com.br\/index.php?rest_route=\/wp\/v2\/posts"}],"about":[{"href":"https:\/\/cidadecult.com.br\/index.php?rest_route=\/wp\/v2\/types\/post"}],"author":[{"embeddable":true,"href":"https:\/\/cidadecult.com.br\/index.php?rest_route=\/wp\/v2\/users\/1441"}],"replies":[{"embeddable":true,"href":"https:\/\/cidadecult.com.br\/index.php?rest_route=%2Fwp%2Fv2%2Fcomments&post=15249"}],"version-history":[{"count":1,"href":"https:\/\/cidadecult.com.br\/index.php?rest_route=\/wp\/v2\/posts\/15249\/revisions"}],"predecessor-version":[{"id":15251,"href":"https:\/\/cidadecult.com.br\/index.php?rest_route=\/wp\/v2\/posts\/15249\/revisions\/15251"}],"wp:featuredmedia":[{"embeddable":true,"href":"https:\/\/cidadecult.com.br\/index.php?rest_route=\/wp\/v2\/media\/15250"}],"wp:attachment":[{"href":"https:\/\/cidadecult.com.br\/index.php?rest_route=%2Fwp%2Fv2%2Fmedia&parent=15249"}],"wp:term":[{"taxonomy":"category","embeddable":true,"href":"https:\/\/cidadecult.com.br\/index.php?rest_route=%2Fwp%2Fv2%2Fcategories&post=15249"},{"taxonomy":"post_tag","embeddable":true,"href":"https:\/\/cidadecult.com.br\/index.php?rest_route=%2Fwp%2Fv2%2Ftags&post=15249"}],"curies":[{"name":"wp","href":"https:\/\/api.w.org\/{rel}","templated":true}]}}