{"id":15246,"date":"2025-11-27T13:11:44","date_gmt":"2025-11-27T16:11:44","guid":{"rendered":"https:\/\/cidadecult.com.br\/?p=15246"},"modified":"2025-12-02T15:38:31","modified_gmt":"2025-12-02T18:38:31","slug":"casa-sol-retorna-a-juquehy-e-inaugura-a-temporada-de-verao-2026-com-experiencias-a-beira-mar","status":"publish","type":"post","link":"https:\/\/cidadecult.com.br\/?p=15246","title":{"rendered":"Casa Sol retorna a Juquehy e inaugura a temporada de ver\u00e3o 2026 com experi\u00eancias \u00e0 beira-mar"},"content":{"rendered":"\n<p><em>Foto\/divulga\u00e7\u00e3o<\/em><\/p>\n\n\n\n<p>A Casa Sol est\u00e1 de volta ao litoral norte de S\u00e3o Paulo para mais uma edi\u00e7\u00e3o que celebra a ess\u00eancia do ver\u00e3o. De <strong>29 de dezembro a 11 de janeiro<\/strong>, o beach club p\u00e9 na areia reabre em Juquehy com uma <strong>estrutura ampliada<\/strong>, programa\u00e7\u00e3o di\u00e1ria de bem-estar e uma agenda cheia de m\u00fasica, gastronomia e experi\u00eancias que traduzem o clima solar da esta\u00e7\u00e3o.<\/p>\n\n\n\n<p>Idealizada pela <strong>JUQY Beach House<\/strong> e realizada pela <strong>Let\u2019s Produ\u00e7\u00f5es<\/strong>, a Casa Sol j\u00e1 se consolidou como um dos destinos mais disputados da temporada. A partir de <strong>14 de novembro<\/strong>, os ingressos estar\u00e3o dispon\u00edveis pela plataforma <strong>Ingresse<\/strong>.<\/p>\n\n\n\n<h3 class=\"wp-block-heading\"><strong>Estrutura e novidades para 2026<\/strong><\/h3>\n\n\n\n<p>Com quase <strong>mil metros quadrados<\/strong>, o espa\u00e7o conta com deque de 300 m\u00b2 de frente para o mar, lounges, bares, restaurante e \u00e1rea de jardim. O palco principal recebe <strong>DJs e shows ao p\u00f4r do sol<\/strong>, uma das marcas mais celebradas do projeto.<\/p>\n\n\n\n<p>\u201c<strong>A Casa Sol j\u00e1 se tornou um ponto de encontro especial no melhor ver\u00e3o do litoral norte. Em 2026, refor\u00e7amos nosso prop\u00f3sito com uma atmosfera ainda mais vibrante<\/strong>\u201d, destaca <em>Leticia Frungillo<\/em>, fundadora da Let\u2019s Produ\u00e7\u00f5es, que soma 20 anos de experi\u00eancia em grandes produ\u00e7\u00f5es nacionais e internacionais.<\/p>\n\n\n\n<h3 class=\"wp-block-heading\"><strong>Programa\u00e7\u00e3o de bem-estar e R\u00e9veillon<\/strong><\/h3>\n\n\n\n<p>Durante o dia, o p\u00fablico poder\u00e1 participar de <strong>aulas de ioga<\/strong>, <strong>gin\u00e1stica funcional<\/strong>, atividades de <strong>surfe<\/strong> e aproveitar os servi\u00e7os do <strong>SPA<\/strong>, que oferece massagens e reflexologia gratuitas mediante agendamento.<\/p>\n\n\n\n<p>No dia <strong>31 de dezembro<\/strong>, a Casa Sol realiza seu tradicional <strong>R\u00e9veillon<\/strong>, com <strong>show ao vivo e open bar<\/strong>, celebrando a virada em um dos cen\u00e1rios mais bonitos do litoral paulista.<\/p>\n\n\n\n<h3 class=\"wp-block-heading\"><strong>Servi\u00e7o<\/strong><\/h3>\n\n\n\n<p><strong>JUQY Summer Experience apresenta Casa Sol<\/strong><br>\ud83d\udcc5 <em>29 de dezembro a 11 de janeiro<\/em><br>\ud83d\udccd <em>Av. M\u00e3e Bernarda, 2013 \u2014 Juquehy, S\u00e3o Sebasti\u00e3o (SP)<\/em><\/p>\n","protected":false},"excerpt":{"rendered":"<p>Foto\/divulga\u00e7\u00e3o A Casa Sol est\u00e1 de volta ao litoral norte de S\u00e3o Paulo para mais uma edi\u00e7\u00e3o que celebra a ess\u00eancia do ver\u00e3o. De 29 de dezembro a 11 de janeiro, o beach club p\u00e9 na areia reabre em Juquehy com uma estrutura ampliada, programa\u00e7\u00e3o di\u00e1ria de bem-estar e uma agenda cheia de m\u00fasica, gastronomia [&hellip;]<\/p>\n","protected":false},"author":1441,"featured_media":15247,"comment_status":"open","ping_status":"open","sticky":false,"template":"","format":"standard","meta":{"_monsterinsights_skip_tracking":false,"_monsterinsights_sitenote_active":false,"_monsterinsights_sitenote_note":"","_monsterinsights_sitenote_category":0,"footnotes":""},"categories":[41,34,1],"tags":[],"class_list":["post-15246","post","type-post","status-publish","format-standard","has-post-thumbnail","hentry","category-agenda","category-destaque","category-sem-categoria"],"_links":{"self":[{"href":"https:\/\/cidadecult.com.br\/index.php?rest_route=\/wp\/v2\/posts\/15246","targetHints":{"allow":["GET"]}}],"collection":[{"href":"https:\/\/cidadecult.com.br\/index.php?rest_route=\/wp\/v2\/posts"}],"about":[{"href":"https:\/\/cidadecult.com.br\/index.php?rest_route=\/wp\/v2\/types\/post"}],"author":[{"embeddable":true,"href":"https:\/\/cidadecult.com.br\/index.php?rest_route=\/wp\/v2\/users\/1441"}],"replies":[{"embeddable":true,"href":"https:\/\/cidadecult.com.br\/index.php?rest_route=%2Fwp%2Fv2%2Fcomments&post=15246"}],"version-history":[{"count":1,"href":"https:\/\/cidadecult.com.br\/index.php?rest_route=\/wp\/v2\/posts\/15246\/revisions"}],"predecessor-version":[{"id":15248,"href":"https:\/\/cidadecult.com.br\/index.php?rest_route=\/wp\/v2\/posts\/15246\/revisions\/15248"}],"wp:featuredmedia":[{"embeddable":true,"href":"https:\/\/cidadecult.com.br\/index.php?rest_route=\/wp\/v2\/media\/15247"}],"wp:attachment":[{"href":"https:\/\/cidadecult.com.br\/index.php?rest_route=%2Fwp%2Fv2%2Fmedia&parent=15246"}],"wp:term":[{"taxonomy":"category","embeddable":true,"href":"https:\/\/cidadecult.com.br\/index.php?rest_route=%2Fwp%2Fv2%2Fcategories&post=15246"},{"taxonomy":"post_tag","embeddable":true,"href":"https:\/\/cidadecult.com.br\/index.php?rest_route=%2Fwp%2Fv2%2Ftags&post=15246"}],"curies":[{"name":"wp","href":"https:\/\/api.w.org\/{rel}","templated":true}]}}