{"id":15243,"date":"2025-11-27T13:05:30","date_gmt":"2025-11-27T16:05:30","guid":{"rendered":"https:\/\/cidadecult.com.br\/?p=15243"},"modified":"2025-12-02T15:39:11","modified_gmt":"2025-12-02T18:39:11","slug":"quitanda-cultura-e-saberes-encerra-edicao-de-2025-com-apresentacao-das-sambadeiras-de-roda-na-casa-luz-de-yorima","status":"publish","type":"post","link":"https:\/\/cidadecult.com.br\/?p=15243","title":{"rendered":"Quitanda Cultura e Saberes encerra edi\u00e7\u00e3o de 2025 com apresenta\u00e7\u00e3o das Sambadeiras de Roda na Casa Luz de Yorim\u00e1"},"content":{"rendered":"\n<p><em>Foto\/divulga\u00e7\u00e3o<\/em><\/p>\n\n\n\n<p>O projeto <strong>Quitanda Cultura e Saberes<\/strong> celebra o encerramento de sua edi\u00e7\u00e3o de 2025 nesta sexta-feira (28), \u00e0s 20h, com uma noite especial dedicada \u00e0 ancestralidade, ao movimento comunit\u00e1rio e \u00e0s express\u00f5es da cultura afro-brasileira. A programa\u00e7\u00e3o, gratuita e aberta ao p\u00fablico, acontece na <strong>Casa Luz de Yorim\u00e1<\/strong>, na 905 Norte, e destaca a apresenta\u00e7\u00e3o das <strong>Sambadeiras de Roda<\/strong>.<\/p>\n\n\n\n<p>Criado para valorizar e fortalecer saberes tradicionais e pr\u00e1ticas art\u00edsticas perif\u00e9ricas, o projeto promove desde agosto uma s\u00e9rie de atividades envolvendo oficinas, apresenta\u00e7\u00f5es, exposi\u00e7\u00f5es e sess\u00f5es de cinema sempre conectando territ\u00f3rios, mem\u00f3rias e identidades.<\/p>\n\n\n\n<h3 class=\"wp-block-heading\"><strong>A for\u00e7a das Sambadeiras de Roda<\/strong><\/h3>\n\n\n\n<p>Idealizado pelas sambadeiras <strong>Regina Salgado<\/strong> e <strong>Camila Ferreira<\/strong>, o coletivo Sambadeiras de Roda re\u00fane mulheres negras do Distrito Federal em uma viv\u00eancia profunda com o <strong>Samba de Roda Rural<\/strong>. O grupo se consolida como um espa\u00e7o de estudo, pr\u00e1tica e transmiss\u00e3o de saberes ancestrais, preservando a tradi\u00e7\u00e3o e fortalecendo a identidade cultural negra.<\/p>\n\n\n\n<p>Com cantigas tradicionais, instrumentos percussivos e dan\u00e7a, as sambadeiras transformam cada encontro em um ritual de mem\u00f3ria viva \u2014 um movimento que resiste, ensina e celebra.<\/p>\n\n\n\n<p>A atua\u00e7\u00e3o do coletivo ultrapassa a arte perform\u00e1tica: por meio de sambadas, oficinas e a\u00e7\u00f5es comunit\u00e1rias, o grupo contribui para a transforma\u00e7\u00e3o sociocultural no cerrado, unindo espiritualidade, afeto e territ\u00f3rio.<\/p>\n\n\n\n<h3 class=\"wp-block-heading\"><strong>Exposi\u00e7\u00e3o revive momentos marcantes do projeto<\/strong><\/h3>\n\n\n\n<p>A programa\u00e7\u00e3o tamb\u00e9m inaugura uma <strong>exposi\u00e7\u00e3o especial<\/strong>, que re\u00fane registros dos momentos mais importantes das atividades realizadas na Casa Luz de Yorim\u00e1 ao longo de 2025. A mostra destaca a diversidade de experi\u00eancias que passaram pelo espa\u00e7o, convidando o p\u00fablico a revisitar mem\u00f3rias afetivas e coletivas.<\/p>\n\n\n\n<h3 class=\"wp-block-heading\"><strong>Cultura perif\u00e9rica no centro de Bras\u00edlia<\/strong><\/h3>\n\n\n\n<p>Idealizado por <strong>M\u00e3e Leila \u2013 Auaracyara<\/strong>, o Quitanda Cultura e Saberes nasce com o prop\u00f3sito de aproximar periferia e centro, rompendo os muros simb\u00f3licos que historicamente exclu\u00edram manifesta\u00e7\u00f5es negras dos espa\u00e7os centrais da capital.<\/p>\n\n\n\n<p>\u201cNosso projeto rompe muros invis\u00edveis entre o centro e a periferia. \u00c9 uma forma de reafirmar que esses territ\u00f3rios t\u00eam pot\u00eancia, cultura e hist\u00f3ria\u201d, afirma M\u00e3e Leila, que tamb\u00e9m preside a Casa Luz de Yorim\u00e1.<\/p>\n\n\n\n<p>O nome do projeto homenageia as <strong>quitandeiras<\/strong>, mulheres negras que, desde o per\u00edodo colonial, circularam entre territ\u00f3rios vendendo alimentos e sustentando suas fam\u00edlias \u2014 muitas vezes financiando a pr\u00f3pria liberdade ou a de pessoas escravizadas. Figura-s\u00edmbolo de resist\u00eancia, cuidado e ancestralidade.<\/p>\n\n\n\n<h3 class=\"wp-block-heading\"><strong>Casa Luz de Yorim\u00e1: espa\u00e7o de cultura, f\u00e9 e resist\u00eancia<\/strong><\/h3>\n\n\n\n<p>Ponto de Cultura e Terreiro de Umbanda, a <strong>Casa Luz de Yorim\u00e1<\/strong> segue como um importante polo de diversidade religiosa e cultural no DF. Mesmo ap\u00f3s ter sofrido derrubada, o espa\u00e7o resiste e fortalece a comunidade ao promover encontros, trocas e acolhimento.<\/p>\n\n\n\n<p>\u201cO espa\u00e7o cultural \u00e9 onde contamos e ouvimos hist\u00f3rias. Quando conhecemos as pessoas e suas trajet\u00f3rias, a gente rompe com o preconceito e previne viol\u00eancias\u201d, destaca M\u00e3e Leila.<\/p>\n\n\n\n<p>O projeto tem apoio da <strong>senadora Leila do V\u00f4lei<\/strong>.<\/p>\n\n\n\n<h2 class=\"wp-block-heading\"><strong>Servi\u00e7o<\/strong><\/h2>\n\n\n\n<p><strong>Apresenta\u00e7\u00e3o das Sambadeiras de Roda + Exposi\u00e7\u00e3o Quitanda Cultura e Saberes<\/strong><br>\ud83d\udccd <strong>Sexta (28), \u00e0s 20h<\/strong><br>\ud83d\udccd <strong>Casa Luz de Yorim\u00e1 \u2014 905 Norte, Bras\u00edlia-DF<\/strong><br>\ud83c\udf9f\ufe0f <strong>Entrada gratuita<\/strong><br>\ud83d\udcde Informa\u00e7\u00f5es: @luzdeyorima<\/p>\n","protected":false},"excerpt":{"rendered":"<p>Foto\/divulga\u00e7\u00e3o O projeto Quitanda Cultura e Saberes celebra o encerramento de sua edi\u00e7\u00e3o de 2025 nesta sexta-feira (28), \u00e0s 20h, com uma noite especial dedicada \u00e0 ancestralidade, ao movimento comunit\u00e1rio e \u00e0s express\u00f5es da cultura afro-brasileira. A programa\u00e7\u00e3o, gratuita e aberta ao p\u00fablico, acontece na Casa Luz de Yorim\u00e1, na 905 Norte, e destaca a [&hellip;]<\/p>\n","protected":false},"author":1441,"featured_media":15244,"comment_status":"open","ping_status":"open","sticky":false,"template":"","format":"standard","meta":{"_monsterinsights_skip_tracking":false,"_monsterinsights_sitenote_active":false,"_monsterinsights_sitenote_note":"","_monsterinsights_sitenote_category":0,"footnotes":""},"categories":[41,1],"tags":[],"class_list":["post-15243","post","type-post","status-publish","format-standard","has-post-thumbnail","hentry","category-agenda","category-sem-categoria"],"_links":{"self":[{"href":"https:\/\/cidadecult.com.br\/index.php?rest_route=\/wp\/v2\/posts\/15243","targetHints":{"allow":["GET"]}}],"collection":[{"href":"https:\/\/cidadecult.com.br\/index.php?rest_route=\/wp\/v2\/posts"}],"about":[{"href":"https:\/\/cidadecult.com.br\/index.php?rest_route=\/wp\/v2\/types\/post"}],"author":[{"embeddable":true,"href":"https:\/\/cidadecult.com.br\/index.php?rest_route=\/wp\/v2\/users\/1441"}],"replies":[{"embeddable":true,"href":"https:\/\/cidadecult.com.br\/index.php?rest_route=%2Fwp%2Fv2%2Fcomments&post=15243"}],"version-history":[{"count":1,"href":"https:\/\/cidadecult.com.br\/index.php?rest_route=\/wp\/v2\/posts\/15243\/revisions"}],"predecessor-version":[{"id":15245,"href":"https:\/\/cidadecult.com.br\/index.php?rest_route=\/wp\/v2\/posts\/15243\/revisions\/15245"}],"wp:featuredmedia":[{"embeddable":true,"href":"https:\/\/cidadecult.com.br\/index.php?rest_route=\/wp\/v2\/media\/15244"}],"wp:attachment":[{"href":"https:\/\/cidadecult.com.br\/index.php?rest_route=%2Fwp%2Fv2%2Fmedia&parent=15243"}],"wp:term":[{"taxonomy":"category","embeddable":true,"href":"https:\/\/cidadecult.com.br\/index.php?rest_route=%2Fwp%2Fv2%2Fcategories&post=15243"},{"taxonomy":"post_tag","embeddable":true,"href":"https:\/\/cidadecult.com.br\/index.php?rest_route=%2Fwp%2Fv2%2Ftags&post=15243"}],"curies":[{"name":"wp","href":"https:\/\/api.w.org\/{rel}","templated":true}]}}