{"id":15240,"date":"2025-11-27T12:57:33","date_gmt":"2025-11-27T15:57:33","guid":{"rendered":"https:\/\/cidadecult.com.br\/?p=15240"},"modified":"2025-12-02T15:39:32","modified_gmt":"2025-12-02T18:39:32","slug":"mam-debate-2025-discute-a-institucionalizacao-do-modernismo-brasileiro-na-biblioteca-mario-de-andrade","status":"publish","type":"post","link":"https:\/\/cidadecult.com.br\/?p=15240","title":{"rendered":"MAM Debate 2025 discute a institucionaliza\u00e7\u00e3o do modernismo brasileiro na Biblioteca M\u00e1rio de Andrade"},"content":{"rendered":"\n<p><em>Foto: Ding Musa<\/em><\/p>\n\n\n\n<p>No pr\u00f3ximo <strong>6 de dezembro<\/strong>, a Biblioteca M\u00e1rio de Andrade recebe a <strong>4\u00aa edi\u00e7\u00e3o do MAM Debate<\/strong>, semin\u00e1rio gratuito promovido pelo Museu de Arte Moderna de S\u00e3o Paulo que convida o p\u00fablico a revisitar um per\u00edodo decisivo da cultura brasileira: a forma\u00e7\u00e3o das primeiras cole\u00e7\u00f5es p\u00fablicas de arte moderna nos anos 1940 e 1950.<\/p>\n\n\n\n<p>Com o tema <strong>A institui\u00e7\u00e3o do moderno<\/strong>, o encontro prop\u00f5e uma reflex\u00e3o sobre como museus, bibliotecas, curadores, cr\u00edticos e gestores moldaram o modernismo no pa\u00eds e como esse legado ainda influencia a forma como compreendemos a arte hoje. O evento reafirma o la\u00e7o hist\u00f3rico entre o MAM e a Biblioteca M\u00e1rio de Andrade, duas institui\u00e7\u00f5es que, juntas, consolidaram pr\u00e1ticas fundamentais para a difus\u00e3o da modernidade art\u00edstica no Brasil.<\/p>\n\n\n\n<h3 class=\"wp-block-heading\"><strong>Um olhar para as origens da modernidade brasileira<\/strong><\/h3>\n\n\n\n<p>O semin\u00e1rio acompanha a exposi\u00e7\u00e3o <strong>Do livro ao museu<\/strong>, fruto da parceria entre o MAM e a Biblioteca M\u00e1rio de Andrade, que destaca obras, documentos, livros e fotografias que ajudaram a formar o imagin\u00e1rio moderno. A mostra evidencia como essas institui\u00e7\u00f5es se tornaram polos essenciais para a circula\u00e7\u00e3o de ideias e para a constitui\u00e7\u00e3o de acervos pioneiros.<\/p>\n\n\n\n<h3 class=\"wp-block-heading\"><strong>Duas mesas para pensar o modernismo em seus bastidores<\/strong><\/h3>\n\n\n\n<h4 class=\"wp-block-heading\"><strong>Abertura \u2013 O MAM S\u00e3o Paulo e a institui\u00e7\u00e3o moderna<\/strong><\/h4>\n\n\n\n<p>\ud83d\udd52 \u00c0s 14h<br>\ud83c\udf99 Com <strong>Cau\u00ea Alves<\/strong>, curador-chefe do MAM<\/p>\n\n\n\n<h4 class=\"wp-block-heading\"><strong>Mesa 1 \u2014 Personagens e hist\u00f3rias entre o MAM e a Biblioteca M\u00e1rio de Andrade<\/strong><\/h4>\n\n\n\n<p>\ud83d\udd52 Das 14h30 \u00e0s 16h30<br><strong>Participantes:<\/strong><\/p>\n\n\n\n<ul class=\"wp-block-list\">\n<li>Helouise Costa (MAC USP)<\/li>\n\n\n\n<li>Lisbeth Rebollo (PROLAM USP)<\/li>\n\n\n\n<li>Pedro Nery (MAM e curador da exposi\u00e7\u00e3o <em>Do livro ao museu<\/em>)<br><strong>Media\u00e7\u00e3o:<\/strong> Pedro Nery<\/li>\n<\/ul>\n\n\n\n<p>A mesa revisita trajet\u00f3rias de figuras decisivas como <strong>S\u00e9rgio Milliet<\/strong>, que dirigiu tanto o MAM quanto a Biblioteca, e <strong>Maria Eug\u00eania Franco<\/strong>, respons\u00e1vel por iniciativas pioneiras de documenta\u00e7\u00e3o e exposi\u00e7\u00e3o. Suas a\u00e7\u00f5es ajudaram a definir pol\u00edticas de aquisi\u00e7\u00e3o, circula\u00e7\u00e3o e preserva\u00e7\u00e3o que moldaram a ideia de arte moderna no pa\u00eds.<\/p>\n\n\n\n<h4 class=\"wp-block-heading\"><strong>Mesa 2 \u2014 Circula\u00e7\u00e3o da arte moderna<\/strong><\/h4>\n\n\n\n<p>\ud83d\udd52 Das 17h \u00e0s 19h<br><strong>Participantes:<\/strong><\/p>\n\n\n\n<ul class=\"wp-block-list\">\n<li>Taisa Palhares (Unicamp)<\/li>\n\n\n\n<li>Jos\u00e9 Augusto Ribeiro (curador e pesquisador)<\/li>\n\n\n\n<li>Ana Paula Simioni (IEB USP)<br><strong>Media\u00e7\u00e3o:<\/strong> Cau\u00ea Alves<\/li>\n<\/ul>\n\n\n\n<p>A conversa analisa os circuitos internacionais que influenciaram o modernismo brasileiro, desde a entrada de \u00e1lbuns e obras europeias em acervos p\u00fablicos at\u00e9 a proje\u00e7\u00e3o global da produ\u00e7\u00e3o nacional. A mesa tamb\u00e9m discute como narrativas, disputas, aus\u00eancias e recortes \u2014 inclusive a presen\u00e7a limitada de mulheres artistas ajudaram a construir o c\u00e2none moderno.<\/p>\n\n\n\n<h3 class=\"wp-block-heading\"><strong>Sobre o MAM Debate<\/strong><\/h3>\n\n\n\n<p>Criado para impulsionar discuss\u00f5es sobre arte moderna, contempor\u00e2nea e temas institucionais, o MAM Debate funciona como plataforma de pesquisa e reflex\u00e3o sobre o passado, o presente e o futuro do museu e de suas intera\u00e7\u00f5es com a sociedade.<\/p>\n\n\n\n<h3 class=\"wp-block-heading\"><strong>Servi\u00e7o<\/strong><\/h3>\n\n\n\n<p><strong>MAM Debate 2025 \u2013 A institui\u00e7\u00e3o do moderno<\/strong><br>\ud83d\udccd Biblioteca M\u00e1rio de Andrade \u2014 R. da Consola\u00e7\u00e3o, 94, S\u00e3o Paulo<br>\ud83d\udcc5 <strong>6 de dezembro de 2025 (s\u00e1bado)<\/strong><br>\ud83d\udd52 Das 14h \u00e0s 19h<br>\ud83c\udf9f Entrada gratuita (inscri\u00e7\u00f5es via Sympla)<br>\ud83d\udd1e Classifica\u00e7\u00e3o: livre<\/p>\n\n\n\n<p>A 4\u00aa edi\u00e7\u00e3o do MAM Debate oferece uma oportunidade \u00fanica de revisitar as ra\u00edzes da modernidade art\u00edstica no Brasil e de entender como institui\u00e7\u00f5es culturais moldaram \u2014 e seguem moldando \u2014 nossa rela\u00e7\u00e3o com a arte. Um convite para pensar, questionar e imaginar novos caminhos para o futuro das narrativas modernas no pa\u00eds.<\/p>\n\n\n\n<p>Se quiser alguma vers\u00e3o mais curta, mais jornal\u00edstica ou mais criativa, \u00e9 s\u00f3 me pedir!<\/p>\n","protected":false},"excerpt":{"rendered":"<p>Foto: Ding Musa No pr\u00f3ximo 6 de dezembro, a Biblioteca M\u00e1rio de Andrade recebe a 4\u00aa edi\u00e7\u00e3o do MAM Debate, semin\u00e1rio gratuito promovido pelo Museu de Arte Moderna de S\u00e3o Paulo que convida o p\u00fablico a revisitar um per\u00edodo decisivo da cultura brasileira: a forma\u00e7\u00e3o das primeiras cole\u00e7\u00f5es p\u00fablicas de arte moderna nos anos 1940 [&hellip;]<\/p>\n","protected":false},"author":1441,"featured_media":15241,"comment_status":"open","ping_status":"open","sticky":false,"template":"","format":"standard","meta":{"_monsterinsights_skip_tracking":false,"_monsterinsights_sitenote_active":false,"_monsterinsights_sitenote_note":"","_monsterinsights_sitenote_category":0,"footnotes":""},"categories":[34,290,1],"tags":[],"class_list":["post-15240","post","type-post","status-publish","format-standard","has-post-thumbnail","hentry","category-destaque","category-educacao","category-sem-categoria"],"_links":{"self":[{"href":"https:\/\/cidadecult.com.br\/index.php?rest_route=\/wp\/v2\/posts\/15240","targetHints":{"allow":["GET"]}}],"collection":[{"href":"https:\/\/cidadecult.com.br\/index.php?rest_route=\/wp\/v2\/posts"}],"about":[{"href":"https:\/\/cidadecult.com.br\/index.php?rest_route=\/wp\/v2\/types\/post"}],"author":[{"embeddable":true,"href":"https:\/\/cidadecult.com.br\/index.php?rest_route=\/wp\/v2\/users\/1441"}],"replies":[{"embeddable":true,"href":"https:\/\/cidadecult.com.br\/index.php?rest_route=%2Fwp%2Fv2%2Fcomments&post=15240"}],"version-history":[{"count":1,"href":"https:\/\/cidadecult.com.br\/index.php?rest_route=\/wp\/v2\/posts\/15240\/revisions"}],"predecessor-version":[{"id":15242,"href":"https:\/\/cidadecult.com.br\/index.php?rest_route=\/wp\/v2\/posts\/15240\/revisions\/15242"}],"wp:featuredmedia":[{"embeddable":true,"href":"https:\/\/cidadecult.com.br\/index.php?rest_route=\/wp\/v2\/media\/15241"}],"wp:attachment":[{"href":"https:\/\/cidadecult.com.br\/index.php?rest_route=%2Fwp%2Fv2%2Fmedia&parent=15240"}],"wp:term":[{"taxonomy":"category","embeddable":true,"href":"https:\/\/cidadecult.com.br\/index.php?rest_route=%2Fwp%2Fv2%2Fcategories&post=15240"},{"taxonomy":"post_tag","embeddable":true,"href":"https:\/\/cidadecult.com.br\/index.php?rest_route=%2Fwp%2Fv2%2Ftags&post=15240"}],"curies":[{"name":"wp","href":"https:\/\/api.w.org\/{rel}","templated":true}]}}