{"id":15236,"date":"2025-11-27T12:50:09","date_gmt":"2025-11-27T15:50:09","guid":{"rendered":"https:\/\/cidadecult.com.br\/?p=15236"},"modified":"2025-11-27T12:53:04","modified_gmt":"2025-11-27T15:53:04","slug":"filme-voce-esta-no-caminho-certo-inspirado-em-carolina-maria-de-jesus-tem-estreia-gratuita-em-sao-paulo","status":"publish","type":"post","link":"https:\/\/cidadecult.com.br\/?p=15236","title":{"rendered":"Filme \u201cVoc\u00ea Est\u00e1 No Caminho Certo\u201d, inspirado em Carolina Maria de Jesus, tem estreia gratuita em S\u00e3o Paulo"},"content":{"rendered":"\n<p><em>Foto\/divulga\u00e7\u00e3o<\/em><\/p>\n\n\n\n<p>O legado de <strong>Carolina Maria de Jesus<\/strong> volta ao centro da cena com o lan\u00e7amento do curta-metragem <strong>Voc\u00ea Est\u00e1 No Caminho Certo<\/strong>, que ter\u00e1 duas sess\u00f5es \u00fanicas e gratuitas no Estado de S\u00e3o Paulo. A primeira acontece no <strong>SPCINE Olido<\/strong>, no dia <strong>29 de novembro<\/strong>, \u00e0s 17h; a segunda integra o <strong>Festival de Cinema de S\u00e3o Bernardo do Campo<\/strong>, no dia <strong>30 de novembro<\/strong>, \u00e0s 15h.<\/p>\n\n\n\n<p>Dirigido pelo cineasta paraense <strong>Marcos Corr\u00eaa<\/strong> e realizado com fomento do <strong>ProAC SP<\/strong>, o filme se inspira no cl\u00e1ssico <em>Quarto de despejo: Di\u00e1rio de uma favelada<\/em> (1960). A obra acompanha a professora e pesquisadora <strong>Beta Ferreira<\/strong>, que se aproxima ainda mais da escrita ao revisitar os caminhos percorridos por Carolina em S\u00e3o Paulo. O percurso revela como a literatura da autora segue atual, incisiva e profundamente conectada \u00e0s din\u00e2micas urbanas de ontem e de hoje.<\/p>\n\n\n\n<h2 class=\"wp-block-heading\"><strong>Entre mem\u00f3ria e cria\u00e7\u00e3o<\/strong><\/h2>\n\n\n\n<p>Misturando documental e fic\u00e7\u00e3o, o curta incorpora imagens de arquivo de Carolina Maria de Jesus, aproximando a autora dos locais revisitados por Beta. O filme tamb\u00e9m conta com a participa\u00e7\u00e3o da atriz-MC e pesquisadora <strong>Roberta Estrela D\u2019Alva<\/strong> e das netas da escritora, <strong>Adriana e Eliane de Jesus<\/strong>, que contribuem para ampliar o olhar afetivo sobre o legado de Carolina.<\/p>\n\n\n\n<p>Ap\u00f3s a exibi\u00e7\u00e3o no SPCINE Olido, haver\u00e1 <strong>debate com o diretor e parte da equipe<\/strong>, refor\u00e7ando o di\u00e1logo entre literatura, cinema e mem\u00f3ria social.<\/p>\n\n\n\n<h1 class=\"wp-block-heading\"><strong>SERVI\u00c7O \u2013 VOC\u00ca EST\u00c1 NO CAMINHO CERTO<\/strong><\/h1>\n\n\n\n<h3 class=\"wp-block-heading\"><strong>SPCINE OLIDO<\/strong><\/h3>\n\n\n\n<p><strong>Data:<\/strong> 29 de novembro (s\u00e1bado)<br><strong>Hor\u00e1rio:<\/strong> 17h<br><strong>Local:<\/strong> Av. S\u00e3o Jo\u00e3o, 473 \u2013 Centro Hist\u00f3rico de S\u00e3o Paulo<br><strong>Ingresso:<\/strong> Gratuito (retirada 1h antes)<br><strong>Capacidade:<\/strong> 236 lugares<\/p>\n\n\n\n<h3 class=\"wp-block-heading\"><strong>Festival de Cinema de S\u00e3o Bernardo do Campo<\/strong><\/h3>\n\n\n\n<p><strong>Data:<\/strong> 30 de novembro (domingo)<br><strong>Hor\u00e1rio:<\/strong> 15h<br><strong>Local:<\/strong> Av. Lucas Nogueira Garc\u00eas, 856<br><strong>Ingresso:<\/strong> Gratuito (retirada pelo site)<\/p>\n\n\n\n<h1 class=\"wp-block-heading\"><strong>SINOPSE<\/strong><\/h1>\n\n\n\n<p>O curta acompanha a professora Beta Ferreira em um percurso pelas ruas de S\u00e3o Paulo, destacando como a escrita de <em>Quarto de despejo<\/em> permanece viva e necess\u00e1ria. O filme reflete sobre a for\u00e7a da palavra e sobre a presen\u00e7a cont\u00ednua de Carolina Maria de Jesus como refer\u00eancia liter\u00e1ria e social.<\/p>\n\n\n\n<h1 class=\"wp-block-heading\"><strong>FICHA T\u00c9CNICA<\/strong><\/h1>\n\n\n\n<p><strong>T\u00edtulo:<\/strong> Voc\u00ea Est\u00e1 No Caminho Certo<br><strong>Dire\u00e7\u00e3o:<\/strong> Marcos Corr\u00eaa<br><strong>Ano:<\/strong> 2025<br><strong>Dura\u00e7\u00e3o:<\/strong> 17 minutos<br><strong>Formato:<\/strong> digital, colorido<br><strong>Realiza\u00e7\u00e3o:<\/strong> Secretaria da Cultura, Economia e Ind\u00fastria Criativas e Programa de A\u00e7\u00e3o Cultural \u2013 ProAC SP (Edital 29\/2023)<\/p>\n\n\n\n<h1 class=\"wp-block-heading\"><strong>Carolina Maria de Jesus<\/strong><\/h1>\n\n\n\n<p>Autora de um dos maiores marcos da literatura brasileira, Carolina nasceu em Sacramento (MG) e viveu no Canind\u00e9, em S\u00e3o Paulo, onde registrou em cadernos recolhidos do lixo a dureza e a resist\u00eancia das periferias nos anos 1950. Seu livro <em>Quarto de despejo<\/em> tornou-se um fen\u00f4meno internacional e permanece fundamental para compreender desigualdades e viv\u00eancias nas favelas brasileiras.<\/p>\n\n\n\n<h1 class=\"wp-block-heading\"><strong>Sobre o diretor<\/strong><\/h1>\n\n\n\n<p><strong>Marcos Corr\u00eaa<\/strong> \u00e9 diretor e produtor paraense, com obras exibidas no Brasil e em diversos pa\u00edses. Premiado em festivais nacionais e internacionais, destaca, em sua filmografia, narrativas centradas na cultura popular, na popula\u00e7\u00e3o preta e na comunidade LGBTQIA+.<\/p>\n\n\n\n<h1 class=\"wp-block-heading\"><strong>Sobre Beta Ferreira<\/strong><\/h1>\n\n\n\n<p>Escritora, pesquisadora e palestrante, <strong>Beta Ferreira<\/strong> dedica-se ao estudo da obra de Carolina Maria de Jesus e atua em projetos de escrita afetiva, educa\u00e7\u00e3o antirracista e desenvolvimento humano em escolas, empresas e iniciativas culturais.<\/p>\n\n\n\n<p><strong>\u201cVoc\u00ea est\u00e1 no caminho certo\u201d reafirma a presen\u00e7a indispens\u00e1vel de Carolina Maria de Jesus na literatura brasileira, celebrando sua voz, seu olhar e sua for\u00e7a transformadora, um convite \u00e0 reflex\u00e3o e \u00e0 mem\u00f3ria viva.<\/strong><\/p>\n","protected":false},"excerpt":{"rendered":"<p>Foto\/divulga\u00e7\u00e3o O legado de Carolina Maria de Jesus volta ao centro da cena com o lan\u00e7amento do curta-metragem Voc\u00ea Est\u00e1 No Caminho Certo, que ter\u00e1 duas sess\u00f5es \u00fanicas e gratuitas no Estado de S\u00e3o Paulo. A primeira acontece no SPCINE Olido, no dia 29 de novembro, \u00e0s 17h; a segunda integra o Festival de Cinema [&hellip;]<\/p>\n","protected":false},"author":1441,"featured_media":15239,"comment_status":"open","ping_status":"open","sticky":false,"template":"","format":"standard","meta":{"_monsterinsights_skip_tracking":false,"_monsterinsights_sitenote_active":false,"_monsterinsights_sitenote_note":"","_monsterinsights_sitenote_category":0,"footnotes":""},"categories":[54],"tags":[5493],"class_list":["post-15236","post","type-post","status-publish","format-standard","has-post-thumbnail","hentry","category-brasil","tag-voceestanocaminhocerto"],"_links":{"self":[{"href":"https:\/\/cidadecult.com.br\/index.php?rest_route=\/wp\/v2\/posts\/15236","targetHints":{"allow":["GET"]}}],"collection":[{"href":"https:\/\/cidadecult.com.br\/index.php?rest_route=\/wp\/v2\/posts"}],"about":[{"href":"https:\/\/cidadecult.com.br\/index.php?rest_route=\/wp\/v2\/types\/post"}],"author":[{"embeddable":true,"href":"https:\/\/cidadecult.com.br\/index.php?rest_route=\/wp\/v2\/users\/1441"}],"replies":[{"embeddable":true,"href":"https:\/\/cidadecult.com.br\/index.php?rest_route=%2Fwp%2Fv2%2Fcomments&post=15236"}],"version-history":[{"count":1,"href":"https:\/\/cidadecult.com.br\/index.php?rest_route=\/wp\/v2\/posts\/15236\/revisions"}],"predecessor-version":[{"id":15238,"href":"https:\/\/cidadecult.com.br\/index.php?rest_route=\/wp\/v2\/posts\/15236\/revisions\/15238"}],"wp:featuredmedia":[{"embeddable":true,"href":"https:\/\/cidadecult.com.br\/index.php?rest_route=\/wp\/v2\/media\/15239"}],"wp:attachment":[{"href":"https:\/\/cidadecult.com.br\/index.php?rest_route=%2Fwp%2Fv2%2Fmedia&parent=15236"}],"wp:term":[{"taxonomy":"category","embeddable":true,"href":"https:\/\/cidadecult.com.br\/index.php?rest_route=%2Fwp%2Fv2%2Fcategories&post=15236"},{"taxonomy":"post_tag","embeddable":true,"href":"https:\/\/cidadecult.com.br\/index.php?rest_route=%2Fwp%2Fv2%2Ftags&post=15236"}],"curies":[{"name":"wp","href":"https:\/\/api.w.org\/{rel}","templated":true}]}}