{"id":15225,"date":"2025-11-23T11:25:39","date_gmt":"2025-11-23T14:25:39","guid":{"rendered":"https:\/\/cidadecult.com.br\/?p=15225"},"modified":"2025-11-23T11:25:41","modified_gmt":"2025-11-23T14:25:41","slug":"3a-teia-forum-dos-pontos-de-cultura-do-df-abre-programacao-com-debates-feira-solidaria-e-cortejo-tradicional-no-centro-cultural-renato-russo","status":"publish","type":"post","link":"https:\/\/cidadecult.com.br\/?p=15225","title":{"rendered":"3\u00aa TEIA\/F\u00f3rum dos Pontos de Cultura do DF abre programa\u00e7\u00e3o com debates, feira solid\u00e1ria e cortejo tradicional no Centro Cultural Renato Russo"},"content":{"rendered":"\n<p><em>Foto\/divulga\u00e7\u00e3o<\/em><\/p>\n\n\n\n<p>A 3\u00aa TEIA\/F\u00f3rum Pontos e Pont\u00f5es de Cultura do Distrito Federal abriu sua programa\u00e7\u00e3o nesta sexta-feira (21), reunindo produtores, gestores culturais e artistas no Centro Cultural Renato Russo. Organizado pela Rede Cultura Viva DF, o encontro destacou temas como <strong>justi\u00e7a clim\u00e1tica<\/strong>, diversidade e os rumos das pol\u00edticas p\u00fablicas para a cultura no Distrito Federal.<\/p>\n\n\n\n<h3 class=\"wp-block-heading\"><strong>Feira, cortejo e celebra\u00e7\u00e3o da cultura viva<\/strong><\/h3>\n\n\n\n<p>O primeiro dia come\u00e7ou com a <strong>Feira de Economia Solid\u00e1ria<\/strong>, que levou ao p\u00fablico produtos artesanais, gastron\u00f4micos e ecol\u00f3gicos criados por diversos Pontos de Cultura do DF. Em seguida, o espa\u00e7o foi tomado pelo colorido e pelo ritmo do <strong>cortejo c\u00eanico-musical<\/strong> do Encontro de Bois do DF, protagonizado pelo Boi do Seu Teodoro, Boi Jatob\u00e1 e Boi do Itapo\u00e3 \u2014 s\u00edmbolos da resist\u00eancia e da tradi\u00e7\u00e3o popular brasileira. A programa\u00e7\u00e3o ainda contou com apresenta\u00e7\u00f5es musicais ao longo da tarde.<\/p>\n\n\n\n<h3 class=\"wp-block-heading\"><strong>Debate sobre fomento e pol\u00edticas culturais<\/strong><\/h3>\n\n\n\n<p>A mesa tem\u00e1tica reuniu nomes importantes da cultura institucional e da rede Cultura Viva:<\/p>\n\n\n\n<ul class=\"wp-block-list\">\n<li><strong>M\u00e1rcia Helena Rollemberg<\/strong>, Secret\u00e1ria de Cidadania e Diversidade Cultural (MinC);<\/li>\n\n\n\n<li><strong>Jo\u00e3o C\u00e2ndido<\/strong>, Subsecret\u00e1rio de Cultura e Economia Criativa do DF;<\/li>\n\n\n\n<li><strong>Walter Cedro<\/strong>, da Comiss\u00e3o Nacional dos Pontos de Cultura\/DF e integrante do Ponto de Cultura Mamulengo Sem Fronteiras;<\/li>\n\n\n\n<li><strong>Leandro Artur Anton<\/strong>, Coordenador Geral de Articula\u00e7\u00e3o da Cultura Viva (MinC);<\/li>\n\n\n\n<li><strong>H\u00e9lio Martins<\/strong>, representante da Comiss\u00e3o Nacional dos Pontos de Cultura\/GO.<\/li>\n<\/ul>\n\n\n\n<p>Em pauta, a necessidade de ampliar o acesso ao fomento, fortalecer os direitos culturais e garantir a continuidade das a\u00e7\u00f5es dos Pontos de Cultura. Para a secret\u00e1ria M\u00e1rcia Helena Rollemberg, a TEIA reafirma o papel essencial da cultura nos territ\u00f3rios:<\/p>\n\n\n\n<blockquote class=\"wp-block-quote is-layout-flow wp-block-quote-is-layout-flow\">\n<p>\u201cEssa TEIA \u00e9 o momento de fertilizar, de fomentar e alimentar nossa alma para fazer valer nossos direitos culturais.\u201d<\/p>\n<\/blockquote>\n\n\n\n<p>Ailton Velez, do Ponto de Cultura Meninos de Ceil\u00e2ndia, refor\u00e7ou a pot\u00eancia do DF como polo cultural:<\/p>\n\n\n\n<blockquote class=\"wp-block-quote is-layout-flow wp-block-quote-is-layout-flow\">\n<p>\u201cA diversidade aqui \u00e9 muito grande. A TEIA fortalece um movimento de 20 anos e nos permite construir novas vis\u00f5es para as pol\u00edticas culturais do futuro.\u201d<\/p>\n<\/blockquote>\n\n\n\n<h3 class=\"wp-block-heading\"><strong>Rumo \u00e0 Teia Nacional 2026<\/strong><\/h3>\n\n\n\n<p>A edi\u00e7\u00e3o distrital \u00e9 parte da prepara\u00e7\u00e3o para a <strong>6\u00aa Teia Nacional dos Pontos de Cultura<\/strong>, que ser\u00e1 realizada no Esp\u00edrito Santo em mar\u00e7o de 2026. No DF, o encontro se conecta diretamente \u00e0 <strong>Pol\u00edtica Nacional Aldir Blanc (PNAB)<\/strong>, hoje uma das principais bases de fomento cultural do pa\u00eds.<\/p>\n\n\n\n<p>O evento conta com apoio do Minist\u00e9rio da Cultura, Secretaria de Cultura do DF, Comiss\u00e3o Nacional dos Pontos de Cultura e Rede Distrital dos Pontos de Cultura, al\u00e9m do suporte do <strong>OMNI \u2013 Instituto de Desenvolvimento Social<\/strong>, por meio da PNAB. A articula\u00e7\u00e3o entre sociedade civil e institui\u00e7\u00f5es p\u00fablicas refor\u00e7a o compromisso com o tema <strong>\u201cPontos de Cultura pela Justi\u00e7a Clim\u00e1tica\u201d<\/strong> e com a escolha da delega\u00e7\u00e3o brasiliense para o encontro nacional.<\/p>\n\n\n\n<p>A 3\u00aa TEIA reafirma a for\u00e7a da cultura comunit\u00e1ria no DF e aponta caminhos para um futuro em que tradi\u00e7\u00e3o, diversidade e pol\u00edticas p\u00fablicas se encontram para transformar territ\u00f3rios.<\/p>\n\n\n\n<p><strong>Quer acompanhar mais movimentos da cultura viva no DF? Acesse o Cidade CULT e fique por dentro de tudo!<\/strong><\/p>\n","protected":false},"excerpt":{"rendered":"<p>Foto\/divulga\u00e7\u00e3o A 3\u00aa TEIA\/F\u00f3rum Pontos e Pont\u00f5es de Cultura do Distrito Federal abriu sua programa\u00e7\u00e3o nesta sexta-feira (21), reunindo produtores, gestores culturais e artistas no Centro Cultural Renato Russo. Organizado pela Rede Cultura Viva DF, o encontro destacou temas como justi\u00e7a clim\u00e1tica, diversidade e os rumos das pol\u00edticas p\u00fablicas para a cultura no Distrito Federal. [&hellip;]<\/p>\n","protected":false},"author":1441,"featured_media":15226,"comment_status":"open","ping_status":"open","sticky":false,"template":"","format":"standard","meta":{"_monsterinsights_skip_tracking":false,"_monsterinsights_sitenote_active":false,"_monsterinsights_sitenote_note":"","_monsterinsights_sitenote_category":0,"footnotes":""},"categories":[41,2569,17,34,3],"tags":[5490,403,676],"class_list":["post-15225","post","type-post","status-publish","format-standard","has-post-thumbnail","hentry","category-agenda","category-arte","category-bsb","category-destaque","category-entertainment","tag-brasiliaentreterimento","tag-cidadecult-2","tag-cult"],"_links":{"self":[{"href":"https:\/\/cidadecult.com.br\/index.php?rest_route=\/wp\/v2\/posts\/15225","targetHints":{"allow":["GET"]}}],"collection":[{"href":"https:\/\/cidadecult.com.br\/index.php?rest_route=\/wp\/v2\/posts"}],"about":[{"href":"https:\/\/cidadecult.com.br\/index.php?rest_route=\/wp\/v2\/types\/post"}],"author":[{"embeddable":true,"href":"https:\/\/cidadecult.com.br\/index.php?rest_route=\/wp\/v2\/users\/1441"}],"replies":[{"embeddable":true,"href":"https:\/\/cidadecult.com.br\/index.php?rest_route=%2Fwp%2Fv2%2Fcomments&post=15225"}],"version-history":[{"count":1,"href":"https:\/\/cidadecult.com.br\/index.php?rest_route=\/wp\/v2\/posts\/15225\/revisions"}],"predecessor-version":[{"id":15227,"href":"https:\/\/cidadecult.com.br\/index.php?rest_route=\/wp\/v2\/posts\/15225\/revisions\/15227"}],"wp:featuredmedia":[{"embeddable":true,"href":"https:\/\/cidadecult.com.br\/index.php?rest_route=\/wp\/v2\/media\/15226"}],"wp:attachment":[{"href":"https:\/\/cidadecult.com.br\/index.php?rest_route=%2Fwp%2Fv2%2Fmedia&parent=15225"}],"wp:term":[{"taxonomy":"category","embeddable":true,"href":"https:\/\/cidadecult.com.br\/index.php?rest_route=%2Fwp%2Fv2%2Fcategories&post=15225"},{"taxonomy":"post_tag","embeddable":true,"href":"https:\/\/cidadecult.com.br\/index.php?rest_route=%2Fwp%2Fv2%2Ftags&post=15225"}],"curies":[{"name":"wp","href":"https:\/\/api.w.org\/{rel}","templated":true}]}}