{"id":15205,"date":"2025-11-21T12:29:07","date_gmt":"2025-11-21T15:29:07","guid":{"rendered":"https:\/\/cidadecult.com.br\/?p=15205"},"modified":"2025-11-21T12:29:11","modified_gmt":"2025-11-21T15:29:11","slug":"conceicao-evaristo-participa-do-sempre-um-papo-em-brasilia-com-debate-sobre-literatura-memoria-e-escrevivencia","status":"publish","type":"post","link":"https:\/\/cidadecult.com.br\/?p=15205","title":{"rendered":"Concei\u00e7\u00e3o Evaristo participa do Sempre um Papo em Bras\u00edlia com debate sobre literatura, mem\u00f3ria e escreviv\u00eancia"},"content":{"rendered":"\n<p><em>Foto\/divulga\u00e7\u00e3o<\/em><\/p>\n\n\n\n<p>Bras\u00edlia recebe, no dia <strong>26 de novembro<\/strong>, uma das vozes centrais da literatura brasileira contempor\u00e2nea. A escritora <strong>Concei\u00e7\u00e3o Evaristo<\/strong> \u00e9 a convidada do projeto <strong>Sempre um Papo<\/strong>, que realiza mais uma edi\u00e7\u00e3o no <strong>Teatro da CAIXA Cultural<\/strong>, \u00e0s <strong>19h30<\/strong>, com entrada gratuita. O encontro tem como tema <strong>\u201cLiteratura, Mem\u00f3ria e Escreviv\u00eancia\u201d<\/strong>, destacando a palavra como instrumento de resist\u00eancia, ancestralidade e afirma\u00e7\u00e3o identit\u00e1ria.<\/p>\n\n\n\n<p>A edi\u00e7\u00e3o integra a temporada 2025 do Sempre um Papo em Bras\u00edlia, realizada com patroc\u00ednio da CAIXA e do Governo Federal via Lei Rouanet, e apoio cultural da Emgea. Os ingressos estar\u00e3o dispon\u00edveis uma hora antes do evento. Classifica\u00e7\u00e3o indicativa: 14 anos.<\/p>\n\n\n\n<p>Ao longo do ano, o programa trouxe a Bras\u00edlia nomes como Itamar Vieira J\u00fanior, Ailton Krenak, Ana Maria Gon\u00e7alves, Bianca Santana, Valter Hugo M\u00e3e e, em dezembro, Milton Hatoum, refor\u00e7ando a voca\u00e7\u00e3o do Sempre um Papo para promover reflex\u00e3o, diversidade e a troca entre autores e leitores.<\/p>\n\n\n\n<h3 class=\"wp-block-heading\"><strong>A for\u00e7a da escreviv\u00eancia<\/strong><\/h3>\n\n\n\n<p>Autora de obras como <em>Ponci\u00e1 Vic\u00eancio<\/em>, <em>Becos da Mem\u00f3ria<\/em> e <em>Olhos d\u2019\u00c1gua<\/em> \u2014 vencedor do Pr\u00eamio Jabuti \u2014, <strong>Concei\u00e7\u00e3o Evaristo<\/strong> se tornou refer\u00eancia mundial ao transformar a experi\u00eancia da mulher negra em narrativa liter\u00e1ria e pol\u00edtica. Traduzida em diversos pa\u00edses, Evaristo traz em sua escrita a marca da resist\u00eancia, da mem\u00f3ria coletiva e da constru\u00e7\u00e3o de identidades. No encontro, ela compartilha sua trajet\u00f3ria, seus projetos mais recentes e o conceito de <strong>escreviv\u00eancia<\/strong>, que une vida, palavra e ancestralidade.<\/p>\n\n\n\n<h3 class=\"wp-block-heading\"><strong>Media\u00e7\u00e3o de Matheus Leit\u00e3o<\/strong><\/h3>\n\n\n\n<p>A conversa ser\u00e1 mediada pelo jornalista <strong>Matheus Leit\u00e3o<\/strong>, colunista da revista <em>Veja<\/em> e vencedor de pr\u00eamios como Esso, Embratel, Vladimir Herzog e SIP. Com atua\u00e7\u00e3o em ve\u00edculos como <em>Correio Braziliense<\/em>, <em>Folha de S.Paulo<\/em> e G1, Leit\u00e3o tamb\u00e9m \u00e9 autor de <em>Em nome dos pais<\/em>, obra que originou document\u00e1rio exibido pela HBO.<\/p>\n\n\n\n<h3 class=\"wp-block-heading\"><strong>Um dos projetos culturais mais longevos do pa\u00eds<\/strong><\/h3>\n\n\n\n<p>Com 39 anos de exist\u00eancia, o <strong>Sempre um Papo<\/strong>, idealizado por Afonso Borges, j\u00e1 realizou mais de 8 mil encontros e impactou cerca de 3 milh\u00f5es de pessoas. Presente em cidades como Belo Horizonte, S\u00e3o Paulo, Paracatu, Arax\u00e1 e Bras\u00edlia, o programa segue fortalecendo o acesso \u00e0 literatura, estimulando o pensamento cr\u00edtico e promovendo a circula\u00e7\u00e3o de ideias.<\/p>\n\n\n\n<h2 class=\"wp-block-heading\"><strong>Servi\u00e7o<\/strong>&#8211; Sempre um papo com Concei\u00e7\u00e3o Evaristo<\/h2>\n\n\n\n<p><strong>Tema: Literatura, Mem\u00f3ria e Direitos<\/strong>: <br>\ud83d\udcc5 26 de novembro de 2025 (ter\u00e7a-feira);<br>\u23f0 19h30;<br>\ud83d\udccd Teatro da CAIXA Cultural Bras\u00edlia;<br>\ud83c\udf9f Entrada gratuita (ingressos distribu\u00eddos uma hora antes);<br>\ud83d\udd1e Classifica\u00e7\u00e3o: 14 anos.<\/p>\n\n\n\n<p><strong>Patroc\u00ednio:<\/strong> CAIXA \/ Governo Federal;<br><strong>Apoio cultural:<\/strong> Emgea.<\/p>\n\n\n\n<p><strong>Informa\u00e7\u00f5es \u00e0 imprensa:<\/strong><br>Rodrigo Machado \u2013 (61) 9.8654.2569;<br>Territ\u00f3rio Comunica\u00e7\u00e3o;<br>@territorio.comunicacao.<\/p>\n","protected":false},"excerpt":{"rendered":"<p>Foto\/divulga\u00e7\u00e3o Bras\u00edlia recebe, no dia 26 de novembro, uma das vozes centrais da literatura brasileira contempor\u00e2nea. A escritora Concei\u00e7\u00e3o Evaristo \u00e9 a convidada do projeto Sempre um Papo, que realiza mais uma edi\u00e7\u00e3o no Teatro da CAIXA Cultural, \u00e0s 19h30, com entrada gratuita. O encontro tem como tema \u201cLiteratura, Mem\u00f3ria e Escreviv\u00eancia\u201d, destacando a palavra [&hellip;]<\/p>\n","protected":false},"author":1441,"featured_media":15206,"comment_status":"open","ping_status":"open","sticky":false,"template":"","format":"standard","meta":{"_monsterinsights_skip_tracking":false,"_monsterinsights_sitenote_active":false,"_monsterinsights_sitenote_note":"","_monsterinsights_sitenote_category":0,"footnotes":""},"categories":[41,17,34,3,43],"tags":[5488,487,2162],"class_list":["post-15205","post","type-post","status-publish","format-standard","has-post-thumbnail","hentry","category-agenda","category-bsb","category-destaque","category-entertainment","category-releases","tag-brasilia-7","tag-destaque","tag-memoria"],"_links":{"self":[{"href":"https:\/\/cidadecult.com.br\/index.php?rest_route=\/wp\/v2\/posts\/15205","targetHints":{"allow":["GET"]}}],"collection":[{"href":"https:\/\/cidadecult.com.br\/index.php?rest_route=\/wp\/v2\/posts"}],"about":[{"href":"https:\/\/cidadecult.com.br\/index.php?rest_route=\/wp\/v2\/types\/post"}],"author":[{"embeddable":true,"href":"https:\/\/cidadecult.com.br\/index.php?rest_route=\/wp\/v2\/users\/1441"}],"replies":[{"embeddable":true,"href":"https:\/\/cidadecult.com.br\/index.php?rest_route=%2Fwp%2Fv2%2Fcomments&post=15205"}],"version-history":[{"count":1,"href":"https:\/\/cidadecult.com.br\/index.php?rest_route=\/wp\/v2\/posts\/15205\/revisions"}],"predecessor-version":[{"id":15207,"href":"https:\/\/cidadecult.com.br\/index.php?rest_route=\/wp\/v2\/posts\/15205\/revisions\/15207"}],"wp:featuredmedia":[{"embeddable":true,"href":"https:\/\/cidadecult.com.br\/index.php?rest_route=\/wp\/v2\/media\/15206"}],"wp:attachment":[{"href":"https:\/\/cidadecult.com.br\/index.php?rest_route=%2Fwp%2Fv2%2Fmedia&parent=15205"}],"wp:term":[{"taxonomy":"category","embeddable":true,"href":"https:\/\/cidadecult.com.br\/index.php?rest_route=%2Fwp%2Fv2%2Fcategories&post=15205"},{"taxonomy":"post_tag","embeddable":true,"href":"https:\/\/cidadecult.com.br\/index.php?rest_route=%2Fwp%2Fv2%2Ftags&post=15205"}],"curies":[{"name":"wp","href":"https:\/\/api.w.org\/{rel}","templated":true}]}}