{"id":15187,"date":"2025-11-20T19:07:41","date_gmt":"2025-11-20T22:07:41","guid":{"rendered":"https:\/\/cidadecult.com.br\/?p=15187"},"modified":"2025-11-20T19:58:12","modified_gmt":"2025-11-20T22:58:12","slug":"deadcat-apresenta-trait-e-inaugura-fase-sombria-afetiva-e-dancante-com-o-album-goth-ranch","status":"publish","type":"post","link":"https:\/\/cidadecult.com.br\/?p=15187","title":{"rendered":"Deadcat apresenta \u201cTrait\u201d e inaugura fase sombria, afetiva e dan\u00e7ante com o \u00e1lbum Goth Ranch"},"content":{"rendered":"\n<p><em>Foto\/divulga\u00e7\u00e3o<\/em><\/p>\n\n\n\n<p>O cantor, compositor e produtor <strong>Deadcat<\/strong> lan\u00e7a no dia <strong>20 de novembro<\/strong> o single <strong>\u201cTrait\u201d<\/strong>, primeira faixa revelada de seu pr\u00f3ximo \u00e1lbum, <em>Goth Ranch<\/em>, previsto para o primeiro semestre de 2026. A m\u00fasica, gravada no Est\u00fadio <em>Freak <\/em>e distribu\u00edda pela Virgin Music Group, mergulha em uma sonoridade que mistura melancolia, sensualidade e pulsa\u00e7\u00e3o indie, combinando guitarras e synths em uma atmosfera que passeia entre o g\u00f3tico, o western e o pop alternativo.<\/p>\n\n\n\n<h3 class=\"wp-block-heading\"><strong>Entre o sombrio e o \u00edntimo<\/strong><\/h3>\n\n\n\n<p>\u201cTrait\u201d nasce como uma declara\u00e7\u00e3o afetiva. A letra, escrita por Deadcat para sua esposa, Rapha, parte da express\u00e3o americana <em>\u201chook, line and sinker\u201d<\/em> usada no universo da pesca para construir uma narrativa sobre entrega emocional, humor sutil e v\u00ednculos que parecem t\u00e3o profundos quanto enigm\u00e1ticos.<br>A capa do single, criada por <strong>Ottopapi<\/strong>, traduz esse clima entre o po\u00e9tico e o surreal.<\/p>\n\n\n\n<h3 class=\"wp-block-heading\"><strong>Constru\u00e7\u00e3o coletiva de um novo som<\/strong><\/h3>\n\n\n\n<p>A faixa re\u00fane Deadcat (voz, guitarra e synth), Ant\u00f4nio Paoliello (synth bass e backing vocal), Felipe Pizzutiello (baixo), Iurii Laskin (drum machine) e Let\u00edcia Veras Carreira (voz). A produ\u00e7\u00e3o musical \u00e9 assinada por Deadcat, Nico Paoliello e Iurii Laskin, refor\u00e7ando o car\u00e1ter colaborativo desta nova fase.<br>A masteriza\u00e7\u00e3o \u00e9 de <strong>Alex DeTurk<\/strong>, engenheiro ligado a nomes como David Bowie, Clairo e Foo Fighters.<\/p>\n\n\n\n<p>Segundo Nico Paoliello, esta obra amplia o alcance sonoro do artista:<\/p>\n\n\n\n<blockquote class=\"wp-block-quote is-layout-flow wp-block-quote-is-layout-flow\">\n<p>\u201cChamamos m\u00fasicos que j\u00e1 v\u00eam tocando com a gente ao vivo. Isso deu mais corpo de banda, mais rock um universo maior para o Deadcat explorar.\u201d<\/p>\n<\/blockquote>\n\n\n\n<h3 class=\"wp-block-heading\"><strong>Show de lan\u00e7amento<\/strong><\/h3>\n\n\n\n<p>Deadcat apresenta o single ao vivo no dia <strong>28 de novembro<\/strong>, na <strong>Casa Rockambole<\/strong> (Pinheiros, S\u00e3o Paulo), em noite promovida pelo selo <strong>Seloki Records<\/strong>.<br>O evento tamb\u00e9m conta com shows de <strong>Ottopapi<\/strong> e <strong>Tall Juan<\/strong>, al\u00e9m de DJ sets de <strong>Dinho Almeida<\/strong> (Boogarins).<\/p>\n\n\n\n<h3 class=\"wp-block-heading\"><strong>Um vislumbre do \u00e1lbum <em>Goth Ranch<\/em><\/strong><\/h3>\n\n\n\n<p><strong><em>\u201cTrait\u201d<\/em><\/strong> sintetiza o que o artista vem preparando para seu segundo disco: um territ\u00f3rio onde o pop alternativo encontra o existencialismo, a ironia e a poesia sombria. \u00c9 uma faixa que dan\u00e7a, provoca, envolve e abre caminho para uma nova fase de <strong>Deadcat,<\/strong> intensa e profundamente est\u00e9tica.<\/p>\n\n\n\n<p><a href=\"https:\/\/open.spotify.com\/artist\/4Du2IKeZmBtWy1Et4pGy33?si=HeiO8gHcSSa_3SV-DGl4tg\"><strong>Ou\u00e7a \u201cTrait\u201d. <\/strong><\/a><\/p>\n","protected":false},"excerpt":{"rendered":"<p>Foto\/divulga\u00e7\u00e3o O cantor, compositor e produtor Deadcat lan\u00e7a no dia 20 de novembro o single \u201cTrait\u201d, primeira faixa revelada de seu pr\u00f3ximo \u00e1lbum, Goth Ranch, previsto para o primeiro semestre de 2026. A m\u00fasica, gravada no Est\u00fadio Freak e distribu\u00edda pela Virgin Music Group, mergulha em uma sonoridade que mistura melancolia, sensualidade e pulsa\u00e7\u00e3o indie, [&hellip;]<\/p>\n","protected":false},"author":1441,"featured_media":15195,"comment_status":"open","ping_status":"open","sticky":false,"template":"","format":"standard","meta":{"_monsterinsights_skip_tracking":false,"_monsterinsights_sitenote_active":false,"_monsterinsights_sitenote_note":"","_monsterinsights_sitenote_category":0,"footnotes":""},"categories":[41,34,3,6],"tags":[],"class_list":["post-15187","post","type-post","status-publish","format-standard","has-post-thumbnail","hentry","category-agenda","category-destaque","category-entertainment","category-music"],"_links":{"self":[{"href":"https:\/\/cidadecult.com.br\/index.php?rest_route=\/wp\/v2\/posts\/15187","targetHints":{"allow":["GET"]}}],"collection":[{"href":"https:\/\/cidadecult.com.br\/index.php?rest_route=\/wp\/v2\/posts"}],"about":[{"href":"https:\/\/cidadecult.com.br\/index.php?rest_route=\/wp\/v2\/types\/post"}],"author":[{"embeddable":true,"href":"https:\/\/cidadecult.com.br\/index.php?rest_route=\/wp\/v2\/users\/1441"}],"replies":[{"embeddable":true,"href":"https:\/\/cidadecult.com.br\/index.php?rest_route=%2Fwp%2Fv2%2Fcomments&post=15187"}],"version-history":[{"count":2,"href":"https:\/\/cidadecult.com.br\/index.php?rest_route=\/wp\/v2\/posts\/15187\/revisions"}],"predecessor-version":[{"id":15196,"href":"https:\/\/cidadecult.com.br\/index.php?rest_route=\/wp\/v2\/posts\/15187\/revisions\/15196"}],"wp:featuredmedia":[{"embeddable":true,"href":"https:\/\/cidadecult.com.br\/index.php?rest_route=\/wp\/v2\/media\/15195"}],"wp:attachment":[{"href":"https:\/\/cidadecult.com.br\/index.php?rest_route=%2Fwp%2Fv2%2Fmedia&parent=15187"}],"wp:term":[{"taxonomy":"category","embeddable":true,"href":"https:\/\/cidadecult.com.br\/index.php?rest_route=%2Fwp%2Fv2%2Fcategories&post=15187"},{"taxonomy":"post_tag","embeddable":true,"href":"https:\/\/cidadecult.com.br\/index.php?rest_route=%2Fwp%2Fv2%2Ftags&post=15187"}],"curies":[{"name":"wp","href":"https:\/\/api.w.org\/{rel}","templated":true}]}}