{"id":15173,"date":"2025-11-19T12:22:09","date_gmt":"2025-11-19T15:22:09","guid":{"rendered":"https:\/\/cidadecult.com.br\/?p=15173"},"modified":"2025-11-19T12:23:20","modified_gmt":"2025-11-19T15:23:20","slug":"tranquilo-mas-agiliza-gurulino-estreia-nos-livros-com-lancamento-especial-em-brasilia","status":"publish","type":"post","link":"https:\/\/cidadecult.com.br\/?p=15173","title":{"rendered":"\u201cTranquilo, mas agiliza\u201d: Gurulino estreia nos livros com lan\u00e7amento especial em Bras\u00edlia"},"content":{"rendered":"\n<p><em>Foto\/divulga\u00e7\u00e3o<\/em><\/p>\n\n\n\n<p><strong>O universo inquieto, filos\u00f3fico e sempre surpreendente de Pedro Sangeon ganha uma nova casa: o papel.<\/strong> Depois de <strong>marcar presen\u00e7a<\/strong> em <strong>muros, jornais <\/strong>e na<strong> rotina visual da Capital Federal<\/strong>, o artista lan\u00e7a o <strong>primeiro livro do &#8220;Gurulino&#8221;<\/strong>, intitulado <strong>\u201cTranquilo, mas agiliza\u201d<\/strong>, no dia <strong>26 de novembro<\/strong>, na <strong>Casa Jasmim<\/strong>.<\/p>\n\n\n\n<figure class=\"wp-block-image size-large is-resized\"><img loading=\"lazy\" decoding=\"async\" width=\"1021\" height=\"1024\" src=\"https:\/\/cidadecult.com.br\/wp-content\/uploads\/2025\/11\/gurulino-divulgacao-tranquilo-mas-agiliza-1021x1024.jpg\" alt=\"\" class=\"wp-image-15175\" style=\"width:342px;height:auto\" srcset=\"https:\/\/cidadecult.com.br\/wp-content\/uploads\/2025\/11\/gurulino-divulgacao-tranquilo-mas-agiliza-1021x1024.jpg 1021w, https:\/\/cidadecult.com.br\/wp-content\/uploads\/2025\/11\/gurulino-divulgacao-tranquilo-mas-agiliza-300x300.jpg 300w, https:\/\/cidadecult.com.br\/wp-content\/uploads\/2025\/11\/gurulino-divulgacao-tranquilo-mas-agiliza-150x150.jpg 150w, https:\/\/cidadecult.com.br\/wp-content\/uploads\/2025\/11\/gurulino-divulgacao-tranquilo-mas-agiliza-768x770.jpg 768w, https:\/\/cidadecult.com.br\/wp-content\/uploads\/2025\/11\/gurulino-divulgacao-tranquilo-mas-agiliza-75x75.jpg 75w, https:\/\/cidadecult.com.br\/wp-content\/uploads\/2025\/11\/gurulino-divulgacao-tranquilo-mas-agiliza-750x752.jpg 750w, https:\/\/cidadecult.com.br\/wp-content\/uploads\/2025\/11\/gurulino-divulgacao-tranquilo-mas-agiliza.jpg 1080w\" sizes=\"auto, (max-width: 1021px) 100vw, 1021px\" \/><\/figure>\n\n\n\n<p>A obra inaugura<strong> uma trilogia dedicada \u00e0s tirinhas que apresentam a dupla improv\u00e1vel Lino e Guru<\/strong>  e seus<strong> di\u00e1logos que transitam entre o humor, a contempla\u00e7\u00e3o e pequenas provoca\u00e7\u00f5es existenciais<\/strong>. \u00c9 o in\u00edcio de uma narrativa que nasceu na rua e<strong> agora se expande em edi\u00e7\u00e3o especial <\/strong>de <strong>190 p\u00e1ginas e capa dura<\/strong>.<\/p>\n\n\n\n<p>O lan\u00e7amento vai reunir o p\u00fablico para <strong>uma noite de aut\u00f3grafos, m\u00fasica, comidinhas e rodas de conversa. <\/strong>Um encontro que reflete o esp\u00edrito do pr\u00f3prio Gurulino: simples, acess\u00edvel e cheio de camadas para quem quiser ir al\u00e9m da superf\u00edcie.<\/p>\n\n\n\n<h3 class=\"wp-block-heading\"><strong>Entre muros, cidades e ideias<\/strong>: <\/h3>\n\n\n\n<p><strong>Conhecido por espalhar seus personagens pelo Brasil e pelo mundo<\/strong> <strong>de Bras\u00edlia a Nova York, Paris e Barcelona,  transformou sua linguagem visual em uma marca da cidade<\/strong>. Seus murais dialogam com quem passa, muitas vezes sem aviso. Agora, esse encontro casual ganha nova forma com a publica\u00e7\u00e3o impressa.<\/p>\n\n\n\n<p><em>\u201cO Gurulino \u00e9 essa forma de conversar com o pensamento coletivo, como quem deixa pequenos bilhetes pela cidade\u201d,<\/em> afirma o artista, que tamb\u00e9m acumula reconhecimentos como a <strong>Medalha de M\u00e9rito Cultural Seu Teodoro (2023)<\/strong> e parcerias com institui\u00e7\u00f5es como <strong>Unesco<\/strong>, <strong>Sony Pictures<\/strong> e <strong>ONU<\/strong>.<\/p>\n\n\n\n<h3 class=\"wp-block-heading\"><strong>Cultura para circular<\/strong>: <\/h3>\n\n\n\n<p>Al\u00e9m de apresentar o livro ao p\u00fablico, o projeto tem uma miss\u00e3o social: ampliar o acesso ao que \u00e9 produzido no DF. <strong>Quatrocentos exemplares<\/strong> ser\u00e3o doados a institui\u00e7\u00f5es p\u00fablicas, refor\u00e7ando o compromisso de levar a obra para jovens e leitores que talvez n\u00e3o tivessem acesso a ela.<\/p>\n\n\n\n<p>Dentre essas doa\u00e7\u00f5es, <strong>300 livros<\/strong> chegam \u00e0 <strong>Unidade de Interna\u00e7\u00e3o do Recanto das Emas<\/strong> em <strong>3 de dezembro<\/strong>, em um encontro especial com adolescentes e jovens. Outros <strong>100 exemplares<\/strong> integrar\u00e3o o acervo das <strong>Bibliotecas P\u00fablicas do Distrito Federal<\/strong>.<\/p>\n\n\n\n<p>A partir de <strong>26 de novembro<\/strong>, a obra estar\u00e1 dispon\u00edvel para compra no<a href=\"https:\/\/gurulino.com.br\/\"> <strong>site<\/strong><\/a>. <\/p>\n\n\n\n<h4 class=\"wp-block-heading\"><strong>SERVI\u00c7O- Lan\u00e7amento &#8220;Tranquilo, mas agiliza&#8221;: <\/strong><\/h4>\n\n\n\n<p>\ud83d\udcc5 26\/11 (quarta-feira);<br>\u23f0 19h \u00e0s 22h;<br>\ud83d\udccd Casa Jasmim \u2013 SHCGN 716, Bloco P, Casa 30 \u2013 Asa Norte;<br>\ud83d\udcd8 190 p\u00e1ginas | Capa dura | Edi\u00e7\u00e3o especial;<br>\ud83d\udd17 Informa\u00e7\u00f5es: gurulino.com.br | @gurulino.<\/p>\n\n\n\n<p><strong>Doa\u00e7\u00e3o de livros: unidade de Interna\u00e7\u00e3o do Recanto das Emas<\/strong><br>\ud83d\udcc5 03\/12 (quarta-feira);<br>\u23f0 14h.<\/p>\n","protected":false},"excerpt":{"rendered":"<p>Foto\/divulga\u00e7\u00e3o O universo inquieto, filos\u00f3fico e sempre surpreendente de Pedro Sangeon ganha uma nova casa: o papel. Depois de marcar presen\u00e7a em muros, jornais e na rotina visual da Capital Federal, o artista lan\u00e7a o primeiro livro do &#8220;Gurulino&#8221;, intitulado \u201cTranquilo, mas agiliza\u201d, no dia 26 de novembro, na Casa Jasmim. A obra inaugura uma [&hellip;]<\/p>\n","protected":false},"author":1441,"featured_media":15174,"comment_status":"open","ping_status":"open","sticky":false,"template":"","format":"standard","meta":{"_monsterinsights_skip_tracking":false,"_monsterinsights_sitenote_active":false,"_monsterinsights_sitenote_note":"","_monsterinsights_sitenote_category":0,"footnotes":""},"categories":[41,2569,17,34,3,300],"tags":[449,5474],"class_list":["post-15173","post","type-post","status-publish","format-standard","has-post-thumbnail","hentry","category-agenda","category-arte","category-bsb","category-destaque","category-entertainment","category-literatura","tag-literatura","tag-tranquilomasagiliza"],"_links":{"self":[{"href":"https:\/\/cidadecult.com.br\/index.php?rest_route=\/wp\/v2\/posts\/15173","targetHints":{"allow":["GET"]}}],"collection":[{"href":"https:\/\/cidadecult.com.br\/index.php?rest_route=\/wp\/v2\/posts"}],"about":[{"href":"https:\/\/cidadecult.com.br\/index.php?rest_route=\/wp\/v2\/types\/post"}],"author":[{"embeddable":true,"href":"https:\/\/cidadecult.com.br\/index.php?rest_route=\/wp\/v2\/users\/1441"}],"replies":[{"embeddable":true,"href":"https:\/\/cidadecult.com.br\/index.php?rest_route=%2Fwp%2Fv2%2Fcomments&post=15173"}],"version-history":[{"count":1,"href":"https:\/\/cidadecult.com.br\/index.php?rest_route=\/wp\/v2\/posts\/15173\/revisions"}],"predecessor-version":[{"id":15176,"href":"https:\/\/cidadecult.com.br\/index.php?rest_route=\/wp\/v2\/posts\/15173\/revisions\/15176"}],"wp:featuredmedia":[{"embeddable":true,"href":"https:\/\/cidadecult.com.br\/index.php?rest_route=\/wp\/v2\/media\/15174"}],"wp:attachment":[{"href":"https:\/\/cidadecult.com.br\/index.php?rest_route=%2Fwp%2Fv2%2Fmedia&parent=15173"}],"wp:term":[{"taxonomy":"category","embeddable":true,"href":"https:\/\/cidadecult.com.br\/index.php?rest_route=%2Fwp%2Fv2%2Fcategories&post=15173"},{"taxonomy":"post_tag","embeddable":true,"href":"https:\/\/cidadecult.com.br\/index.php?rest_route=%2Fwp%2Fv2%2Ftags&post=15173"}],"curies":[{"name":"wp","href":"https:\/\/api.w.org\/{rel}","templated":true}]}}