{"id":15164,"date":"2025-11-19T11:11:10","date_gmt":"2025-11-19T14:11:10","guid":{"rendered":"https:\/\/cidadecult.com.br\/?p=15164"},"modified":"2025-11-19T11:11:11","modified_gmt":"2025-11-19T14:11:11","slug":"a-outra-face-sandra-menezes-expande-fronteiras-do-afro-futurismo-brasileiro-em-novo-livro-de-contos","status":"publish","type":"post","link":"https:\/\/cidadecult.com.br\/?p=15164","title":{"rendered":"\u201cA outra face\u201d: Sandra Menezes expande fronteiras do afro-futurismo brasileiro em novo livro de contos"},"content":{"rendered":"\n<p><em>Foto\/divulga\u00e7\u00e3o<\/em><\/p>\n\n\n\n<p>No m\u00eas dedicado \u00e0 reflex\u00e3o sobre a<strong> Consci\u00eancia Negra<\/strong>, a escritora e jornalista <strong>Sandra Menezes<\/strong> apresenta ao p\u00fablico \u201cA outra face: contos afro-fant\u00e1sticos\u201d, seu mais novo lan\u00e7amento pela Editora Mal\u00ea. Reconhecida como uma das primeiras mulheres a publicar um romance afro-futurista por uma editora comercial no Brasil, Sandra retorna ao g\u00eanero reafirmando sua import\u00e2ncia na constru\u00e7\u00e3o de imagin\u00e1rios mais plurais e representativos.<\/p>\n\n\n\n<p>Composto por <strong>11 contos<\/strong>, o livro percorre diferentes camadas da fic\u00e7\u00e3o especulativa negra do realismo fant\u00e1stico \u00e0 fic\u00e7\u00e3o cient\u00edfica, para discutir ancestralidade, identidade, tempo e resist\u00eancia. As narrativas transitam por passados mitol\u00f3gicos, presentes tensionados e futuros poss\u00edveis, sempre centrando personagens negros em pap\u00e9is de ag\u00eancia e complexidade.<\/p>\n\n\n\n<p>Entre os textos reunidos, est\u00e3o contos j\u00e1 conhecidos, como <strong>\u201cHorror na Serra Fluminense\u201d<\/strong>, <strong>\u201cO vestido\u201d<\/strong> e <strong>\u201cFilhos Pretos\u201d<\/strong>, acompanhados de hist\u00f3rias in\u00e9ditas que ampliam ainda mais o repert\u00f3rio da autora entre elas, <strong>\u201cRuptura\u201d<\/strong> e <strong>\u201cA outra face\u201d<\/strong>, respons\u00e1vel por batizar a colet\u00e2nea. A diversidade de temas e atmosferas revela uma escrita que se interessa tanto por conflitos sociais quanto por quest\u00f5es afetivas, filos\u00f3ficas e c\u00f3smicas.<\/p>\n\n\n\n<p>Sandra explica que o afrofuturismo funciona como uma estrutura de reconex\u00e3o:<br><em>\u201c\u00c9 uma ponte entre \u00c1frica e di\u00e1spora. A heran\u00e7a ancestral permanece e molda o que somos. Ela precisa estar vis\u00edvel nas narrativas que constroem a sociedade brasileira.\u201d<\/em><br>Para a autora, ver pessoas negras em contextos de dignidade, intelig\u00eancia e humanidade mesmo em universos fant\u00e1sticos \u00e9 parte essencial da cria\u00e7\u00e3o liter\u00e1ria:<br><em>\u201cA ci\u00eancia, a f\u00edsica e a astronomia tamb\u00e9m nos pertencem. A literatura ajuda a afirmar isso.\u201d<\/em><\/p>\n\n\n\n<p>O lan\u00e7amento refor\u00e7a a presen\u00e7a cada vez maior da literatura negra especulativa no mercado editorial e destaca a relev\u00e2ncia de autoras que fazem desse campo um espa\u00e7o de imagina\u00e7\u00e3o pol\u00edtica e est\u00e9tica. Os livros de Sandra podem ser adquiridos no site da Editora Mal\u00ea, em plataformas digitais e nas livrarias de todo o pa\u00eds.<\/p>\n\n\n\n<h3 class=\"wp-block-heading\"><strong>Quem \u00e9 Sandra Menezes<\/strong>?<\/h3>\n\n\n\n<p><strong>Jornalista formada pela FACHA (RJ)<\/strong>, com<strong> p\u00f3s-gradua\u00e7\u00e3o <\/strong>em<strong> &#8220;Comunica\u00e7\u00e3o Social pela Universidade Cat\u00f3lica Dom Bosco (MS)&#8221;,<\/strong> Sandra Menezes teve suas primeiras hist\u00f3rias publicadas em diversas antologias. Seu romance de estreia, <em>\u201cO c\u00e9u entre mundos\u201d<\/em>, recebeu destaque nacional ao ser finalista do <strong>Pr\u00eamio Jabuti<\/strong> e vencedor do <strong>Pr\u00eamio Odisseia de Literatura Fant\u00e1stica<\/strong>, ambos em 2022. Em 2025, ela amplia sua trajet\u00f3ria liter\u00e1ria com a nova colet\u00e2nea de contos afro-fant\u00e1sticos.<\/p>\n\n\n\n<p>Instagram: <strong>@sandramsmenezes<\/strong><\/p>\n","protected":false},"excerpt":{"rendered":"<p>Foto\/divulga\u00e7\u00e3o No m\u00eas dedicado \u00e0 reflex\u00e3o sobre a Consci\u00eancia Negra, a escritora e jornalista Sandra Menezes apresenta ao p\u00fablico \u201cA outra face: contos afro-fant\u00e1sticos\u201d, seu mais novo lan\u00e7amento pela Editora Mal\u00ea. Reconhecida como uma das primeiras mulheres a publicar um romance afro-futurista por uma editora comercial no Brasil, Sandra retorna ao g\u00eanero reafirmando sua import\u00e2ncia [&hellip;]<\/p>\n","protected":false},"author":1441,"featured_media":15165,"comment_status":"open","ping_status":"open","sticky":false,"template":"","format":"standard","meta":{"_monsterinsights_skip_tracking":false,"_monsterinsights_sitenote_active":false,"_monsterinsights_sitenote_note":"","_monsterinsights_sitenote_category":0,"footnotes":""},"categories":[1],"tags":[],"class_list":["post-15164","post","type-post","status-publish","format-standard","has-post-thumbnail","hentry","category-sem-categoria"],"_links":{"self":[{"href":"https:\/\/cidadecult.com.br\/index.php?rest_route=\/wp\/v2\/posts\/15164","targetHints":{"allow":["GET"]}}],"collection":[{"href":"https:\/\/cidadecult.com.br\/index.php?rest_route=\/wp\/v2\/posts"}],"about":[{"href":"https:\/\/cidadecult.com.br\/index.php?rest_route=\/wp\/v2\/types\/post"}],"author":[{"embeddable":true,"href":"https:\/\/cidadecult.com.br\/index.php?rest_route=\/wp\/v2\/users\/1441"}],"replies":[{"embeddable":true,"href":"https:\/\/cidadecult.com.br\/index.php?rest_route=%2Fwp%2Fv2%2Fcomments&post=15164"}],"version-history":[{"count":1,"href":"https:\/\/cidadecult.com.br\/index.php?rest_route=\/wp\/v2\/posts\/15164\/revisions"}],"predecessor-version":[{"id":15166,"href":"https:\/\/cidadecult.com.br\/index.php?rest_route=\/wp\/v2\/posts\/15164\/revisions\/15166"}],"wp:featuredmedia":[{"embeddable":true,"href":"https:\/\/cidadecult.com.br\/index.php?rest_route=\/wp\/v2\/media\/15165"}],"wp:attachment":[{"href":"https:\/\/cidadecult.com.br\/index.php?rest_route=%2Fwp%2Fv2%2Fmedia&parent=15164"}],"wp:term":[{"taxonomy":"category","embeddable":true,"href":"https:\/\/cidadecult.com.br\/index.php?rest_route=%2Fwp%2Fv2%2Fcategories&post=15164"},{"taxonomy":"post_tag","embeddable":true,"href":"https:\/\/cidadecult.com.br\/index.php?rest_route=%2Fwp%2Fv2%2Ftags&post=15164"}],"curies":[{"name":"wp","href":"https:\/\/api.w.org\/{rel}","templated":true}]}}