{"id":15134,"date":"2025-11-18T10:45:29","date_gmt":"2025-11-18T13:45:29","guid":{"rendered":"https:\/\/cidadecult.com.br\/?p=15134"},"modified":"2025-11-18T10:45:32","modified_gmt":"2025-11-18T13:45:32","slug":"os-irmaos-timotheo-da-costa-espetaculo-musical-resgata-legado-de-pintores-negros-apagados-pela-historia-estreia-no-ccbb","status":"publish","type":"post","link":"https:\/\/cidadecult.com.br\/?p=15134","title":{"rendered":"Os Irm\u00e3os Tim\u00f3theo da Costa&#8221;: Espet\u00e1culo musical resgata legado de pintores negros apagados pela hist\u00f3ria estreia no CCBB"},"content":{"rendered":"\n<p><em>Com dire\u00e7\u00e3o de Luiz Antonio Pilar e elenco estelar, pe\u00e7a estreia no Dia da Consci\u00eancia Negra e mistura biografia, m\u00fasica e den\u00fancia social.<\/em><\/p>\n\n\n\n<p>Uma das estreias mais aguardadas da temporada chega a Bras\u00edlia com uma miss\u00e3o que ultrapassa o entretenimento: reescrever a hist\u00f3ria da arte brasileira. O espet\u00e1culo <strong>&#8220;Os Irm\u00e3os Tim\u00f3theo da Costa&#8221;<\/strong> inicia sua temporada no Centro Cultural Banco do Brasil (CCBB) neste dia <strong>20 de novembro<\/strong>, data simb\u00f3lica do Dia Nacional da Consci\u00eancia Negra.<\/p>\n\n\n\n<figure class=\"wp-block-image size-large\"><img loading=\"lazy\" decoding=\"async\" width=\"1024\" height=\"683\" src=\"https:\/\/cidadecult.com.br\/wp-content\/uploads\/2025\/11\/magnifics_upscale-precision-jxKIfxz8skBZgFpFsmgl-7W5A0984-menor-1-1024x683.png\" alt=\"\" class=\"wp-image-15135\" srcset=\"https:\/\/cidadecult.com.br\/wp-content\/uploads\/2025\/11\/magnifics_upscale-precision-jxKIfxz8skBZgFpFsmgl-7W5A0984-menor-1-1024x683.png 1024w, https:\/\/cidadecult.com.br\/wp-content\/uploads\/2025\/11\/magnifics_upscale-precision-jxKIfxz8skBZgFpFsmgl-7W5A0984-menor-1-300x200.png 300w, https:\/\/cidadecult.com.br\/wp-content\/uploads\/2025\/11\/magnifics_upscale-precision-jxKIfxz8skBZgFpFsmgl-7W5A0984-menor-1-768x512.png 768w, https:\/\/cidadecult.com.br\/wp-content\/uploads\/2025\/11\/magnifics_upscale-precision-jxKIfxz8skBZgFpFsmgl-7W5A0984-menor-1-1536x1024.png 1536w, https:\/\/cidadecult.com.br\/wp-content\/uploads\/2025\/11\/magnifics_upscale-precision-jxKIfxz8skBZgFpFsmgl-7W5A0984-menor-1-2048x1365.png 2048w, https:\/\/cidadecult.com.br\/wp-content\/uploads\/2025\/11\/magnifics_upscale-precision-jxKIfxz8skBZgFpFsmgl-7W5A0984-menor-1-750x500.png 750w, https:\/\/cidadecult.com.br\/wp-content\/uploads\/2025\/11\/magnifics_upscale-precision-jxKIfxz8skBZgFpFsmgl-7W5A0984-menor-1-1140x760.png 1140w\" sizes=\"auto, (max-width: 1024px) 100vw, 1024px\" \/><figcaption class=\"wp-element-caption\">Cr\u00e9ditos imagens: Luiz Ant\u00f4nio Pilar e Pl\u00ednio Hit<\/figcaption><\/figure>\n\n\n\n<p>A pe\u00e7a, apresentada em formato de musical, narra a potente e tr\u00e1gica trajet\u00f3ria de <strong>Jo\u00e3o (1879\u20131932)<\/strong> e <strong>Arthur (1882\u20131922) Tim\u00f3theo da Costa<\/strong>. Brilhantes pintores do in\u00edcio do s\u00e9culo XX, os irm\u00e3os enfrentaram o racismo da <em>Belle \u00c9poque<\/em> carioca e, apesar de precursores do pr\u00e9-modernismo, sofreram um apagamento hist\u00f3rico sistem\u00e1tico.<\/p>\n\n\n\n<h3 class=\"wp-block-heading\">Uma investiga\u00e7\u00e3o c\u00eanica<\/h3>\n\n\n\n<p>Com dramaturgia de Claudia Valli e dire\u00e7\u00e3o de Luiz Antonio Pilar, a obra n\u00e3o se limita a uma biografia tradicional. Em cena, acompanhamos Irene (interpretada por <strong>Jeniffer Dias<\/strong>, de <em>Rensga Hits<\/em>), uma pesquisadora contempor\u00e2nea que tenta desvendar a vida dos irm\u00e3os. Ela descobre que, como tantos outros personagens negros, a dupla foi relegada ao esquecimento, restando apenas focos em suas obras, mas quase nada sobre suas vidas.<\/p>\n\n\n\n<figure class=\"wp-block-image size-large\"><img loading=\"lazy\" decoding=\"async\" width=\"1024\" height=\"683\" src=\"https:\/\/cidadecult.com.br\/wp-content\/uploads\/2025\/11\/DU5A1210-Edit-1024x683.jpg\" alt=\"\" class=\"wp-image-15136\" srcset=\"https:\/\/cidadecult.com.br\/wp-content\/uploads\/2025\/11\/DU5A1210-Edit-1024x683.jpg 1024w, https:\/\/cidadecult.com.br\/wp-content\/uploads\/2025\/11\/DU5A1210-Edit-300x200.jpg 300w, https:\/\/cidadecult.com.br\/wp-content\/uploads\/2025\/11\/DU5A1210-Edit-768x512.jpg 768w, https:\/\/cidadecult.com.br\/wp-content\/uploads\/2025\/11\/DU5A1210-Edit-1536x1024.jpg 1536w, https:\/\/cidadecult.com.br\/wp-content\/uploads\/2025\/11\/DU5A1210-Edit-2048x1365.jpg 2048w, https:\/\/cidadecult.com.br\/wp-content\/uploads\/2025\/11\/DU5A1210-Edit-750x500.jpg 750w, https:\/\/cidadecult.com.br\/wp-content\/uploads\/2025\/11\/DU5A1210-Edit-1140x760.jpg 1140w\" sizes=\"auto, (max-width: 1024px) 100vw, 1024px\" \/><\/figure>\n\n\n\n<p>A narrativa toca em feridas profundas: ambos os irm\u00e3os terminaram seus dias internados com dem\u00eancia paral\u00edtica no Hospital dos Alienados, no Rio de Janeiro \u2014 o mesmo destino do escritor Lima Barreto. <em>&#8220;O esquecimento \u00e9 insuper\u00e1vel, pois ele nos trata como se nunca tiv\u00e9ssemos sido&#8221;<\/em>, reflete a dramaturga Cl\u00e1udia Valli, destacando a import\u00e2ncia de trazer \u00e0 luz esses &#8220;her\u00f3is melaninados&#8221;.<\/p>\n\n\n\n<h3 class=\"wp-block-heading\">Elenco e Musicalidade<\/h3>\n\n\n\n<p>Para dar vida a essa hist\u00f3ria de &#8220;quase biografia&#8221;, o elenco conta com nomes de peso como <strong>Lucas da Purifica\u00e7\u00e3o<\/strong>, <strong>Luciano Quirino<\/strong>, <strong>Pablo \u00c1scoli<\/strong> e <strong>S\u00e9rgio Kauffmann<\/strong>.<\/p>\n\n\n\n<p>A trilha sonora \u00e9 um cap\u00edtulo \u00e0 parte. Sob dire\u00e7\u00e3o musical de Muato, o espet\u00e1culo resgata as composi\u00e7\u00f5es do maestro <strong>Henrique Alves de Mesquita<\/strong>, av\u00f4 dos protagonistas. As m\u00fasicas s\u00e3o executadas ao vivo, algumas com letras in\u00e9ditas, criando uma ponte sonora entre o passado de gl\u00f3ria e trag\u00e9dia e o presente de resgate.<\/p>\n\n\n\n<blockquote class=\"wp-block-quote is-layout-flow wp-block-quote-is-layout-flow\">\n<p><em>&#8220;Trata-se de uma pe\u00e7a decolonial. \u00c9 trazer \u00e0 luz os her\u00f3is e artistas melaninados e origin\u00e1rios colocando-os no palco, nas pautas e nas conversas.&#8221;<\/em> \u2014 <strong>Luiz Antonio Pilar, diretor.<\/strong><\/p>\n<\/blockquote>\n\n\n\n<h3 class=\"wp-block-heading\">Workshop Gratuito<\/h3>\n\n\n\n<p>Al\u00e9m da temporada, o diretor Luiz Antonio Pilar ministrar\u00e1 um <strong>Workshop de Teatro e Audiovisual<\/strong> no dia 21\/11. A atividade \u00e9 voltada para artistas e estudantes interessados em explorar o uso de c\u00e2meras em cena e a tecnologia no teatro.<\/p>\n\n\n\n<hr class=\"wp-block-separator has-alpha-channel-opacity\"\/>\n\n\n\n<h3 class=\"wp-block-heading\">\ud83d\udccc Servi\u00e7o CidadeCult<\/h3>\n\n\n\n<p><strong>Espet\u00e1culo:<\/strong> Os Irm\u00e3os Tim\u00f3theo da Costa <strong>\ud83d\udccd Local:<\/strong> Teatro I do CCBB Bras\u00edlia (SCES Trecho 02) <strong>\ud83d\udcc5 Temporada:<\/strong> De 20\/11 a 07\/12\/2024 <strong>\u23f0 Hor\u00e1rios:<\/strong> Quinta a s\u00e1bado, \u00e0s 20h; Domingo, \u00e0s 18h30. <strong>\ud83d\udcb2 Ingressos:<\/strong> R$ 30 (inteira) e R$ 15 (meia). <strong>\ud83d\uded2 Vendas:<\/strong> Site <a target=\"_blank\" rel=\"noreferrer noopener\" href=\"https:\/\/bb.com.br\/cultura\">bb.com.br\/cultura<\/a> ou bilheteria f\u00edsica (liberados na sexta-feira da semana anterior). <strong>\ud83d\ude8d Transporte:<\/strong> Van gratuita saindo da Biblioteca Nacional (consulte hor\u00e1rios no site).<\/p>\n\n\n\n<p><strong>Acessibilidade:<\/strong> Sess\u00f5es com audiodescri\u00e7\u00e3o e Libras nos dias 29\/11 e 06\/12. <strong>Classifica\u00e7\u00e3o:<\/strong> 12 anos.<\/p>\n","protected":false},"excerpt":{"rendered":"<p>Com dire\u00e7\u00e3o de Luiz Antonio Pilar e elenco estelar, pe\u00e7a estreia no Dia da Consci\u00eancia Negra e mistura biografia, m\u00fasica e den\u00fancia social. Uma das estreias mais aguardadas da temporada chega a Bras\u00edlia com uma miss\u00e3o que ultrapassa o entretenimento: reescrever a hist\u00f3ria da arte brasileira. O espet\u00e1culo &#8220;Os Irm\u00e3os Tim\u00f3theo da Costa&#8221; inicia sua [&hellip;]<\/p>\n","protected":false},"author":777,"featured_media":15137,"comment_status":"open","ping_status":"open","sticky":false,"template":"","format":"standard","meta":{"_monsterinsights_skip_tracking":false,"_monsterinsights_sitenote_active":false,"_monsterinsights_sitenote_note":"","_monsterinsights_sitenote_category":0,"footnotes":""},"categories":[401],"tags":[],"class_list":["post-15134","post","type-post","status-publish","format-standard","has-post-thumbnail","hentry","category-teatro"],"_links":{"self":[{"href":"https:\/\/cidadecult.com.br\/index.php?rest_route=\/wp\/v2\/posts\/15134","targetHints":{"allow":["GET"]}}],"collection":[{"href":"https:\/\/cidadecult.com.br\/index.php?rest_route=\/wp\/v2\/posts"}],"about":[{"href":"https:\/\/cidadecult.com.br\/index.php?rest_route=\/wp\/v2\/types\/post"}],"author":[{"embeddable":true,"href":"https:\/\/cidadecult.com.br\/index.php?rest_route=\/wp\/v2\/users\/777"}],"replies":[{"embeddable":true,"href":"https:\/\/cidadecult.com.br\/index.php?rest_route=%2Fwp%2Fv2%2Fcomments&post=15134"}],"version-history":[{"count":1,"href":"https:\/\/cidadecult.com.br\/index.php?rest_route=\/wp\/v2\/posts\/15134\/revisions"}],"predecessor-version":[{"id":15138,"href":"https:\/\/cidadecult.com.br\/index.php?rest_route=\/wp\/v2\/posts\/15134\/revisions\/15138"}],"wp:featuredmedia":[{"embeddable":true,"href":"https:\/\/cidadecult.com.br\/index.php?rest_route=\/wp\/v2\/media\/15137"}],"wp:attachment":[{"href":"https:\/\/cidadecult.com.br\/index.php?rest_route=%2Fwp%2Fv2%2Fmedia&parent=15134"}],"wp:term":[{"taxonomy":"category","embeddable":true,"href":"https:\/\/cidadecult.com.br\/index.php?rest_route=%2Fwp%2Fv2%2Fcategories&post=15134"},{"taxonomy":"post_tag","embeddable":true,"href":"https:\/\/cidadecult.com.br\/index.php?rest_route=%2Fwp%2Fv2%2Ftags&post=15134"}],"curies":[{"name":"wp","href":"https:\/\/api.w.org\/{rel}","templated":true}]}}