{"id":15130,"date":"2025-11-17T14:21:34","date_gmt":"2025-11-17T17:21:34","guid":{"rendered":"https:\/\/cidadecult.com.br\/?p=15130"},"modified":"2025-11-18T13:01:49","modified_gmt":"2025-11-18T16:01:49","slug":"aleito-espetaculo-lanca-olhar-potente-sobre-a-invisibilidade-feminina-no-ambiente-domestico","status":"publish","type":"post","link":"https:\/\/cidadecult.com.br\/?p=15130","title":{"rendered":"ALEITO: espet\u00e1culo lan\u00e7a olhar potente sobre a invisibilidade feminina no ambiente dom\u00e9stico"},"content":{"rendered":"\n<p><em>Foto\/divulga\u00e7\u00e3o<\/em><\/p>\n\n\n\n<p>O mon\u00f3logo <strong>ALEITO<\/strong> chega ao <strong>Espa\u00e7o Cultural Municipal S\u00e9rgio Porto<\/strong>, no Humait\u00e1 (RJ), trazendo uma reflex\u00e3o profunda sobre mulheres que, apesar de presentes, se tornam invis\u00edveis dentro de suas pr\u00f3prias casas. Protagonizado por <strong>Paula Furtado<\/strong>, o espet\u00e1culo aborda o abandono em vida, a solid\u00e3o e o apagamento de mulheres que dedicaram d\u00e9cadas \u00e0 fam\u00edlia e ao trabalho dom\u00e9stico.<\/p>\n\n\n\n<p>Entre mem\u00f3rias fragmentadas e sil\u00eancios acumulados, a personagem revisita sua hist\u00f3ria e finalmente assume o controle do pr\u00f3prio destino. A encena\u00e7\u00e3o \u00e9 criada pelo coletivo interart\u00edstico <strong>uma pel\u00edcula<\/strong>, com dramaturgia de <strong>Lane Lopes<\/strong> e dire\u00e7\u00e3o de <strong>Isadora Krummenauer<\/strong>.<\/p>\n\n\n\n<h3 class=\"wp-block-heading\"><strong>Um mergulho em mem\u00f3rias, apagamentos e resist\u00eancias<\/strong><\/h3>\n\n\n\n<p>ALEITO convida o p\u00fablico a entrar em um espa\u00e7o \u00edntimo, onde gestos cotidianos revelam camadas de afeto, cansa\u00e7o, frustra\u00e7\u00e3o e desejo. A montagem d\u00e1 forma \u00e0s hist\u00f3rias de tantas mulheres que, mesmo vivas e dedicadas, foram esquecidas \u2014 pelos outros e, muitas vezes, por si mesmas.<\/p>\n\n\n\n<p>Para a atriz <strong>Paula Furtado<\/strong>, a obra n\u00e3o se limita a retratar a velhice, mas a ressignific\u00e1-la como territ\u00f3rio de sonho, ruptura e pot\u00eancia. J\u00e1 a dramaturga <strong>Lane Lopes<\/strong> destaca que o texto desloca para o debate p\u00fablico hist\u00f3rias que costumavam permanecer nos bastidores das fam\u00edlias. A dire\u00e7\u00e3o de <strong>Isadora Krummenauer<\/strong> refor\u00e7a essa constru\u00e7\u00e3o po\u00e9tica, comparando a personagem \u00e0s imagens da fot\u00f3grafa Francesca Woodman, entre o real e o on\u00edrico.<\/p>\n\n\n\n<p>Nesta terceira temporada, sob nova dire\u00e7\u00e3o, ALEITO retorna mais sens\u00edvel e humano, trazendo \u00e0 cena uma mulher real, que sente, sonha, falha e reconstr\u00f3i a pr\u00f3pria hist\u00f3ria.<\/p>\n\n\n\n<h2 class=\"wp-block-heading\"><strong>Servi\u00e7o<\/strong><\/h2>\n\n\n\n<p><strong>Espet\u00e1culo:<\/strong> ALEITO<br><strong>Per\u00edodo:<\/strong> 21 de novembro a 14 de dezembro de 2025<br><strong>Hor\u00e1rios:<\/strong><br>\u2013 Sextas e s\u00e1bados: 19h<br>\u2013 Domingos: 18h<br><strong>Ingressos:<\/strong> R$ 80 (inteira) | R$ 40 (meia)<br><strong>Compra online:<\/strong> ingressos dispon\u00edveis no site Rio Cultura<br><strong>Local:<\/strong> Espa\u00e7o Cultural Municipal S\u00e9rgio Porto \u2013 Sala Preta<br><strong>Endere\u00e7o:<\/strong> Rua Visconde de Silva, s\/n (ao lado do pr\u00e9dio 292) \u2013 Humait\u00e1 \u2013 RJ<br><strong>Dura\u00e7\u00e3o:<\/strong> 55 minutos<br><strong>Classifica\u00e7\u00e3o:<\/strong> 14 anos<br><strong>Capacidade:<\/strong> 30 pessoas (acesso por escadas)<br><strong>Bilheteria:<\/strong> abre 1h antes do espet\u00e1culo<\/p>\n\n\n\n<p>Durante a temporada, o p\u00fablico tamb\u00e9m pode adquirir o livro hom\u00f4nimo, publicado pela Editora Patu\u00e1, por R$ 65.<\/p>\n\n\n\n<h2 class=\"wp-block-heading\"><strong>Redes sociais<\/strong><\/h2>\n\n\n\n<p>@umapelicula<br>@paulafurtado<br>@lanelopes_<br>@iskrmm<\/p>\n","protected":false},"excerpt":{"rendered":"<p>Foto\/divulga\u00e7\u00e3o O mon\u00f3logo ALEITO chega ao Espa\u00e7o Cultural Municipal S\u00e9rgio Porto, no Humait\u00e1 (RJ), trazendo uma reflex\u00e3o profunda sobre mulheres que, apesar de presentes, se tornam invis\u00edveis dentro de suas pr\u00f3prias casas. Protagonizado por Paula Furtado, o espet\u00e1culo aborda o abandono em vida, a solid\u00e3o e o apagamento de mulheres que dedicaram d\u00e9cadas \u00e0 fam\u00edlia [&hellip;]<\/p>\n","protected":false},"author":1441,"featured_media":15131,"comment_status":"open","ping_status":"open","sticky":false,"template":"","format":"standard","meta":{"_monsterinsights_skip_tracking":false,"_monsterinsights_sitenote_active":false,"_monsterinsights_sitenote_note":"","_monsterinsights_sitenote_category":0,"footnotes":""},"categories":[54,34,3,401],"tags":[],"class_list":["post-15130","post","type-post","status-publish","format-standard","has-post-thumbnail","hentry","category-brasil","category-destaque","category-entertainment","category-teatro"],"_links":{"self":[{"href":"https:\/\/cidadecult.com.br\/index.php?rest_route=\/wp\/v2\/posts\/15130","targetHints":{"allow":["GET"]}}],"collection":[{"href":"https:\/\/cidadecult.com.br\/index.php?rest_route=\/wp\/v2\/posts"}],"about":[{"href":"https:\/\/cidadecult.com.br\/index.php?rest_route=\/wp\/v2\/types\/post"}],"author":[{"embeddable":true,"href":"https:\/\/cidadecult.com.br\/index.php?rest_route=\/wp\/v2\/users\/1441"}],"replies":[{"embeddable":true,"href":"https:\/\/cidadecult.com.br\/index.php?rest_route=%2Fwp%2Fv2%2Fcomments&post=15130"}],"version-history":[{"count":1,"href":"https:\/\/cidadecult.com.br\/index.php?rest_route=\/wp\/v2\/posts\/15130\/revisions"}],"predecessor-version":[{"id":15132,"href":"https:\/\/cidadecult.com.br\/index.php?rest_route=\/wp\/v2\/posts\/15130\/revisions\/15132"}],"wp:featuredmedia":[{"embeddable":true,"href":"https:\/\/cidadecult.com.br\/index.php?rest_route=\/wp\/v2\/media\/15131"}],"wp:attachment":[{"href":"https:\/\/cidadecult.com.br\/index.php?rest_route=%2Fwp%2Fv2%2Fmedia&parent=15130"}],"wp:term":[{"taxonomy":"category","embeddable":true,"href":"https:\/\/cidadecult.com.br\/index.php?rest_route=%2Fwp%2Fv2%2Fcategories&post=15130"},{"taxonomy":"post_tag","embeddable":true,"href":"https:\/\/cidadecult.com.br\/index.php?rest_route=%2Fwp%2Fv2%2Ftags&post=15130"}],"curies":[{"name":"wp","href":"https:\/\/api.w.org\/{rel}","templated":true}]}}