{"id":15128,"date":"2025-11-17T14:17:33","date_gmt":"2025-11-17T17:17:33","guid":{"rendered":"https:\/\/cidadecult.com.br\/?p=15128"},"modified":"2025-11-18T14:09:30","modified_gmt":"2025-11-18T17:09:30","slug":"curta-revela-a-forca-e-a-estetica-de-joaosinho-da-gomea-o-babalorixa-que-revolucionou-o-candomble","status":"publish","type":"post","link":"https:\/\/cidadecult.com.br\/?p=15128","title":{"rendered":"Curta revela a for\u00e7a e a est\u00e9tica de Jo\u00e3osinho da Gom\u00e9a, o babalorix\u00e1 que revolucionou o Candombl\u00e9"},"content":{"rendered":"\n<p><em>&nbsp;Foto: Vicente Ot\u00e1vio.<\/em><\/p>\n\n\n\n<p>O SescTV exibe, no dia <strong>23 de novembro<\/strong>, o curta-metragem <strong>\u201cJo\u00e3osinho da Gom\u00e9a: o rei do Candombl\u00e9\u201d<\/strong>, dirigido por <strong>Janaina Oliveira ReFem<\/strong> e <strong>Rodrigo Dutra<\/strong>, uma obra que reacende a trajet\u00f3ria vibrante e indom\u00e1vel de um dos maiores \u00edcones da cultura afro-brasileira.<\/p>\n\n\n\n<p>Figura decisiva no s\u00e9culo XX, <strong>Jo\u00e3osinho da Gom\u00e9a<\/strong> foi muito al\u00e9m do posto de babalorix\u00e1. Negro, homossexual, artista por ess\u00eancia e l\u00edder religioso de extrema sensibilidade, transformou o Candombl\u00e9 em um espet\u00e1culo de cores, movimento e espiritualidade. Enfrentou preconceitos, quebrou tradi\u00e7\u00f5es r\u00edgidas e abriu novos caminhos para a religiosidade de matriz africana no Brasil. Sua vida \u00e9, at\u00e9 hoje, sin\u00f4nimo de ousadia e liberdade.<\/p>\n\n\n\n<p>No curta, o ator <strong>\u00c1tila Bezerra<\/strong> d\u00e1 voz e corpo a Jo\u00e3osinho, narrando em primeira pessoa uma jornada que come\u00e7a em <strong>Inhambupe (BA)<\/strong>, atravessa doen\u00e7a e cura espiritual, e culmina na funda\u00e7\u00e3o da lend\u00e1ria <strong>Ro\u00e7a da Gom\u00e9a<\/strong>, em Duque de Caxias (RJ). Foi ali que seu ax\u00e9 ganhou contornos art\u00edsticos \u00fanicos, combinando teatralidade, m\u00fasica e est\u00e9tica de forma revolucion\u00e1ria.<\/p>\n\n\n\n<p>Mesmo rejeitado por setores conservadores do Candombl\u00e9, Jo\u00e3osinho conquistou proje\u00e7\u00e3o internacional e admira\u00e7\u00e3o de artistas, pol\u00edticos e intelectuais e chegou at\u00e9 a ser chamado de <strong>\u201cRei do Candombl\u00e9\u201d<\/strong> pela Rainha Elizabeth II, segundo relatos da \u00e9poca.<\/p>\n\n\n\n<p>Com m\u00fasicas entoadas pelo pr\u00f3prio sacerdote, imagens de arquivo e uma atmosfera profundamente po\u00e9tica, o filme apresenta um Jo\u00e3osinho que fez da f\u00e9 sua arte e da arte sua forma de resist\u00eancia.<\/p>\n\n\n\n<p>Um de seus depoimentos mais conhecidos, presente no curta, sintetiza sua ousadia criativa:<br><em>\u201cSe o candombl\u00e9 assumiu uma postura de espet\u00e1culo de luz e cores, foi gra\u00e7as \u00e0 minha ro\u00e7a na Gom\u00e9a. N\u00e3o posso aceitar que digam que desmoralizo o Candombl\u00e9 apenas por gostar de enfeitar meus orix\u00e1s ou brincar no carnaval.\u201d<\/em><\/p>\n\n\n\n<h2 class=\"wp-block-heading\"><strong>Servi\u00e7o<\/strong><\/h2>\n\n\n\n<p><strong>Jo\u00e3osinho da Gom\u00e9a \u2013 O Rei do Candombl\u00e9<\/strong><br>Dire\u00e7\u00e3o: Janaina Oliveira ReFem e Rodrigo Dutra<br>Brasil | 2019 | 14 min | Livre<\/p>\n\n\n\n<p><strong>Exibi\u00e7\u00e3o:<\/strong> 23 de novembro, sexta-feira, \u00e0s 22h42, no SescTV.<br><strong>Sob demanda:<\/strong> a partir de 23\/11 em sesctv.org.br\/curtas.<\/p>\n\n\n\n<p><strong>Como assistir ao SescTV:<\/strong><br>Consulte sua operadora ou acesse sesctv.org.br tamb\u00e9m de forma online.<br>Redes sociais: <strong>@sesctv<\/strong><\/p>\n","protected":false},"excerpt":{"rendered":"<p>&nbsp;Foto: Vicente Ot\u00e1vio. O SescTV exibe, no dia 23 de novembro, o curta-metragem \u201cJo\u00e3osinho da Gom\u00e9a: o rei do Candombl\u00e9\u201d, dirigido por Janaina Oliveira ReFem e Rodrigo Dutra, uma obra que reacende a trajet\u00f3ria vibrante e indom\u00e1vel de um dos maiores \u00edcones da cultura afro-brasileira. Figura decisiva no s\u00e9culo XX, Jo\u00e3osinho da Gom\u00e9a foi muito [&hellip;]<\/p>\n","protected":false},"author":1441,"featured_media":0,"comment_status":"open","ping_status":"open","sticky":false,"template":"","format":"standard","meta":{"_monsterinsights_skip_tracking":false,"_monsterinsights_sitenote_active":false,"_monsterinsights_sitenote_note":"","_monsterinsights_sitenote_category":0,"footnotes":""},"categories":[1],"tags":[],"class_list":["post-15128","post","type-post","status-publish","format-standard","hentry","category-sem-categoria"],"_links":{"self":[{"href":"https:\/\/cidadecult.com.br\/index.php?rest_route=\/wp\/v2\/posts\/15128","targetHints":{"allow":["GET"]}}],"collection":[{"href":"https:\/\/cidadecult.com.br\/index.php?rest_route=\/wp\/v2\/posts"}],"about":[{"href":"https:\/\/cidadecult.com.br\/index.php?rest_route=\/wp\/v2\/types\/post"}],"author":[{"embeddable":true,"href":"https:\/\/cidadecult.com.br\/index.php?rest_route=\/wp\/v2\/users\/1441"}],"replies":[{"embeddable":true,"href":"https:\/\/cidadecult.com.br\/index.php?rest_route=%2Fwp%2Fv2%2Fcomments&post=15128"}],"version-history":[{"count":2,"href":"https:\/\/cidadecult.com.br\/index.php?rest_route=\/wp\/v2\/posts\/15128\/revisions"}],"predecessor-version":[{"id":15143,"href":"https:\/\/cidadecult.com.br\/index.php?rest_route=\/wp\/v2\/posts\/15128\/revisions\/15143"}],"wp:attachment":[{"href":"https:\/\/cidadecult.com.br\/index.php?rest_route=%2Fwp%2Fv2%2Fmedia&parent=15128"}],"wp:term":[{"taxonomy":"category","embeddable":true,"href":"https:\/\/cidadecult.com.br\/index.php?rest_route=%2Fwp%2Fv2%2Fcategories&post=15128"},{"taxonomy":"post_tag","embeddable":true,"href":"https:\/\/cidadecult.com.br\/index.php?rest_route=%2Fwp%2Fv2%2Ftags&post=15128"}],"curies":[{"name":"wp","href":"https:\/\/api.w.org\/{rel}","templated":true}]}}