{"id":15125,"date":"2025-11-17T14:14:16","date_gmt":"2025-11-17T17:14:16","guid":{"rendered":"https:\/\/cidadecult.com.br\/?p=15125"},"modified":"2025-11-17T14:14:18","modified_gmt":"2025-11-17T17:14:18","slug":"quarentei-show-plinio-perru-celebra-recomecos-em-espetaculo-unico-no-sesc-504-sul","status":"publish","type":"post","link":"https:\/\/cidadecult.com.br\/?p=15125","title":{"rendered":"\u201cQuarentei show\u201d: Pl\u00ednio Perr\u00fa celebra recome\u00e7os em espet\u00e1culo \u00fanico no Sesc 504 Sul"},"content":{"rendered":"\n<p><em>Arte\/divulga\u00e7\u00e3o<\/em><\/p>\n\n\n\n<p>Depois de anos afastado da cena, <strong>Pl\u00ednio Perr\u00fa<\/strong> decidiu que seu retorno merecia algo \u00e0 altura da pr\u00f3pria trajet\u00f3ria. Em vez de apenas subir ao palco novamente, ele escolheu transformar sua viv\u00eancia em um espet\u00e1culo que mistura humor, mem\u00f3ria e reinven\u00e7\u00e3o. Assim nasce o <strong>\u201cQuarentei Show\u201d<\/strong>, que ser\u00e1 apresentado em sess\u00e3o \u00fanica no <strong>dia 20 de novembro<\/strong>, \u00e0s <strong>20h30<\/strong>, no Teatro Ary Barroso, Sesc 504 Sul.<\/p>\n\n\n\n<p>O novo trabalho parte do universo do stand up comedy, mas rapidamente atravessa o g\u00eanero para construir uma narrativa que conversa com quem j\u00e1 chegou, ou est\u00e1 chegando aos 40. Entre crises, descobertas e pequenas epifanias, Perr\u00fa revisita passagens pessoais e profissionais com a sinceridade de quem entende que a com\u00e9dia tamb\u00e9m mora nos lugares improv\u00e1veis.<\/p>\n\n\n\n<p>No palco, o artista resgata momentos marcantes da carreira, incluindo cenas e mem\u00f3rias de sua forma\u00e7\u00e3o em Artes C\u00eanicas na UnB e do per\u00edodo em que trabalhou com <strong>Hugo Rodas<\/strong>, refer\u00eancia no teatro brasileiro. Esses elementos se misturam a piadas afiadas, olhares ir\u00f4nicos e confiss\u00f5es que tornam o espet\u00e1culo tanto divertido quanto humano.<\/p>\n\n\n\n<p>Com o primeiro solo, <strong>\u201cEu nunca fui santo\u201d<\/strong> (2016), Perr\u00fa apresentou ao p\u00fablico sua verve c\u00f4mica. Agora, retorna em outra frequ\u00eancia: mais maduro, mais inquieto e mais disposto a transformar a pr\u00f3pria experi\u00eancia em ponto de partida para novas conversas. \u201cQuarentei show\u201d marca esse novo ciclo com a coragem de quem entende que a vida muda e o riso acompanha.<\/p>\n\n\n\n<p>Sem novas datas previstas para este ano, o espet\u00e1culo se firma como uma oportunidade \u00fanica para quem deseja acompanhar o reencontro do artista com o palco. Para atualiza\u00e7\u00f5es futuras, basta seguir o humorista em <strong>@plinioperru<\/strong>.<\/p>\n\n\n\n<h2 class=\"wp-block-heading\"><strong>PROGRAME-SE<\/strong>: <\/h2>\n\n\n\n<p><strong>Data:<\/strong> 20 de novembro de 2025 \u2013 Quinta-feira;<br><strong>Hor\u00e1rio:<\/strong> 20h30;<br><strong>Local:<\/strong> Teatro Ary Barroso \u2013 Sesc 504 Sul \u2013 Asa Sul (Bras\u00edlia\/DF);<br><strong>Classifica\u00e7\u00e3o:<\/strong> 16 anos;<br><strong>Ingressos:<\/strong> \u00c0 venda no Sympla;<br><strong>Valores:<\/strong> R$ 40 (inteira) | R$ 20 (meia).<\/p>\n\n\n\n<h2 class=\"wp-block-heading\"><strong>Ficha t\u00e9cnica<\/strong>: <\/h2>\n\n\n\n<p><strong>Cria\u00e7\u00e3o, Dire\u00e7\u00e3o e Atua\u00e7\u00e3o:<\/strong> Pl\u00ednio Perr\u00fa;<br><strong>Produ\u00e7\u00e3o:<\/strong> APR Produ\u00e7\u00f5es;<br><strong>Fotos:<\/strong> Jess\u00e9 Fontenele;<br><strong>Assessoria:<\/strong> Josuel Junior;<br><strong>Contato:<\/strong> (61) 99243-9948.<\/p>\n\n\n\n<h3 class=\"wp-block-heading\"><strong>Um espet\u00e1culo para quem quer rir, refletir e acompanhar um artista que encara a maturidade com humor e faz disso sua melhor mat\u00e9ria-prima.<\/strong><\/h3>\n","protected":false},"excerpt":{"rendered":"<p>Arte\/divulga\u00e7\u00e3o Depois de anos afastado da cena, Pl\u00ednio Perr\u00fa decidiu que seu retorno merecia algo \u00e0 altura da pr\u00f3pria trajet\u00f3ria. Em vez de apenas subir ao palco novamente, ele escolheu transformar sua viv\u00eancia em um espet\u00e1culo que mistura humor, mem\u00f3ria e reinven\u00e7\u00e3o. Assim nasce o \u201cQuarentei Show\u201d, que ser\u00e1 apresentado em sess\u00e3o \u00fanica no dia [&hellip;]<\/p>\n","protected":false},"author":1441,"featured_media":15126,"comment_status":"open","ping_status":"open","sticky":false,"template":"","format":"standard","meta":{"_monsterinsights_skip_tracking":false,"_monsterinsights_sitenote_active":false,"_monsterinsights_sitenote_note":"","_monsterinsights_sitenote_category":0,"footnotes":""},"categories":[1],"tags":[],"class_list":["post-15125","post","type-post","status-publish","format-standard","has-post-thumbnail","hentry","category-sem-categoria"],"_links":{"self":[{"href":"https:\/\/cidadecult.com.br\/index.php?rest_route=\/wp\/v2\/posts\/15125","targetHints":{"allow":["GET"]}}],"collection":[{"href":"https:\/\/cidadecult.com.br\/index.php?rest_route=\/wp\/v2\/posts"}],"about":[{"href":"https:\/\/cidadecult.com.br\/index.php?rest_route=\/wp\/v2\/types\/post"}],"author":[{"embeddable":true,"href":"https:\/\/cidadecult.com.br\/index.php?rest_route=\/wp\/v2\/users\/1441"}],"replies":[{"embeddable":true,"href":"https:\/\/cidadecult.com.br\/index.php?rest_route=%2Fwp%2Fv2%2Fcomments&post=15125"}],"version-history":[{"count":1,"href":"https:\/\/cidadecult.com.br\/index.php?rest_route=\/wp\/v2\/posts\/15125\/revisions"}],"predecessor-version":[{"id":15127,"href":"https:\/\/cidadecult.com.br\/index.php?rest_route=\/wp\/v2\/posts\/15125\/revisions\/15127"}],"wp:featuredmedia":[{"embeddable":true,"href":"https:\/\/cidadecult.com.br\/index.php?rest_route=\/wp\/v2\/media\/15126"}],"wp:attachment":[{"href":"https:\/\/cidadecult.com.br\/index.php?rest_route=%2Fwp%2Fv2%2Fmedia&parent=15125"}],"wp:term":[{"taxonomy":"category","embeddable":true,"href":"https:\/\/cidadecult.com.br\/index.php?rest_route=%2Fwp%2Fv2%2Fcategories&post=15125"},{"taxonomy":"post_tag","embeddable":true,"href":"https:\/\/cidadecult.com.br\/index.php?rest_route=%2Fwp%2Fv2%2Ftags&post=15125"}],"curies":[{"name":"wp","href":"https:\/\/api.w.org\/{rel}","templated":true}]}}