{"id":15108,"date":"2025-11-15T14:16:20","date_gmt":"2025-11-15T17:16:20","guid":{"rendered":"https:\/\/cidadecult.com.br\/?p=15108"},"modified":"2025-11-15T14:16:23","modified_gmt":"2025-11-15T17:16:23","slug":"avon-assina-a-beleza-de-ana-castela-no-grammy-latino-2025-e-celebra-parceria-com-colecao-exclusiva","status":"publish","type":"post","link":"https:\/\/cidadecult.com.br\/?p=15108","title":{"rendered":"Avon assina a beleza de Ana Castela no Grammy Latino 2025 e celebra parceria com cole\u00e7\u00e3o exclusiva"},"content":{"rendered":"\n<p><em>Foto\/divulga\u00e7\u00e3o<\/em><\/p>\n\n\n\n<p>A presen\u00e7a brasileira no &#8220;<em>Grammy <\/em>Latino 2025&#8243; ganha brilho extra com Ana Castela. Indicada \u00e0 categoria de <strong>Melhor \u00c1lbum de M\u00fasica Sertaneja<\/strong>, a cantora ter\u00e1 sua beleza assinada pela <strong>Avon<\/strong>, que consolida a parceria lan\u00e7ada recentemente com a cole\u00e7\u00e3o <strong>\u201cA boiadeira by Ana Castela\u201d<\/strong>. A premia\u00e7\u00e3o acontece nesta quinta-feira (13), em Las Vegas, com transmiss\u00e3o ao vivo a partir das 17h (hor\u00e1rio de Bras\u00edlia) pelas plataformas digitais da Academia Latina.<\/p>\n\n\n\n<p>Para o tapete vermelho, a expectativa \u00e9 de um look que una naturalidade e sofistica\u00e7\u00e3o, com destaque para l\u00e1bios iluminados e olhos marcantes  est\u00e9tica que acompanha a identidade vibrante da artista. Segundo Val\u00e9ria Campos, Head de Marketing de Maquiagem da Avon Brasil, ver Ana Castela levando a autenticidade da beleza brasileira ao Grammy refor\u00e7a o prop\u00f3sito da marca em celebrar diversidade e autoexpress\u00e3o.<\/p>\n\n\n\n<h3 class=\"wp-block-heading\"><strong>A cole\u00e7\u00e3o \u201cA Boiadeira by Ana Castela\u201d<\/strong><\/h3>\n\n\n\n<p>Primeira linha de maquiagem assinada pela cantora, a cole\u00e7\u00e3o re\u00fane itens que refletem seu estilo country-pop e a prefer\u00eancia por produtos vers\u00e1teis. Entre os destaques:<\/p>\n\n\n\n<ul class=\"wp-block-list\">\n<li><strong>Gloss Labial Hologr\u00e1fico (R$ 69,90)<\/strong><br>Com part\u00edculas brilhantes e hidrata\u00e7\u00e3o, acompanha capa de silicone que funciona como chaveiro e traz pingente em formato de chap\u00e9u ou bota.<\/li>\n\n\n\n<li><strong>Blush Cremoso Preto (R$ 69,90)<\/strong><br>O produto reage ao pH da pele e revela um tom rosado \u00fanico em cada pessoa, oferecendo efeito personalizado e acabamento natural.<\/li>\n\n\n\n<li><strong>Paleta de Sombras (R$ 79,90)<\/strong><br>Com quatro tons matte e metalizados, permite criar desde looks leves at\u00e9 produ\u00e7\u00f5es mais intensas, ideais para palco e rotina.<\/li>\n\n\n\n<li><strong>Caneta Delineadora Power Stay (R$ 55,90)<\/strong><br>Alta precis\u00e3o, longa dura\u00e7\u00e3o e nova decora\u00e7\u00e3o inspirada na est\u00e9tica da cantora.<\/li>\n<\/ul>\n\n\n\n<p>Os produtos j\u00e1 est\u00e3o dispon\u00edveis no site da Avon e com consultoras de beleza em todo o pa\u00eds.<\/p>\n","protected":false},"excerpt":{"rendered":"<p>Foto\/divulga\u00e7\u00e3o A presen\u00e7a brasileira no &#8220;Grammy Latino 2025&#8243; ganha brilho extra com Ana Castela. Indicada \u00e0 categoria de Melhor \u00c1lbum de M\u00fasica Sertaneja, a cantora ter\u00e1 sua beleza assinada pela Avon, que consolida a parceria lan\u00e7ada recentemente com a cole\u00e7\u00e3o \u201cA boiadeira by Ana Castela\u201d. A premia\u00e7\u00e3o acontece nesta quinta-feira (13), em Las Vegas, com [&hellip;]<\/p>\n","protected":false},"author":1441,"featured_media":15109,"comment_status":"open","ping_status":"open","sticky":false,"template":"","format":"standard","meta":{"_monsterinsights_skip_tracking":false,"_monsterinsights_sitenote_active":false,"_monsterinsights_sitenote_note":"","_monsterinsights_sitenote_category":0,"footnotes":""},"categories":[1],"tags":[],"class_list":["post-15108","post","type-post","status-publish","format-standard","has-post-thumbnail","hentry","category-sem-categoria"],"_links":{"self":[{"href":"https:\/\/cidadecult.com.br\/index.php?rest_route=\/wp\/v2\/posts\/15108","targetHints":{"allow":["GET"]}}],"collection":[{"href":"https:\/\/cidadecult.com.br\/index.php?rest_route=\/wp\/v2\/posts"}],"about":[{"href":"https:\/\/cidadecult.com.br\/index.php?rest_route=\/wp\/v2\/types\/post"}],"author":[{"embeddable":true,"href":"https:\/\/cidadecult.com.br\/index.php?rest_route=\/wp\/v2\/users\/1441"}],"replies":[{"embeddable":true,"href":"https:\/\/cidadecult.com.br\/index.php?rest_route=%2Fwp%2Fv2%2Fcomments&post=15108"}],"version-history":[{"count":1,"href":"https:\/\/cidadecult.com.br\/index.php?rest_route=\/wp\/v2\/posts\/15108\/revisions"}],"predecessor-version":[{"id":15110,"href":"https:\/\/cidadecult.com.br\/index.php?rest_route=\/wp\/v2\/posts\/15108\/revisions\/15110"}],"wp:featuredmedia":[{"embeddable":true,"href":"https:\/\/cidadecult.com.br\/index.php?rest_route=\/wp\/v2\/media\/15109"}],"wp:attachment":[{"href":"https:\/\/cidadecult.com.br\/index.php?rest_route=%2Fwp%2Fv2%2Fmedia&parent=15108"}],"wp:term":[{"taxonomy":"category","embeddable":true,"href":"https:\/\/cidadecult.com.br\/index.php?rest_route=%2Fwp%2Fv2%2Fcategories&post=15108"},{"taxonomy":"post_tag","embeddable":true,"href":"https:\/\/cidadecult.com.br\/index.php?rest_route=%2Fwp%2Fv2%2Ftags&post=15108"}],"curies":[{"name":"wp","href":"https:\/\/api.w.org\/{rel}","templated":true}]}}