{"id":15101,"date":"2025-11-14T14:25:24","date_gmt":"2025-11-14T17:25:24","guid":{"rendered":"https:\/\/cidadecult.com.br\/?p=15101"},"modified":"2025-11-14T14:25:25","modified_gmt":"2025-11-14T17:25:25","slug":"cinemateca-brasileira-celebra-60-anos-de-carreira-de-joao-batista-de-andrade-com-grande-retrospectiva","status":"publish","type":"post","link":"https:\/\/cidadecult.com.br\/?p=15101","title":{"rendered":"Cinemateca Brasileira celebra 60 anos de carreira de Jo\u00e3o Batista de Andrade com grande retrospectiva"},"content":{"rendered":"\n<p><em>Foto\/divulga\u00e7\u00e3o<\/em><\/p>\n\n\n\n<p>A Cinemateca Brasileira realiza, entre <strong>21 e 30 de novembro<\/strong>, uma retrospectiva dedicada ao cineasta <strong>Jo\u00e3o Batista de Andrade<\/strong>, um dos nomes mais influentes do cinema nacional. Com quase seis d\u00e9cadas de trajet\u00f3ria, o diretor construiu uma obra que atravessa fic\u00e7\u00e3o, document\u00e1rio, televis\u00e3o e literatura, sempre marcada pela aten\u00e7\u00e3o \u00e0s quest\u00f5es sociais, pol\u00edticas e hist\u00f3ricas do Brasil.<\/p>\n\n\n\n<p>Interesse pelos trabalhadores, conflitos urbanos, rela\u00e7\u00f5es de classe, autoritarismo e contradi\u00e7\u00f5es do pa\u00eds formam o eixo central de seus filmes. Seja no cinema de interven\u00e7\u00e3o dos primeiros document\u00e1rios ou nos suspenses psicol\u00f3gicos da fic\u00e7\u00e3o, sua obra mant\u00e9m uma coer\u00eancia cr\u00edtica rara e indispens\u00e1vel.<\/p>\n\n\n\n<h2 class=\"wp-block-heading\">Uma mostra que percorre toda a filmografia: <\/h2>\n\n\n\n<p>A programa\u00e7\u00e3o re\u00fane materiais preciosos:<\/p>\n\n\n\n<ul class=\"wp-block-list\">\n<li><strong>C\u00f3pias em 16mm<\/strong>, restauradas em 2007, como <em>Liberdade de Imprensa<\/em>, <em>Migrantes<\/em> e <em>\u00d4nibus<\/em><\/li>\n\n\n\n<li><strong>C\u00f3pias em 35mm<\/strong>, incluindo cl\u00e1ssicos como <em>O Homem que Virou Suco<\/em>, <em>O Cego que Gritava Luz<\/em> e <em>O Tronco<\/em><\/li>\n\n\n\n<li><strong>Obras rec\u00e9m digitalizadas<\/strong> pelo Laborat\u00f3rio de Imagem e Som da Cinemateca, entre elas <em>A Eterna Esperan\u00e7a: Sem Pressa e Sem Pausa, Como as Estrelas<\/em>, <em>Caso Norte<\/em> e <em>Wilsinho Galileia<\/em>, este \u00faltimo restaurado especialmente para a mostra<\/li>\n<\/ul>\n\n\n\n<p>A retrospectiva inclui, ainda:<\/p>\n\n\n\n<ul class=\"wp-block-list\">\n<li><strong>Bate-papo com o cineasta<\/strong> ap\u00f3s a exibi\u00e7\u00e3o de <em>Doramundo<\/em>, na abertura<\/li>\n\n\n\n<li>Encontro com o <strong>grupo Cinema de Rua<\/strong>, criado por Jo\u00e3o Batista em parceria com Adilson Ruiz, Reinaldo Volpato, Penna Filho, Wagner de Carvalho e Augusto Sev\u00e1<\/li>\n\n\n\n<li><strong>Palestra de Vin\u00edcius Bister\u00e7o<\/strong>, pesquisador da obra do diretor, com foco no filme <em>A Pr\u00f3xima V\u00edtima<\/em> (1983)<\/li>\n<\/ul>\n\n\n\n<p>Um <strong>cat\u00e1logo digital<\/strong> com textos de cr\u00edticos e pesquisadores tamb\u00e9m ser\u00e1 disponibilizado para complementar a experi\u00eancia.<\/p>\n\n\n\n<h2 class=\"wp-block-heading\">\ud83d\udcc5 Programa\u00e7\u00e3o completa: <\/h2>\n\n\n\n<p>Todas as sess\u00f5es acontecem na <strong>Sala Grande Otelo<\/strong>, com ingressos gratuitos distribu\u00eddos uma hora antes.<\/p>\n\n\n\n<h3 class=\"wp-block-heading\">Sexta, 21 de novembro<\/h3>\n\n\n\n<p>19h30 \u2013 <em>Doramundo<\/em><\/p>\n\n\n\n<h3 class=\"wp-block-heading\">S\u00e1bado, 22 de novembro<\/h3>\n\n\n\n<p>20h \u2013 <em>O Homem que Virou Suco<\/em><\/p>\n\n\n\n<h3 class=\"wp-block-heading\">Domingo, 23 de novembro<\/h3>\n\n\n\n<p>15h \u2013 Sess\u00e3o <em>100 Anos de Cultura e Conflitos<\/em><br>17h30 \u2013 Sess\u00e3o dupla: <em>A Eterna Esperan\u00e7a\u2026<\/em> + <em>C\u00e9u Aberto<\/em><br>20h \u2013 <em>O Cego que Gritava Luz<\/em><\/p>\n\n\n\n<h3 class=\"wp-block-heading\">Quarta, 26 de novembro<\/h3>\n\n\n\n<p>20h \u2013 <em>O Tronco<\/em><\/p>\n\n\n\n<h3 class=\"wp-block-heading\">Quinta, 27 de novembro<\/h3>\n\n\n\n<p>17h30 \u2013 <em>Veias e Vinhos: Uma Hist\u00f3ria Brasileira<\/em><br>20h \u2013 <em>Gamal \u2013 O Del\u00edrio do Sexo<\/em><\/p>\n\n\n\n<h3 class=\"wp-block-heading\">Sexta, 28 de novembro<\/h3>\n\n\n\n<p>17h30 \u2013 <em>O Homem que Virou Suco<\/em><\/p>\n\n\n\n<h3 class=\"wp-block-heading\">S\u00e1bado, 29 de novembro<\/h3>\n\n\n\n<p>17h30 \u2013 <em>A Pr\u00f3xima V\u00edtima<\/em><br>21h \u2013 Sess\u00e3o <em>No Calor do Momento<\/em><\/p>\n\n\n\n<h3 class=\"wp-block-heading\">Domingo, 30 de novembro<\/h3>\n\n\n\n<p>15h \u2013 <em>Doramundo<\/em><br>17h30 \u2013 Sess\u00e3o <em>O Povo Fala<\/em><br>20h \u2013 <em>Rua 6, S\/N<\/em><\/p>\n\n\n\n<h2 class=\"wp-block-heading\">\ud83d\udccd Servi\u00e7o<\/h2>\n\n\n\n<p><strong>Cinemateca Brasileira<\/strong><br>Largo Senador Raul Cardoso, 207 \u2013 Vila Mariana \u2013 S\u00e3o Paulo<br>Funcionamento conforme programa\u00e7\u00e3o<br>Ingressos gratuitos, distribu\u00eddos 1h antes de cada sess\u00e3o<\/p>\n","protected":false},"excerpt":{"rendered":"<p>Foto\/divulga\u00e7\u00e3o A Cinemateca Brasileira realiza, entre 21 e 30 de novembro, uma retrospectiva dedicada ao cineasta Jo\u00e3o Batista de Andrade, um dos nomes mais influentes do cinema nacional. Com quase seis d\u00e9cadas de trajet\u00f3ria, o diretor construiu uma obra que atravessa fic\u00e7\u00e3o, document\u00e1rio, televis\u00e3o e literatura, sempre marcada pela aten\u00e7\u00e3o \u00e0s quest\u00f5es sociais, pol\u00edticas e [&hellip;]<\/p>\n","protected":false},"author":1441,"featured_media":15102,"comment_status":"open","ping_status":"open","sticky":false,"template":"","format":"standard","meta":{"_monsterinsights_skip_tracking":false,"_monsterinsights_sitenote_active":false,"_monsterinsights_sitenote_note":"","_monsterinsights_sitenote_category":0,"footnotes":""},"categories":[1],"tags":[],"class_list":["post-15101","post","type-post","status-publish","format-standard","has-post-thumbnail","hentry","category-sem-categoria"],"_links":{"self":[{"href":"https:\/\/cidadecult.com.br\/index.php?rest_route=\/wp\/v2\/posts\/15101","targetHints":{"allow":["GET"]}}],"collection":[{"href":"https:\/\/cidadecult.com.br\/index.php?rest_route=\/wp\/v2\/posts"}],"about":[{"href":"https:\/\/cidadecult.com.br\/index.php?rest_route=\/wp\/v2\/types\/post"}],"author":[{"embeddable":true,"href":"https:\/\/cidadecult.com.br\/index.php?rest_route=\/wp\/v2\/users\/1441"}],"replies":[{"embeddable":true,"href":"https:\/\/cidadecult.com.br\/index.php?rest_route=%2Fwp%2Fv2%2Fcomments&post=15101"}],"version-history":[{"count":1,"href":"https:\/\/cidadecult.com.br\/index.php?rest_route=\/wp\/v2\/posts\/15101\/revisions"}],"predecessor-version":[{"id":15103,"href":"https:\/\/cidadecult.com.br\/index.php?rest_route=\/wp\/v2\/posts\/15101\/revisions\/15103"}],"wp:featuredmedia":[{"embeddable":true,"href":"https:\/\/cidadecult.com.br\/index.php?rest_route=\/wp\/v2\/media\/15102"}],"wp:attachment":[{"href":"https:\/\/cidadecult.com.br\/index.php?rest_route=%2Fwp%2Fv2%2Fmedia&parent=15101"}],"wp:term":[{"taxonomy":"category","embeddable":true,"href":"https:\/\/cidadecult.com.br\/index.php?rest_route=%2Fwp%2Fv2%2Fcategories&post=15101"},{"taxonomy":"post_tag","embeddable":true,"href":"https:\/\/cidadecult.com.br\/index.php?rest_route=%2Fwp%2Fv2%2Ftags&post=15101"}],"curies":[{"name":"wp","href":"https:\/\/api.w.org\/{rel}","templated":true}]}}