{"id":15098,"date":"2025-11-14T14:13:32","date_gmt":"2025-11-14T17:13:32","guid":{"rendered":"https:\/\/cidadecult.com.br\/?p=15098"},"modified":"2025-11-14T14:13:34","modified_gmt":"2025-11-14T17:13:34","slug":"brasil-lanca-plano-de-acao-de-saude-na-cop30-com-us-300-milhoes-destinados-ao-enfrentamento-da-crise-climatica","status":"publish","type":"post","link":"https:\/\/cidadecult.com.br\/?p=15098","title":{"rendered":"Brasil lan\u00e7a Plano de A\u00e7\u00e3o de Sa\u00fade na COP30, com US$ 300 milh\u00f5es destinados ao enfrentamento da crise clim\u00e1tica"},"content":{"rendered":"\n<p><em>Foto: Rafael Neddermeyer\/COP30<\/em><\/p>\n\n\n\n<p>A COP30 viveu um momento decisivo nesta quinta-feira (13), em Bel\u00e9m (PA), com o lan\u00e7amento do <strong>Plano de A\u00e7\u00e3o em Sa\u00fade de Bel\u00e9m<\/strong>, o primeiro documento internacional dedicado exclusivamente \u00e0 adapta\u00e7\u00e3o clim\u00e1tica no setor de sa\u00fade. A iniciativa, liderada pelo Governo Federal por meio do Minist\u00e9rio da Sa\u00fade, refor\u00e7a o compromisso do Brasil em enfrentar os efeitos j\u00e1 sentidos da crise clim\u00e1tica, especialmente entre popula\u00e7\u00f5es historicamente mais vulner\u00e1veis.<\/p>\n\n\n\n<p>Al\u00e9m do plano, o dia foi marcado pelo an\u00fancio de <strong>US$ 300 milh\u00f5es<\/strong> da <strong>Coaliz\u00e3o de Financiadores de Clima e Sa\u00fade<\/strong>, destinados a ampliar solu\u00e7\u00f5es, pesquisas e pol\u00edticas voltadas aos impactos do calor extremo, polui\u00e7\u00e3o do ar e dissemina\u00e7\u00e3o de doen\u00e7as relacionadas \u00e0s mudan\u00e7as clim\u00e1ticas.<\/p>\n\n\n\n<p>O ministro da Sa\u00fade, <strong>Alexandre Padilha<\/strong>, refor\u00e7ou que o mundo precisa tratar adapta\u00e7\u00e3o clim\u00e1tica com o mesmo peso pol\u00edtico da mitiga\u00e7\u00e3o. \u201cA COP30 nos desafia a sair da promessa e partir para a a\u00e7\u00e3o. Para muitos pa\u00edses, adaptar-se \u00e9 uma quest\u00e3o de sobreviv\u00eancia imediata\u201d, afirmou.<\/p>\n\n\n\n<p>A CEO da COP30, <strong>Ana Toni<\/strong>, destacou o protagonismo do SUS nas discuss\u00f5es internacionais: \u201cColocar a sa\u00fade no centro da COP \u00e9 essencial. J\u00e1 temos mais de 80 pa\u00edses e parceiros comprometidos com este plano\u201d. Para o secret\u00e1rio-executivo da UNFCCC, o documento inaugura uma nova etapa de coordena\u00e7\u00e3o e financiamento global.<\/p>\n\n\n\n<h2 class=\"wp-block-heading\"><strong>O que traz o Plano de A\u00e7\u00e3o em Sa\u00fade de Bel\u00e9m<\/strong><\/h2>\n\n\n\n<p>Coordenado pela Alian\u00e7a para A\u00e7\u00e3o Transformadora em Clima e Sa\u00fade (ATACH) e supervisionado pela OMS, o plano define medidas concretas para fortalecer sistemas de sa\u00fade frente aos impactos clim\u00e1ticos. Entre elas:<\/p>\n\n\n\n<ul class=\"wp-block-list\">\n<li><strong>Refor\u00e7o da vigil\u00e2ncia e monitoramento<\/strong> para lidar com surtos, ondas de calor e eventos clim\u00e1ticos extremos;<\/li>\n\n\n\n<li><strong>Implementa\u00e7\u00e3o de solu\u00e7\u00f5es baseadas em evid\u00eancias<\/strong> e capacita\u00e7\u00e3o de profissionais;<\/li>\n\n\n\n<li><strong>Investimentos em pesquisa, tecnologia e infraestrutura<\/strong>, priorizando regi\u00f5es e popula\u00e7\u00f5es mais expostas.<\/li>\n<\/ul>\n\n\n\n<p>A coaliz\u00e3o financiadora re\u00fane mais de 35 organiza\u00e7\u00f5es filantr\u00f3picas globais, como Bloomberg Philanthropies, Gates Foundation, IKEA Foundation, Wellcome Trust e The Rockefeller Foundation, que ressaltam a urg\u00eancia de agir coletivamente para proteger vidas.<\/p>\n\n\n\n<h2 class=\"wp-block-heading\"><strong>A emerg\u00eancia clim\u00e1tica j\u00e1 \u00e9 uma crise de sa\u00fade<\/strong><\/h2>\n\n\n\n<p>De acordo com o relat\u00f3rio <strong>Lancet Countdown 2025<\/strong>, o cen\u00e1rio \u00e9 alarmante:<\/p>\n\n\n\n<ul class=\"wp-block-list\">\n<li>Mortes relacionadas ao calor aumentaram <strong>23%<\/strong> desde os anos 1990;<\/li>\n\n\n\n<li>A fuma\u00e7a de inc\u00eandios florestais foi associada a <strong>154 mil mortes<\/strong> somente em 2024;<\/li>\n\n\n\n<li>O potencial global de transmiss\u00e3o de dengue cresceu at\u00e9 <strong>49%<\/strong> desde a d\u00e9cada de 1950.<\/li>\n<\/ul>\n\n\n\n<p>Em mensagem \u00e0 COP30, o diretor-geral da OMS, <strong>Tedros Adhanom<\/strong>, refor\u00e7ou que a resili\u00eancia dos sistemas de sa\u00fade precisa ser tratada como prioridade imediata. \u201cO plano apresentado pelo Brasil \u00e9 um avan\u00e7o essencial\u201d, afirmou.<\/p>\n\n\n\n<h2 class=\"wp-block-heading\"><strong>Ades\u00e3o aberta e impacto global<\/strong><\/h2>\n\n\n\n<p>A iniciativa est\u00e1 aberta \u00e0 ades\u00e3o volunt\u00e1ria de pa\u00edses, organiza\u00e7\u00f5es e sociedade civil, integrando a Agenda de A\u00e7\u00e3o da COP30 e respondendo \u00e0 Meta Global de Adapta\u00e7\u00e3o prevista no Acordo de Paris. Tamb\u00e9m complementa resolu\u00e7\u00f5es recentes da Assembleia Mundial da Sa\u00fade.<\/p>\n\n\n\n<p>Com o an\u00fancio do plano e o robusto financiamento internacional, o Brasil assume uma posi\u00e7\u00e3o de lideran\u00e7a ao colocar a sa\u00fade no centro da agenda clim\u00e1tica, um passo fundamental para reduzir desigualdades, fortalecer sistemas de cuidado e construir um futuro mais seguro em tempos de emerg\u00eancia clim\u00e1tica.<\/p>\n","protected":false},"excerpt":{"rendered":"<p>Foto: Rafael Neddermeyer\/COP30 A COP30 viveu um momento decisivo nesta quinta-feira (13), em Bel\u00e9m (PA), com o lan\u00e7amento do Plano de A\u00e7\u00e3o em Sa\u00fade de Bel\u00e9m, o primeiro documento internacional dedicado exclusivamente \u00e0 adapta\u00e7\u00e3o clim\u00e1tica no setor de sa\u00fade. A iniciativa, liderada pelo Governo Federal por meio do Minist\u00e9rio da Sa\u00fade, refor\u00e7a o compromisso do [&hellip;]<\/p>\n","protected":false},"author":1441,"featured_media":15099,"comment_status":"open","ping_status":"open","sticky":false,"template":"","format":"standard","meta":{"_monsterinsights_skip_tracking":false,"_monsterinsights_sitenote_active":false,"_monsterinsights_sitenote_note":"","_monsterinsights_sitenote_category":0,"footnotes":""},"categories":[54],"tags":[],"class_list":["post-15098","post","type-post","status-publish","format-standard","has-post-thumbnail","hentry","category-brasil"],"_links":{"self":[{"href":"https:\/\/cidadecult.com.br\/index.php?rest_route=\/wp\/v2\/posts\/15098","targetHints":{"allow":["GET"]}}],"collection":[{"href":"https:\/\/cidadecult.com.br\/index.php?rest_route=\/wp\/v2\/posts"}],"about":[{"href":"https:\/\/cidadecult.com.br\/index.php?rest_route=\/wp\/v2\/types\/post"}],"author":[{"embeddable":true,"href":"https:\/\/cidadecult.com.br\/index.php?rest_route=\/wp\/v2\/users\/1441"}],"replies":[{"embeddable":true,"href":"https:\/\/cidadecult.com.br\/index.php?rest_route=%2Fwp%2Fv2%2Fcomments&post=15098"}],"version-history":[{"count":1,"href":"https:\/\/cidadecult.com.br\/index.php?rest_route=\/wp\/v2\/posts\/15098\/revisions"}],"predecessor-version":[{"id":15100,"href":"https:\/\/cidadecult.com.br\/index.php?rest_route=\/wp\/v2\/posts\/15098\/revisions\/15100"}],"wp:featuredmedia":[{"embeddable":true,"href":"https:\/\/cidadecult.com.br\/index.php?rest_route=\/wp\/v2\/media\/15099"}],"wp:attachment":[{"href":"https:\/\/cidadecult.com.br\/index.php?rest_route=%2Fwp%2Fv2%2Fmedia&parent=15098"}],"wp:term":[{"taxonomy":"category","embeddable":true,"href":"https:\/\/cidadecult.com.br\/index.php?rest_route=%2Fwp%2Fv2%2Fcategories&post=15098"},{"taxonomy":"post_tag","embeddable":true,"href":"https:\/\/cidadecult.com.br\/index.php?rest_route=%2Fwp%2Fv2%2Ftags&post=15098"}],"curies":[{"name":"wp","href":"https:\/\/api.w.org\/{rel}","templated":true}]}}