{"id":15094,"date":"2025-11-14T14:07:34","date_gmt":"2025-11-14T17:07:34","guid":{"rendered":"https:\/\/cidadecult.com.br\/?p=15094"},"modified":"2025-11-14T14:08:22","modified_gmt":"2025-11-14T17:08:22","slug":"banco-da-amazonia-estreia-no-programa-uma-noite-no-museu-com-experiencias-imersivas-e-tres-exposicoes-ineditas-em-belem","status":"publish","type":"post","link":"https:\/\/cidadecult.com.br\/?p=15094","title":{"rendered":"Banco da Amaz\u00f4nia estreia no programa uma noite no museu com experi\u00eancias imersivas e tr\u00eas exposi\u00e7\u00f5es in\u00e9ditas em Bel\u00e9m!"},"content":{"rendered":"\n<p><em>Foto\/divulga\u00e7\u00e3o<\/em><\/p>\n\n\n\n<p>O Centro Cultural do Banco da Amaz\u00f4nia passa a integrar oficialmente o circuito<strong> &#8220;Uma noite no museu&#8221;, <\/strong>promovido pela Secretaria de Cultura do Par\u00e1 (Secult). Nesta <strong>sexta-feira, 14 de novembro<\/strong>, o espa\u00e7o estar\u00e1 aberto para visita\u00e7\u00e3o noturna das <strong>18h \u00e0s 22h<\/strong>, com <strong>entrada gratuita<\/strong>, ampliando ainda mais a cena cultural de Bel\u00e9m em pleno clima de COP30.<\/p>\n\n\n\n<p>Aberto recentemente, em outubro, o Centro Cultural j\u00e1 se firma como um ponto pulsante da produ\u00e7\u00e3o art\u00edstica paraense. Agora, sua ades\u00e3o ao projeto refor\u00e7a o compromisso em democratizar o acesso \u00e0 cultura. \u201cAderimos ao programa porque entendemos que a Cultura tamb\u00e9m \u00e9 um patrim\u00f4nio essencial na constru\u00e7\u00e3o de uma sociedade mais consciente e saud\u00e1vel\u201d, destaca o presidente do Banco da Amaz\u00f4nia, <strong>Luiz Lessa<\/strong>.<\/p>\n\n\n\n<h3 class=\"wp-block-heading\"><strong>Arte, cidade e tecnologia: uma noite para explorar<\/strong><\/h3>\n\n\n\n<p>Antes mesmo de entrar, o p\u00fablico ser\u00e1 recebido por uma atra\u00e7\u00e3o especial: a <strong>fachada do Centro Cultural foi convertida na primeira galeria de arte urbana projetada da cidade<\/strong>, exibindo obras de artistas regionais em v\u00eddeo mapping. A interven\u00e7\u00e3o segue at\u00e9 dezembro, ampliando o movimento cultural que envolve Bel\u00e9m durante a COP30.<\/p>\n\n\n\n<p>Na entrada, duas instala\u00e7\u00f5es revelam a for\u00e7a da arte amaz\u00f4nica contempor\u00e2nea:<\/p>\n\n\n\n<ul class=\"wp-block-list\">\n<li><strong>\u201cBanzeiro\u201d<\/strong>, de <strong>Roberta Carvalho<\/strong>, cria um t\u00fanel imersivo com imagens dos rios amaz\u00f4nicos, sons e palavras que dialogam entre natureza, arte e poesia.<\/li>\n\n\n\n<li>A instala\u00e7\u00e3o de <strong>Keyla Sobral<\/strong>, com curadoria de <strong>Orlando Maneschy<\/strong>, apresenta frases-poema que evocam os sonhos, a diversidade e os futuros poss\u00edveis da Amaz\u00f4nia.<\/li>\n<\/ul>\n\n\n\n<h3 class=\"wp-block-heading\"><strong>Tr\u00eas exposi\u00e7\u00f5es em cartaz<\/strong><\/h3>\n\n\n\n<p>A programa\u00e7\u00e3o n\u00e3o para nas instala\u00e7\u00f5es de entrada: o Centro Cultural abriga <strong>tr\u00eas exposi\u00e7\u00f5es simult\u00e2neas<\/strong>, cada uma abrindo perspectivas sobre mem\u00f3ria, territ\u00f3rio e futuro.<\/p>\n\n\n\n<h4 class=\"wp-block-heading\"><strong>Galeria 1 \u2013 Mandela: \u00cdcone Mundial de Reconcilia\u00e7\u00e3o<\/strong><\/h4>\n\n\n\n<p>Com curadoria de <strong>Christopher Till<\/strong>, a mostra in\u00e9dita re\u00fane <strong>50 pain\u00e9is fotogr\u00e1ficos<\/strong> e uma instala\u00e7\u00e3o audiovisual que percorrem a trajet\u00f3ria de Nelson Mandela \u2014 da luta contra o apartheid ao legado global de justi\u00e7a e igualdade.<br>Realizada pelo <strong>Instituto Brasil \u00c1frica (IBRAF)<\/strong> em parceria com a <strong>Funda\u00e7\u00e3o Nelson Mandela<\/strong>, a exposi\u00e7\u00e3o destaca valores essenciais para a constru\u00e7\u00e3o de sociedades mais justas \u2014 tema profundamente conectado \u00e0 realidade amaz\u00f4nica, como observa Lessa.<\/p>\n\n\n\n<h4 class=\"wp-block-heading\"><strong>Galeria 2 \u2013 Habitar a Floresta<\/strong><\/h4>\n\n\n\n<p>A exposi\u00e7\u00e3o apresenta <strong>14 projetos arquitet\u00f4nicos<\/strong> que unem ci\u00eancia, saberes ancestrais e novas possibilidades de morar na Amaz\u00f4nia.<br>Com curadoria de <strong>Marcelo Rosenbaum<\/strong> e <strong>Fernando Serapi\u00e3o<\/strong>, a mostra nasceu de um convite do presidente da COP30, <strong>Andr\u00e9 Corr\u00eaa do Lago<\/strong>, para pensar a arquitetura dos tr\u00f3picos sob uma perspectiva integradora.<br>\u201cManter os habitantes dentro da floresta \u00e9 a melhor forma de conserv\u00e1-la\u201d, refor\u00e7a Serapi\u00e3o. J\u00e1 para a diretora comercial do Banco da Amaz\u00f4nia, <strong>Joana Lima<\/strong>, o papel do banco \u00e9 ir al\u00e9m do cr\u00e9dito: \u00e9 tamb\u00e9m gerar conhecimento e fortalecer a regi\u00e3o.<\/p>\n\n\n\n<h4 class=\"wp-block-heading\"><strong>Galeria 3 \u2013 Clima: O Novo Anormal<\/strong><\/h4>\n\n\n\n<p>Dirigida por <strong>Cl\u00e1udio \u00c2ngelo<\/strong> e <strong>Fernando Meirelles<\/strong>, a exposi\u00e7\u00e3o combina arte e ci\u00eancia para explicar a crise clim\u00e1tica global.<br>Com <strong>30 monitores<\/strong>, dispositivos multim\u00eddia e um <strong>globo digital suspenso<\/strong>, o p\u00fablico visualiza diferentes cen\u00e1rios de aquecimento, eleva\u00e7\u00e3o dos oceanos e impactos ambientais.<br>A gerente de Marketing e Comunica\u00e7\u00e3o do banco, <strong>Ruth Helena Lima<\/strong>, destaca a urg\u00eancia do tema: \u201cO momento exige a reinven\u00e7\u00e3o da nossa forma de viver. O conhecimento e os meios de a\u00e7\u00e3o est\u00e3o todos a\u00ed.\u201d<\/p>\n\n\n\n<h3 class=\"wp-block-heading\"><strong>Um projeto que cresce a cada edi\u00e7\u00e3o<\/strong><\/h3>\n\n\n\n<p>Desde sua cria\u00e7\u00e3o em 2023, o <strong>Uma Noite no Museu<\/strong> re\u00fane milhares de visitantes e amplia o di\u00e1logo da popula\u00e7\u00e3o com os espa\u00e7os culturais do estado. Al\u00e9m das visitas, o programa promove a\u00e7\u00f5es educativas, feira criativa, exibi\u00e7\u00f5es de filmes e apresenta\u00e7\u00f5es art\u00edsticas.<\/p>\n\n\n\n<p>Ao integrar o circuito, o Centro Cultural do Banco da Amaz\u00f4nia reafirma seu papel como agente de cultura, educa\u00e7\u00e3o e consci\u00eancia socioambiental, oferecendo uma programa\u00e7\u00e3o que transforma, inspira e fortalece a experi\u00eancia cultural paraense.<\/p>\n\n\n\n<h3 class=\"wp-block-heading\"><strong>Servi\u00e7o<\/strong>&#8211; <strong>Uma noite no museu<\/strong>:<\/h3>\n\n\n\n<p>Centro Cultural Banco da Amaz\u00f4nia;<br>Av. Presidente Vargas, 800 \u2013 Campina \u2013 Bel\u00e9m\/PA;<br><strong>14 de novembro, das 18h \u00e0s 22h<\/strong>;<br>Entrada gratuita;<br>Instagram: <strong>@bancodaamazoniacultural<\/strong>.<\/p>\n","protected":false},"excerpt":{"rendered":"<p>Foto\/divulga\u00e7\u00e3o O Centro Cultural do Banco da Amaz\u00f4nia passa a integrar oficialmente o circuito &#8220;Uma noite no museu&#8221;, promovido pela Secretaria de Cultura do Par\u00e1 (Secult). Nesta sexta-feira, 14 de novembro, o espa\u00e7o estar\u00e1 aberto para visita\u00e7\u00e3o noturna das 18h \u00e0s 22h, com entrada gratuita, ampliando ainda mais a cena cultural de Bel\u00e9m em pleno [&hellip;]<\/p>\n","protected":false},"author":1441,"featured_media":15095,"comment_status":"open","ping_status":"open","sticky":false,"template":"","format":"standard","meta":{"_monsterinsights_skip_tracking":false,"_monsterinsights_sitenote_active":false,"_monsterinsights_sitenote_note":"","_monsterinsights_sitenote_category":0,"footnotes":""},"categories":[54],"tags":[5467,2416,5468,403],"class_list":["post-15094","post","type-post","status-publish","format-standard","has-post-thumbnail","hentry","category-brasil","tag-bancodamazonia","tag-belem","tag-cenctroculturaldobancodaamazonia","tag-cidadecult-2"],"_links":{"self":[{"href":"https:\/\/cidadecult.com.br\/index.php?rest_route=\/wp\/v2\/posts\/15094","targetHints":{"allow":["GET"]}}],"collection":[{"href":"https:\/\/cidadecult.com.br\/index.php?rest_route=\/wp\/v2\/posts"}],"about":[{"href":"https:\/\/cidadecult.com.br\/index.php?rest_route=\/wp\/v2\/types\/post"}],"author":[{"embeddable":true,"href":"https:\/\/cidadecult.com.br\/index.php?rest_route=\/wp\/v2\/users\/1441"}],"replies":[{"embeddable":true,"href":"https:\/\/cidadecult.com.br\/index.php?rest_route=%2Fwp%2Fv2%2Fcomments&post=15094"}],"version-history":[{"count":1,"href":"https:\/\/cidadecult.com.br\/index.php?rest_route=\/wp\/v2\/posts\/15094\/revisions"}],"predecessor-version":[{"id":15096,"href":"https:\/\/cidadecult.com.br\/index.php?rest_route=\/wp\/v2\/posts\/15094\/revisions\/15096"}],"wp:featuredmedia":[{"embeddable":true,"href":"https:\/\/cidadecult.com.br\/index.php?rest_route=\/wp\/v2\/media\/15095"}],"wp:attachment":[{"href":"https:\/\/cidadecult.com.br\/index.php?rest_route=%2Fwp%2Fv2%2Fmedia&parent=15094"}],"wp:term":[{"taxonomy":"category","embeddable":true,"href":"https:\/\/cidadecult.com.br\/index.php?rest_route=%2Fwp%2Fv2%2Fcategories&post=15094"},{"taxonomy":"post_tag","embeddable":true,"href":"https:\/\/cidadecult.com.br\/index.php?rest_route=%2Fwp%2Fv2%2Ftags&post=15094"}],"curies":[{"name":"wp","href":"https:\/\/api.w.org\/{rel}","templated":true}]}}