{"id":15090,"date":"2025-11-12T11:55:52","date_gmt":"2025-11-12T14:55:52","guid":{"rendered":"https:\/\/cidadecult.com.br\/?p=15090"},"modified":"2025-11-12T11:55:54","modified_gmt":"2025-11-12T14:55:54","slug":"miguel-nicolelis-lanca-satira-politica-ambientada-no-carnaval","status":"publish","type":"post","link":"https:\/\/cidadecult.com.br\/?p=15090","title":{"rendered":"Miguel Nicolelis lan\u00e7a s\u00e1tira pol\u00edtica ambientada no Carnaval"},"content":{"rendered":"\n<p><em>Foto\/divulga\u00e7\u00e3o<\/em><\/p>\n\n\n\n<p>O renomado neurocientista <strong>Miguel Nicolelis<\/strong>, refer\u00eancia mundial em pesquisas sobre o c\u00e9rebro humano, surpreende mais uma vez com o lan\u00e7amento de <em>R\u00e9 Volu\u00e7\u00e3o no pa\u00eds do Carnaval \u2013 O julgamento final de uma na\u00e7\u00e3o fantasiada de democracia<\/em>, publicado pelo selo <strong>Planeta Minotauro<\/strong>, da <strong>Editora Planeta<\/strong>. Escrito originalmente em <strong>1977<\/strong>, durante a ditadura militar, quando o autor tinha apenas 16 anos, o romance foi revisado ao longo de quase cinquenta anos e chega ao p\u00fablico em 2025, em um momento especialmente simb\u00f3lico para o debate sobre democracia e liberdade no Brasil.<\/p>\n\n\n\n<p>Ambientado em plena sexta-feira de Carnaval, o livro apresenta um <strong>Tribunal do J\u00fari improvisado<\/strong> para julgar os crimes de um regime autorit\u00e1rio. No banco dos r\u00e9us est\u00e1 a pr\u00f3pria \u201c<strong>R\u00e9 Volu\u00e7\u00e3o<\/strong>\u201d, figura aleg\u00f3rica que encarna um sistema pol\u00edtico repleto de contradi\u00e7\u00f5es. Sob o comando do juiz <strong>Fato Consumado<\/strong>, desfilam personagens caricatos como o promotor <strong>Acuso Nascerta<\/strong> e o advogado <strong>Sempre Passional<\/strong>, em um enredo que transforma o Carnaval em palco de cr\u00edtica social, ironia e resist\u00eancia.<\/p>\n\n\n\n<p>Com ritmo vibrante e tom mordaz, Nicolelis constr\u00f3i uma s\u00e1tira que exp\u00f5e o absurdo e o surrealismo da pol\u00edtica nacional. Dividida em treze cap\u00edtulos inspirados em elementos carnavalescos \u2014 do abre-alas \u00e0 apoteose \u2014, a narrativa equilibra <strong>humor, filosofia e den\u00fancia<\/strong>, refletindo sobre a justi\u00e7a, a mem\u00f3ria e o poder.<\/p>\n\n\n\n<p>Ap\u00f3s estrear na fic\u00e7\u00e3o com <em>Nada mais ser\u00e1 como antes<\/em>, o autor reafirma seu talento liter\u00e1rio ao combinar o olhar do cientista com a sensibilidade do cronista pol\u00edtico. <em>R\u00e9 Volu\u00e7\u00e3o no pa\u00eds do Carnaval<\/em> \u00e9 uma leitura que provoca, diverte e faz pensar \u2014 um espelho do pa\u00eds que transforma a festa e a cr\u00edtica em um mesmo desfile.<\/p>\n\n\n\n<p>\ud83d\udccd <strong>Lan\u00e7amentos presenciais<\/strong><\/p>\n\n\n\n<ul class=\"wp-block-list\">\n<li><strong>Porto Alegre:<\/strong> 15 de novembro, \u00e0s 17h30 \u2013 Feira do Livro de Porto Alegre<\/li>\n\n\n\n<li><strong>S\u00e3o Paulo:<\/strong> 18 de novembro, \u00e0s 19h \u2013 Livraria Martins Fontes (Paulista)<\/li>\n<\/ul>\n\n\n\n<p>\ud83d\udcd8 <strong>Ficha t\u00e9cnica<\/strong><br><strong>T\u00edtulo:<\/strong> <em>R\u00e9 Volu\u00e7\u00e3o no pa\u00eds do Carnaval \u2013 O julgamento final de uma na\u00e7\u00e3o fantasiada de democracia<\/em><br><strong>Autor:<\/strong> Miguel Nicolelis<br><strong>Editora:<\/strong> Planeta | Selo Planeta Minotauro<br><strong>P\u00e1ginas:<\/strong> 240 | <strong>Pre\u00e7o:<\/strong> R$ 62,90<\/p>\n\n\n\n<p>Mais do que uma fic\u00e7\u00e3o pol\u00edtica, a nova obra de Nicolelis \u00e9 um <strong>testemunho liter\u00e1rio de resist\u00eancia<\/strong>, que atravessa o tempo e convida o leitor a refletir sobre o pa\u00eds real por tr\u00e1s das m\u00e1scaras.<\/p>\n","protected":false},"excerpt":{"rendered":"<p>Foto\/divulga\u00e7\u00e3o O renomado neurocientista Miguel Nicolelis, refer\u00eancia mundial em pesquisas sobre o c\u00e9rebro humano, surpreende mais uma vez com o lan\u00e7amento de R\u00e9 Volu\u00e7\u00e3o no pa\u00eds do Carnaval \u2013 O julgamento final de uma na\u00e7\u00e3o fantasiada de democracia, publicado pelo selo Planeta Minotauro, da Editora Planeta. Escrito originalmente em 1977, durante a ditadura militar, quando [&hellip;]<\/p>\n","protected":false},"author":1441,"featured_media":15091,"comment_status":"open","ping_status":"open","sticky":false,"template":"","format":"standard","meta":{"_monsterinsights_skip_tracking":false,"_monsterinsights_sitenote_active":false,"_monsterinsights_sitenote_note":"","_monsterinsights_sitenote_category":0,"footnotes":""},"categories":[54,34,300],"tags":[5466],"class_list":["post-15090","post","type-post","status-publish","format-standard","has-post-thumbnail","hentry","category-brasil","category-destaque","category-literatura","tag-miguelnicolelis"],"_links":{"self":[{"href":"https:\/\/cidadecult.com.br\/index.php?rest_route=\/wp\/v2\/posts\/15090","targetHints":{"allow":["GET"]}}],"collection":[{"href":"https:\/\/cidadecult.com.br\/index.php?rest_route=\/wp\/v2\/posts"}],"about":[{"href":"https:\/\/cidadecult.com.br\/index.php?rest_route=\/wp\/v2\/types\/post"}],"author":[{"embeddable":true,"href":"https:\/\/cidadecult.com.br\/index.php?rest_route=\/wp\/v2\/users\/1441"}],"replies":[{"embeddable":true,"href":"https:\/\/cidadecult.com.br\/index.php?rest_route=%2Fwp%2Fv2%2Fcomments&post=15090"}],"version-history":[{"count":1,"href":"https:\/\/cidadecult.com.br\/index.php?rest_route=\/wp\/v2\/posts\/15090\/revisions"}],"predecessor-version":[{"id":15092,"href":"https:\/\/cidadecult.com.br\/index.php?rest_route=\/wp\/v2\/posts\/15090\/revisions\/15092"}],"wp:featuredmedia":[{"embeddable":true,"href":"https:\/\/cidadecult.com.br\/index.php?rest_route=\/wp\/v2\/media\/15091"}],"wp:attachment":[{"href":"https:\/\/cidadecult.com.br\/index.php?rest_route=%2Fwp%2Fv2%2Fmedia&parent=15090"}],"wp:term":[{"taxonomy":"category","embeddable":true,"href":"https:\/\/cidadecult.com.br\/index.php?rest_route=%2Fwp%2Fv2%2Fcategories&post=15090"},{"taxonomy":"post_tag","embeddable":true,"href":"https:\/\/cidadecult.com.br\/index.php?rest_route=%2Fwp%2Fv2%2Ftags&post=15090"}],"curies":[{"name":"wp","href":"https:\/\/api.w.org\/{rel}","templated":true}]}}