{"id":15073,"date":"2025-11-11T14:54:12","date_gmt":"2025-11-11T17:54:12","guid":{"rendered":"https:\/\/cidadecult.com.br\/?p=15073"},"modified":"2025-11-12T10:56:10","modified_gmt":"2025-11-12T13:56:10","slug":"premio-atitude-ambiental-2025-reconhece-projetos-escolares-que-inspiram-sustentabilidade-em-bertioga","status":"publish","type":"post","link":"https:\/\/cidadecult.com.br\/?p=15073","title":{"rendered":"Pr\u00eamio Atitude Ambiental 2025 reconhece projetos escolares que inspiram sustentabilidade em Bertioga"},"content":{"rendered":"\n<p><em>Foto\/divulga\u00e7\u00e3o<\/em><\/p>\n\n\n\n<p>Tr\u00eas escolas de Bertioga  <strong>EM Jos\u00e9 Carlos Buzinaro<\/strong>, <strong>EE Armando Belegarde<\/strong> e <strong>EM Prof. Cristina dos Santos<\/strong>  foram as vencedoras da 33\u00aa edi\u00e7\u00e3o do <strong>Pr\u00eamio Atitude Ambiental<\/strong>, promovido pela <strong>Sobloco Construtora<\/strong>. Com o tema <em>\u201cMinha escola sustent\u00e1vel\u201d<\/em>, os projetos destacaram a\u00e7\u00f5es pr\u00e1ticas que transformam o ambiente escolar e estimulam a consci\u00eancia ecol\u00f3gica entre estudantes e professores.<\/p>\n\n\n\n<p>A proposta deste ano foi incentivar cada escola a criar suas pr\u00f3prias estrat\u00e9gias de sustentabilidade, explorando iniciativas como a <strong>redu\u00e7\u00e3o do consumo<\/strong>, o <strong>reuso de \u00e1gua<\/strong>, a <strong>coleta seletiva<\/strong>, a <strong>compostagem<\/strong> e o <strong>consumo consciente<\/strong>. \u201cS\u00e3o atitudes simples, mas que podem gerar grandes resultados  n\u00e3o s\u00f3 pr\u00e1ticos, como tamb\u00e9m na forma\u00e7\u00e3o da consci\u00eancia ambiental dos alunos\u201d, explica <strong>Beatriz Almeida<\/strong>, diretora adjunta de marketing da Sobloco.<\/p>\n\n\n\n<p>A cerim\u00f4nia de premia\u00e7\u00e3o aconteceu no <strong>Pavilh\u00e3o de Exposi\u00e7\u00f5es da Riviera de S\u00e3o Louren\u00e7o<\/strong>, reunindo estudantes, professores, representantes das escolas e autoridades municipais, como o secret\u00e1rio de Educa\u00e7\u00e3o <strong>Rubens Mandetta<\/strong> e a vice-prefeita <strong>Lucilia Goulart<\/strong>. Para <strong>Cristina Peres<\/strong>, educadora ambiental e coordenadora do <strong>Programa Clorofila de Educa\u00e7\u00e3o Ambiental<\/strong>, o pr\u00eamio \u00e9 uma experi\u00eancia transformadora: \u201cOs alunos desenvolvem um olhar mais sens\u00edvel para a natureza e fortalecem o senso de coletividade e responsabilidade ambiental.\u201d<\/p>\n\n\n\n<p>Criado h\u00e1 mais de tr\u00eas d\u00e9cadas, o <strong>Pr\u00eamio Atitude Ambiental<\/strong> \u00e9 uma das iniciativas mais antigas do pa\u00eds voltadas \u00e0 educa\u00e7\u00e3o ambiental e integra o <strong>Programa Clorofila<\/strong>, mantido pela Sobloco. O programa tamb\u00e9m inclui frentes de a\u00e7\u00e3o como o cultivo de hortas escolares, feiras de meio ambiente e a implanta\u00e7\u00e3o da <strong>Agenda 21<\/strong> nas escolas da regi\u00e3o.<\/p>\n\n\n\n<p>Com uma equipe multidisciplinar formada por educadores e especialistas, o <strong>Programa Clorofila<\/strong> j\u00e1 alcan\u00e7ou mais de <strong>20 mil alunos<\/strong> de <strong>25 escolas p\u00fablicas e privadas<\/strong>, consolidando-se como uma refer\u00eancia na forma\u00e7\u00e3o de jovens embaixadores ambientais e na promo\u00e7\u00e3o de uma cultura de sustentabilidade desde cedo.<\/p>\n\n\n\n<p>\ud83c\udf31 <em>Educa\u00e7\u00e3o e consci\u00eancia ambiental lado a lado, inspirando um futuro mais verde para todos.<\/em><\/p>\n\n\n\n<p>\ud83d\udc49 Saiba mais sobre iniciativas sustent\u00e1veis em <a href=\"https:\/\/cidadecult.com.br\">cidadecult.com.br<\/a>.<\/p>\n\n\n\n<p>O ChatGPT pode cometer erro<\/p>\n","protected":false},"excerpt":{"rendered":"<p>Foto\/divulga\u00e7\u00e3o Tr\u00eas escolas de Bertioga EM Jos\u00e9 Carlos Buzinaro, EE Armando Belegarde e EM Prof. Cristina dos Santos foram as vencedoras da 33\u00aa edi\u00e7\u00e3o do Pr\u00eamio Atitude Ambiental, promovido pela Sobloco Construtora. Com o tema \u201cMinha escola sustent\u00e1vel\u201d, os projetos destacaram a\u00e7\u00f5es pr\u00e1ticas que transformam o ambiente escolar e estimulam a consci\u00eancia ecol\u00f3gica entre estudantes [&hellip;]<\/p>\n","protected":false},"author":1441,"featured_media":15074,"comment_status":"open","ping_status":"open","sticky":false,"template":"","format":"standard","meta":{"_monsterinsights_skip_tracking":false,"_monsterinsights_sitenote_active":false,"_monsterinsights_sitenote_note":"","_monsterinsights_sitenote_category":0,"footnotes":""},"categories":[54],"tags":[],"class_list":["post-15073","post","type-post","status-publish","format-standard","has-post-thumbnail","hentry","category-brasil"],"_links":{"self":[{"href":"https:\/\/cidadecult.com.br\/index.php?rest_route=\/wp\/v2\/posts\/15073","targetHints":{"allow":["GET"]}}],"collection":[{"href":"https:\/\/cidadecult.com.br\/index.php?rest_route=\/wp\/v2\/posts"}],"about":[{"href":"https:\/\/cidadecult.com.br\/index.php?rest_route=\/wp\/v2\/types\/post"}],"author":[{"embeddable":true,"href":"https:\/\/cidadecult.com.br\/index.php?rest_route=\/wp\/v2\/users\/1441"}],"replies":[{"embeddable":true,"href":"https:\/\/cidadecult.com.br\/index.php?rest_route=%2Fwp%2Fv2%2Fcomments&post=15073"}],"version-history":[{"count":1,"href":"https:\/\/cidadecult.com.br\/index.php?rest_route=\/wp\/v2\/posts\/15073\/revisions"}],"predecessor-version":[{"id":15075,"href":"https:\/\/cidadecult.com.br\/index.php?rest_route=\/wp\/v2\/posts\/15073\/revisions\/15075"}],"wp:featuredmedia":[{"embeddable":true,"href":"https:\/\/cidadecult.com.br\/index.php?rest_route=\/wp\/v2\/media\/15074"}],"wp:attachment":[{"href":"https:\/\/cidadecult.com.br\/index.php?rest_route=%2Fwp%2Fv2%2Fmedia&parent=15073"}],"wp:term":[{"taxonomy":"category","embeddable":true,"href":"https:\/\/cidadecult.com.br\/index.php?rest_route=%2Fwp%2Fv2%2Fcategories&post=15073"},{"taxonomy":"post_tag","embeddable":true,"href":"https:\/\/cidadecult.com.br\/index.php?rest_route=%2Fwp%2Fv2%2Ftags&post=15073"}],"curies":[{"name":"wp","href":"https:\/\/api.w.org\/{rel}","templated":true}]}}