{"id":15058,"date":"2025-11-10T13:45:17","date_gmt":"2025-11-10T16:45:17","guid":{"rendered":"https:\/\/cidadecult.com.br\/?p=15058"},"modified":"2025-11-10T13:45:19","modified_gmt":"2025-11-10T16:45:19","slug":"tamara-klink-ganha-documentario-produzido-pela-maria-farinha-filmes","status":"publish","type":"post","link":"https:\/\/cidadecult.com.br\/?p=15058","title":{"rendered":"Tamara Klink ganha document\u00e1rio produzido pela Maria Farinha Filmes"},"content":{"rendered":"\n<p><em>\u00a0Foto: Jorge Brivilati<\/em><\/p>\n\n\n\n<p>A trajet\u00f3ria de coragem e poesia da velejadora e escritora <strong>Tamara Klink<\/strong> vai chegar \u00e0s telas. A <strong>Maria Farinha Filmes<\/strong> est\u00e1 produzindo um document\u00e1rio sobre a jovem navegadora, a <strong>primeira mulher registrada no mundo a invernar sozinha no \u00c1rtico<\/strong> uma jornada solit\u00e1ria e inspiradora que a levou a enfrentar o mar congelado da Groenl\u00e2ndia por oito meses a bordo do veleiro <em>Sardinha II<\/em>.<\/p>\n\n\n\n<p>O longa traz <strong>imagens pessoais e in\u00e9ditas feitas por Tamara<\/strong>, revelando uma viagem que mistura aventura, introspec\u00e7\u00e3o e arte. Cercada por gelo, solid\u00e3o e beleza extrema, a navegadora compartilha seus sonhos, medos e descobertas transformando a experi\u00eancia de isolamento em um mergulho profundo na ess\u00eancia humana.<\/p>\n\n\n\n<p>\u201cTamara nos leva em uma viagem po\u00e9tica, crua, aut\u00eantica. Suas imagens s\u00e3o um portal para quem busca coragem e conex\u00e3o com a natureza\u201d, comenta <strong>Estela Renner<\/strong>, s\u00f3cia-fundadora da Maria Farinha Filmes. Para Tamara, a viv\u00eancia vai al\u00e9m da travessia: \u201cPresa no gelo marinho, fui livre. Quero fazer dessa invernagem o ponto de partida para uma revolu\u00e7\u00e3o de perspectivas sobre o que \u00e9 ser humano.\u201d<\/p>\n\n\n\n<p>Filha do lend\u00e1rio navegador <strong>Amyr Klink<\/strong>, Tamara segue construindo um caminho pr\u00f3prio pelos oceanos e pela escrita. Al\u00e9m da invernagem, ela j\u00e1 realizou <strong>duas travessias do Atl\u00e2ntico em solit\u00e1rio<\/strong> e acaba de se tornar <strong>a mulher mais jovem do mundo a completar a Passagem Noroeste solo<\/strong>.<\/p>\n\n\n\n<p>Com dire\u00e7\u00e3o e produ\u00e7\u00e3o da Maria Farinha Filmes  respons\u00e1vel por obras como <em>Aruanas<\/em> e <em>O Come\u00e7o da Vida<\/em>, o document\u00e1rio promete emocionar ao mostrar a for\u00e7a, a sensibilidade e a liberdade de uma mulher que transformou o mar em espelho de sua alma.<\/p>\n\n\n\n<p>\ud83c\udf0a <strong>O longa est\u00e1 em fase de montagem.<\/strong><\/p>\n\n\n\n<p>Acompanhe mais novidades sobre cinema, cultura e arte em <a href=\"https:\/\/cidadecult.com.br\">cidadecult.com.br<\/a>.<\/p>\n","protected":false},"excerpt":{"rendered":"<p>\u00a0Foto: Jorge Brivilati A trajet\u00f3ria de coragem e poesia da velejadora e escritora Tamara Klink vai chegar \u00e0s telas. A Maria Farinha Filmes est\u00e1 produzindo um document\u00e1rio sobre a jovem navegadora, a primeira mulher registrada no mundo a invernar sozinha no \u00c1rtico uma jornada solit\u00e1ria e inspiradora que a levou a enfrentar o mar congelado [&hellip;]<\/p>\n","protected":false},"author":1441,"featured_media":15059,"comment_status":"open","ping_status":"open","sticky":false,"template":"","format":"standard","meta":{"_monsterinsights_skip_tracking":false,"_monsterinsights_sitenote_active":false,"_monsterinsights_sitenote_note":"","_monsterinsights_sitenote_category":0,"footnotes":""},"categories":[54],"tags":[],"class_list":["post-15058","post","type-post","status-publish","format-standard","has-post-thumbnail","hentry","category-brasil"],"_links":{"self":[{"href":"https:\/\/cidadecult.com.br\/index.php?rest_route=\/wp\/v2\/posts\/15058","targetHints":{"allow":["GET"]}}],"collection":[{"href":"https:\/\/cidadecult.com.br\/index.php?rest_route=\/wp\/v2\/posts"}],"about":[{"href":"https:\/\/cidadecult.com.br\/index.php?rest_route=\/wp\/v2\/types\/post"}],"author":[{"embeddable":true,"href":"https:\/\/cidadecult.com.br\/index.php?rest_route=\/wp\/v2\/users\/1441"}],"replies":[{"embeddable":true,"href":"https:\/\/cidadecult.com.br\/index.php?rest_route=%2Fwp%2Fv2%2Fcomments&post=15058"}],"version-history":[{"count":1,"href":"https:\/\/cidadecult.com.br\/index.php?rest_route=\/wp\/v2\/posts\/15058\/revisions"}],"predecessor-version":[{"id":15060,"href":"https:\/\/cidadecult.com.br\/index.php?rest_route=\/wp\/v2\/posts\/15058\/revisions\/15060"}],"wp:featuredmedia":[{"embeddable":true,"href":"https:\/\/cidadecult.com.br\/index.php?rest_route=\/wp\/v2\/media\/15059"}],"wp:attachment":[{"href":"https:\/\/cidadecult.com.br\/index.php?rest_route=%2Fwp%2Fv2%2Fmedia&parent=15058"}],"wp:term":[{"taxonomy":"category","embeddable":true,"href":"https:\/\/cidadecult.com.br\/index.php?rest_route=%2Fwp%2Fv2%2Fcategories&post=15058"},{"taxonomy":"post_tag","embeddable":true,"href":"https:\/\/cidadecult.com.br\/index.php?rest_route=%2Fwp%2Fv2%2Ftags&post=15058"}],"curies":[{"name":"wp","href":"https:\/\/api.w.org\/{rel}","templated":true}]}}