{"id":15051,"date":"2025-11-09T09:15:22","date_gmt":"2025-11-09T12:15:22","guid":{"rendered":"https:\/\/cidadecult.com.br\/?p=15051"},"modified":"2025-11-09T09:15:23","modified_gmt":"2025-11-09T12:15:23","slug":"mostra-brasilidades-2025-celebra-a-producao-autoral-e-criativa-de-artistas-independentes-de-brasilia","status":"publish","type":"post","link":"https:\/\/cidadecult.com.br\/?p=15051","title":{"rendered":"Mostra Brasilidades 2025 celebra a produ\u00e7\u00e3o autoral e criativa de artistas independentes de Bras\u00edlia"},"content":{"rendered":"\n<p><em>Foto\/divulga\u00e7\u00e3o<\/em><\/p>\n\n\n\n<p>Unindo arte, design, moda e cultura em uma galeria coletiva e virtual, a <strong>Mostra Brasilidades 2025<\/strong> chega com uma nova edi\u00e7\u00e3o que valoriza a diversidade, a representatividade e a identidade cultural da produ\u00e7\u00e3o autoral brasileira.<\/p>\n\n\n\n<p>Com curadoria voltada para artistas independentes da capital, a mostra re\u00fane <strong>19 artes\u00e3os e designers de Bras\u00edlia<\/strong>, apresentando cerca de <strong>100 pe\u00e7as originais<\/strong> que transitam entre moda, joalheria, utens\u00edlios, fotografia e artes pl\u00e1sticas. Cada obra expressa o olhar singular de seus criadores e reflete a pluralidade da economia criativa do Distrito Federal.<\/p>\n\n\n\n<p>A dire\u00e7\u00e3o art\u00edstica \u00e9 assinada por <strong>Caio Mota<\/strong>, multiartista capixaba conhecido por seu trabalho na joalheria contempor\u00e2nea e por cria\u00e7\u00f5es para artistas como Marina Sena e Duda Beat. O conceito visual da mostra se desdobra em um <strong>ensaio fotogr\u00e1fico em formato de editorial de moda<\/strong>, clicado pela fot\u00f3grafa argentina <strong>Paula Carrubba<\/strong>, que traz um olhar sens\u00edvel e po\u00e9tico, refor\u00e7ando a est\u00e9tica e a autenticidade do projeto.<\/p>\n\n\n\n<p>De acordo com <strong>Thalyta Ribeiro<\/strong>, diretora da iniciativa, a Mostra Brasilidades nasceu com o objetivo de fortalecer redes criativas, ampliar o alcance da arte e gerar novas oportunidades para os pequenos produtores. Cada artista possui sua pr\u00f3pria galeria on-line, onde administra vendas, estoque e entregas \u2014 um modelo que incentiva a autonomia e a sustentabilidade do trabalho autoral.<\/p>\n\n\n\n<p>A mostra pode ser visitada em <a href=\"https:\/\/mostrabrasilidades.com.br\/\">mostrabrasilidades.com.br<\/a>, plataforma com navega\u00e7\u00e3o intuitiva e filtros que permitem buscas por temas e categorias, como <strong>Arte Ind\u00edgena<\/strong>, <strong>Artista Mulher<\/strong> e <strong>Design Sustent\u00e1vel<\/strong>. Todo o acervo est\u00e1 dispon\u00edvel para compra em formato e-commerce, com envio para todo o Brasil.<\/p>\n\n\n\n<p>Viabilizada com recursos do <strong>Fundo de Apoio \u00e0 Cultura (FAC)<\/strong> da Secretaria de Cultura e Economia Criativa do Distrito Federal, a Mostra Brasilidades reafirma o compromisso com a valoriza\u00e7\u00e3o da arte local e o fortalecimento da cena criativa de Bras\u00edlia.<\/p>\n\n\n\n<p>\u2728 <strong>Servi\u00e7o<\/strong><br><strong>Mostra Brasilidades 2025<\/strong><br>Galeria virtual: <a href=\"https:\/\/mostrabrasilidades.com.br\/\">https:\/\/mostrabrasilidades.com.br\/<\/a><br>Instagram: <a href=\"https:\/\/www.instagram.com\/mostrabrasilidades\">@mostrabrasilidades<\/a><\/p>\n\n\n\n<p><strong>Artistas participantes:<\/strong> Andiroba, Ateli\u00ea Candomb\u00e1, Cabar\u00c9 m\u00cdstico, Ca\u00ea, Piffi, Emana Artesania, Est\u00fadio transeunte, Laguna Leather Store, Mulamb\u00f6 Chiq, Artes Resende, Calmaria Bordados, Ateli\u00ea Cor&amp;A\u00e7\u00e3o, Sol Nascente, Joanavp, SJ, Magia de Canto Encanto, Cupu, Ateli\u00ea Ojo, Conex\u00e3o \u00c1frica DF e Sel Designer.<\/p>\n","protected":false},"excerpt":{"rendered":"<p>Foto\/divulga\u00e7\u00e3o Unindo arte, design, moda e cultura em uma galeria coletiva e virtual, a Mostra Brasilidades 2025 chega com uma nova edi\u00e7\u00e3o que valoriza a diversidade, a representatividade e a identidade cultural da produ\u00e7\u00e3o autoral brasileira. Com curadoria voltada para artistas independentes da capital, a mostra re\u00fane 19 artes\u00e3os e designers de Bras\u00edlia, apresentando cerca [&hellip;]<\/p>\n","protected":false},"author":1441,"featured_media":15052,"comment_status":"open","ping_status":"open","sticky":false,"template":"","format":"standard","meta":{"_monsterinsights_skip_tracking":false,"_monsterinsights_sitenote_active":false,"_monsterinsights_sitenote_note":"","_monsterinsights_sitenote_category":0,"footnotes":""},"categories":[1],"tags":[],"class_list":["post-15051","post","type-post","status-publish","format-standard","has-post-thumbnail","hentry","category-sem-categoria"],"_links":{"self":[{"href":"https:\/\/cidadecult.com.br\/index.php?rest_route=\/wp\/v2\/posts\/15051","targetHints":{"allow":["GET"]}}],"collection":[{"href":"https:\/\/cidadecult.com.br\/index.php?rest_route=\/wp\/v2\/posts"}],"about":[{"href":"https:\/\/cidadecult.com.br\/index.php?rest_route=\/wp\/v2\/types\/post"}],"author":[{"embeddable":true,"href":"https:\/\/cidadecult.com.br\/index.php?rest_route=\/wp\/v2\/users\/1441"}],"replies":[{"embeddable":true,"href":"https:\/\/cidadecult.com.br\/index.php?rest_route=%2Fwp%2Fv2%2Fcomments&post=15051"}],"version-history":[{"count":1,"href":"https:\/\/cidadecult.com.br\/index.php?rest_route=\/wp\/v2\/posts\/15051\/revisions"}],"predecessor-version":[{"id":15053,"href":"https:\/\/cidadecult.com.br\/index.php?rest_route=\/wp\/v2\/posts\/15051\/revisions\/15053"}],"wp:featuredmedia":[{"embeddable":true,"href":"https:\/\/cidadecult.com.br\/index.php?rest_route=\/wp\/v2\/media\/15052"}],"wp:attachment":[{"href":"https:\/\/cidadecult.com.br\/index.php?rest_route=%2Fwp%2Fv2%2Fmedia&parent=15051"}],"wp:term":[{"taxonomy":"category","embeddable":true,"href":"https:\/\/cidadecult.com.br\/index.php?rest_route=%2Fwp%2Fv2%2Fcategories&post=15051"},{"taxonomy":"post_tag","embeddable":true,"href":"https:\/\/cidadecult.com.br\/index.php?rest_route=%2Fwp%2Fv2%2Ftags&post=15051"}],"curies":[{"name":"wp","href":"https:\/\/api.w.org\/{rel}","templated":true}]}}