{"id":15039,"date":"2025-11-08T11:31:44","date_gmt":"2025-11-08T14:31:44","guid":{"rendered":"https:\/\/cidadecult.com.br\/?p=15039"},"modified":"2025-11-08T11:31:50","modified_gmt":"2025-11-08T14:31:50","slug":"arte-tradicao-e-encontro-na-abertura-do-20o-salao-do-artesanato-em-brasilia","status":"publish","type":"post","link":"https:\/\/cidadecult.com.br\/?p=15039","title":{"rendered":"Arte, tradi\u00e7\u00e3o e encontro na abertura do 20\u00ba Sal\u00e3o do Artesanato, em Bras\u00edlia"},"content":{"rendered":"\n<p><em>Foto\/divulga\u00e7\u00e3o<\/em><\/p>\n\n\n\n<p>A noite da \u00faltima quarta-feira (5) marcou o in\u00edcio de mais uma edi\u00e7\u00e3o do <strong>Sal\u00e3o do Artesanato \u2013 Ra\u00edzes Brasileiras<\/strong>, evento que celebra a for\u00e7a e a diversidade do fazer manual no pa\u00eds. Realizada no Pavilh\u00e3o do Parque da Cidade, em Bras\u00edlia, a cerim\u00f4nia de abertura reuniu autoridades, artes\u00e3os e o p\u00fablico em uma verdadeira homenagem \u00e0 arte popular.<\/p>\n\n\n\n<p>\u00c0 frente da organiza\u00e7\u00e3o, <strong>R\u00f4mulo Mendon\u00e7a e Leda Alves<\/strong>, da <strong>Rome Eventos<\/strong>, receberam os convidados para uma noite que destacou o papel do Sal\u00e3o como espa\u00e7o de troca, forma\u00e7\u00e3o e fortalecimento econ\u00f4mico de comunidades criativas. O evento contou com a presen\u00e7a de nomes como o <strong>governador da Para\u00edba, Jo\u00e3o Azev\u00eado<\/strong>, e a <strong>primeira-dama Ana Maria Lins<\/strong>, al\u00e9m de representantes do Governo do Distrito Federal, de Goi\u00e1s, Minas Gerais e do Minist\u00e9rio do Empreendedorismo. Tamb\u00e9m estiveram presentes integrantes do Sebrae-DF, Senac e Fecom\u00e9rcio, refor\u00e7ando o compromisso institucional com o setor artesanal.<\/p>\n\n\n\n<p>Antes da solenidade oficial, o p\u00fablico foi recebido com um animado show da dupla brasiliense <strong>Joe &amp; Kiko P\u00e9rez<\/strong>, que trouxe o melhor do pop rock em clima de reencontro e celebra\u00e7\u00e3o. Ap\u00f3s os pronunciamentos e homenagens, a noite foi encerrada com a apresenta\u00e7\u00e3o da cantora <strong>Roberta Campos<\/strong>, que emocionou o p\u00fablico com um repert\u00f3rio repleto de afeto e delicadeza.<\/p>\n\n\n\n<p>O <strong>20\u00ba Sal\u00e3o do Artesanato<\/strong> segue at\u00e9 o dia <strong>9 de novembro<\/strong>, com <strong>entrada gratuita<\/strong>. A programa\u00e7\u00e3o inclui <strong>oficinas de artesanato, aulas de gastronomia, apresenta\u00e7\u00f5es musicais di\u00e1rias e exposi\u00e7\u00e3o de pe\u00e7as produzidas por artes\u00e3os do DF e de v\u00e1rias regi\u00f5es do pa\u00eds<\/strong>. \u00c9 uma oportunidade de conhecer de perto a riqueza das tradi\u00e7\u00f5es e das express\u00f5es que mant\u00eam viva a mem\u00f3ria cultural brasileira.<\/p>\n\n\n\n<p>Realizado pela <strong>Rome Eventos<\/strong>, o Sal\u00e3o conta com apoio da <strong>Secretaria de Turismo do Distrito Federal<\/strong>, <strong>Sebrae-DF<\/strong>, <strong>Senac-DF<\/strong>, <strong>Fecom\u00e9rcio-DF<\/strong> e patroc\u00ednio do <strong>Banco do Nordeste<\/strong>, <strong>Caixa<\/strong> e <strong>Governo do Brasil<\/strong>.<\/p>\n\n\n\n<p>\ud83d\udccd <strong>Servi\u00e7o<\/strong><br><strong>20\u00ba Sal\u00e3o do Artesanato \u2013 Ra\u00edzes Brasileiras<\/strong><br>\ud83d\udcc5 De 5 a 9 de novembro de 2025<br>\ud83d\udccc Pavilh\u00e3o do Parque da Cidade \u2013 Bras\u00edlia (DF)<br>\ud83d\udd53 Quarta a sexta: 16h \u00e0s 22h | S\u00e1bado e domingo: 11h \u00e0s 22h<br>\ud83c\udf9f Entrada gratuita<\/p>\n\n\n\n<p>\u2728 Um convite para celebrar o talento e a criatividade de quem transforma mat\u00e9ria, hist\u00f3ria e afeto em arte.<\/p>\n","protected":false},"excerpt":{"rendered":"<p>Foto\/divulga\u00e7\u00e3o A noite da \u00faltima quarta-feira (5) marcou o in\u00edcio de mais uma edi\u00e7\u00e3o do Sal\u00e3o do Artesanato \u2013 Ra\u00edzes Brasileiras, evento que celebra a for\u00e7a e a diversidade do fazer manual no pa\u00eds. Realizada no Pavilh\u00e3o do Parque da Cidade, em Bras\u00edlia, a cerim\u00f4nia de abertura reuniu autoridades, artes\u00e3os e o p\u00fablico em uma [&hellip;]<\/p>\n","protected":false},"author":1441,"featured_media":15040,"comment_status":"open","ping_status":"open","sticky":false,"template":"","format":"standard","meta":{"_monsterinsights_skip_tracking":false,"_monsterinsights_sitenote_active":false,"_monsterinsights_sitenote_note":"","_monsterinsights_sitenote_category":0,"footnotes":""},"categories":[1],"tags":[],"class_list":["post-15039","post","type-post","status-publish","format-standard","has-post-thumbnail","hentry","category-sem-categoria"],"_links":{"self":[{"href":"https:\/\/cidadecult.com.br\/index.php?rest_route=\/wp\/v2\/posts\/15039","targetHints":{"allow":["GET"]}}],"collection":[{"href":"https:\/\/cidadecult.com.br\/index.php?rest_route=\/wp\/v2\/posts"}],"about":[{"href":"https:\/\/cidadecult.com.br\/index.php?rest_route=\/wp\/v2\/types\/post"}],"author":[{"embeddable":true,"href":"https:\/\/cidadecult.com.br\/index.php?rest_route=\/wp\/v2\/users\/1441"}],"replies":[{"embeddable":true,"href":"https:\/\/cidadecult.com.br\/index.php?rest_route=%2Fwp%2Fv2%2Fcomments&post=15039"}],"version-history":[{"count":1,"href":"https:\/\/cidadecult.com.br\/index.php?rest_route=\/wp\/v2\/posts\/15039\/revisions"}],"predecessor-version":[{"id":15041,"href":"https:\/\/cidadecult.com.br\/index.php?rest_route=\/wp\/v2\/posts\/15039\/revisions\/15041"}],"wp:featuredmedia":[{"embeddable":true,"href":"https:\/\/cidadecult.com.br\/index.php?rest_route=\/wp\/v2\/media\/15040"}],"wp:attachment":[{"href":"https:\/\/cidadecult.com.br\/index.php?rest_route=%2Fwp%2Fv2%2Fmedia&parent=15039"}],"wp:term":[{"taxonomy":"category","embeddable":true,"href":"https:\/\/cidadecult.com.br\/index.php?rest_route=%2Fwp%2Fv2%2Fcategories&post=15039"},{"taxonomy":"post_tag","embeddable":true,"href":"https:\/\/cidadecult.com.br\/index.php?rest_route=%2Fwp%2Fv2%2Ftags&post=15039"}],"curies":[{"name":"wp","href":"https:\/\/api.w.org\/{rel}","templated":true}]}}