{"id":15029,"date":"2025-11-07T06:48:38","date_gmt":"2025-11-07T09:48:38","guid":{"rendered":"https:\/\/cidadecult.com.br\/?p=15029"},"modified":"2025-11-07T07:08:59","modified_gmt":"2025-11-07T10:08:59","slug":"banda-eva-lanca-novo-projeto-audiovisual-em-parceria-com-macaco-sessions","status":"publish","type":"post","link":"https:\/\/cidadecult.com.br\/?p=15029","title":{"rendered":"Banda Eva lan\u00e7a novo projeto audiovisual em parceria com Macaco Sessions"},"content":{"rendered":"\n<p><em>Foto\/divulga\u00e7\u00e3o<\/em><\/p>\n\n\n\n<p>A <strong>Banda Eva<\/strong> acaba de lan\u00e7ar um projeto audiovisual em parceria com a <strong>Macaco Gordo<\/strong>, dentro da s\u00e9rie <strong>Macaco Sessions<\/strong>, celebrando d\u00e9cadas de hist\u00f3ria e renovando a sonoridade que marcou gera\u00e7\u00f5es. Mais do que um registro ao vivo, o trabalho \u00e9 um encontro entre mem\u00f3ria e cria\u00e7\u00e3o, entre o som que ficou e o som que continua a acontecer.<\/p>\n\n\n\n<p>Com dire\u00e7\u00e3o de <strong>Chico Kert\u00e9sz<\/strong>, o projeto traz o Eva em sua ess\u00eancia: pr\u00f3ximo, vibrante e org\u00e2nico. Sob dire\u00e7\u00e3o art\u00edstica do vocalista <strong>Felipe Pezzoni<\/strong>, o grupo revisita cl\u00e1ssicos do repert\u00f3rio, como <em>\u201cBeleza Rara\u201d<\/em>, <em>\u201cAdeus Bye Bye\u201d<\/em>, <em>\u201cChuva de Ver\u00e3o\u201d<\/em> e <em>\u201c\u00c9 do Eva\u201d<\/em>, al\u00e9m de apresentar in\u00e9ditas como <em>\u201cEva na Pra\u00e7a\u201d<\/em>, <em>\u201cCoisa Rara\u201d<\/em>, <em>\u201cLengo Lengo\u201d<\/em> e <em>\u201cEva Sinfonia\u201d<\/em>.<\/p>\n\n\n\n<p>Um dos destaques \u00e9 a can\u00e7\u00e3o <strong>\u201cSol em Salvador\u201d<\/strong>, composta por Guga Meyra, Jhaca, Ramon Cruz, Felipe Pezzoni, Nairo, Marco Lima e Tie Castro. A faixa \u00e9 uma homenagem \u00e0 cidade que inspirou a banda desde o in\u00edcio. \u201cEssa m\u00fasica \u00e9 uma carta de amor \u00e0 nossa origem. N\u00e3o \u00e9 s\u00f3 sobre a paisagem: \u00e9 sobre a cor do tempo que a gente carrega no corpo quando toca\u201d, comenta Felipe.<\/p>\n\n\n\n<p>A produ\u00e7\u00e3o musical \u00e9 assinada por <strong>Lu\u00e3 Almeida<\/strong>, tamb\u00e9m respons\u00e1vel pelos teclados e pela edi\u00e7\u00e3o de \u00e1udio. O trabalho conta ainda com arranjos de <strong>Juliano Valle<\/strong> e <strong>Lu\u00e3 Almeida<\/strong>, refor\u00e7ando a riqueza e a pluralidade que sempre marcaram o som do Eva.<\/p>\n\n\n\n<p>Mais do que revisitar sucessos, o projeto reafirma a for\u00e7a criativa da banda, que amadurece sem perder o frescor. \u201cRevisitamos can\u00e7\u00f5es com respeito ao que elas j\u00e1 representaram para a nossa hist\u00f3ria, mas reinventando-as. A beleza est\u00e1 em manter o sentimento e permitir que a sonoridade respire no presente\u201d, explica Felipe Pezzoni.<\/p>\n\n\n\n<p>Dispon\u00edvel nos canais oficiais da <strong><a href=\"https:\/\/www.youtube.com\/bandaeva\">Banda Eva<\/a><\/strong> e da <strong><a href=\"https:\/\/www.youtube.com\/macacogordo\">Macaco Gordo<\/a><\/strong>, o audiovisual \u00e9 um convite para reviver a energia contagiante da m\u00fasica baiana e redescobrir o Eva em sua forma mais viva e contempor\u00e2nea.<\/p>\n\n\n\n<p>\ud83d\udcf8 <em>Cr\u00e9dito da foto: J\u00falia Mariani<\/em><\/p>\n\n\n\n<p>\u2728 Saiba mais sobre m\u00fasica, arte e cultura no <a>www.cidadecult.com.br<\/a><\/p>\n","protected":false},"excerpt":{"rendered":"<p>Foto\/divulga\u00e7\u00e3o A Banda Eva acaba de lan\u00e7ar um projeto audiovisual em parceria com a Macaco Gordo, dentro da s\u00e9rie Macaco Sessions, celebrando d\u00e9cadas de hist\u00f3ria e renovando a sonoridade que marcou gera\u00e7\u00f5es. Mais do que um registro ao vivo, o trabalho \u00e9 um encontro entre mem\u00f3ria e cria\u00e7\u00e3o, entre o som que ficou e o [&hellip;]<\/p>\n","protected":false},"author":1441,"featured_media":15032,"comment_status":"open","ping_status":"open","sticky":false,"template":"","format":"standard","meta":{"_monsterinsights_skip_tracking":false,"_monsterinsights_sitenote_active":false,"_monsterinsights_sitenote_note":"","_monsterinsights_sitenote_category":0,"footnotes":""},"categories":[41,2569,17,6],"tags":[],"class_list":["post-15029","post","type-post","status-publish","format-standard","has-post-thumbnail","hentry","category-agenda","category-arte","category-bsb","category-music"],"_links":{"self":[{"href":"https:\/\/cidadecult.com.br\/index.php?rest_route=\/wp\/v2\/posts\/15029","targetHints":{"allow":["GET"]}}],"collection":[{"href":"https:\/\/cidadecult.com.br\/index.php?rest_route=\/wp\/v2\/posts"}],"about":[{"href":"https:\/\/cidadecult.com.br\/index.php?rest_route=\/wp\/v2\/types\/post"}],"author":[{"embeddable":true,"href":"https:\/\/cidadecult.com.br\/index.php?rest_route=\/wp\/v2\/users\/1441"}],"replies":[{"embeddable":true,"href":"https:\/\/cidadecult.com.br\/index.php?rest_route=%2Fwp%2Fv2%2Fcomments&post=15029"}],"version-history":[{"count":1,"href":"https:\/\/cidadecult.com.br\/index.php?rest_route=\/wp\/v2\/posts\/15029\/revisions"}],"predecessor-version":[{"id":15030,"href":"https:\/\/cidadecult.com.br\/index.php?rest_route=\/wp\/v2\/posts\/15029\/revisions\/15030"}],"wp:featuredmedia":[{"embeddable":true,"href":"https:\/\/cidadecult.com.br\/index.php?rest_route=\/wp\/v2\/media\/15032"}],"wp:attachment":[{"href":"https:\/\/cidadecult.com.br\/index.php?rest_route=%2Fwp%2Fv2%2Fmedia&parent=15029"}],"wp:term":[{"taxonomy":"category","embeddable":true,"href":"https:\/\/cidadecult.com.br\/index.php?rest_route=%2Fwp%2Fv2%2Fcategories&post=15029"},{"taxonomy":"post_tag","embeddable":true,"href":"https:\/\/cidadecult.com.br\/index.php?rest_route=%2Fwp%2Fv2%2Ftags&post=15029"}],"curies":[{"name":"wp","href":"https:\/\/api.w.org\/{rel}","templated":true}]}}