{"id":15024,"date":"2025-11-06T07:14:33","date_gmt":"2025-11-06T10:14:33","guid":{"rendered":"https:\/\/cidadecult.com.br\/?p=15024"},"modified":"2025-11-06T07:14:35","modified_gmt":"2025-11-06T10:14:35","slug":"rock-esta-vivo-e-forte-em-show-do-umquarto-e-lupino-no-tac","status":"publish","type":"post","link":"https:\/\/cidadecult.com.br\/?p=15024","title":{"rendered":"Rock est\u00e1 vivo e forte em show do UmQuarto e Lupino no TAC"},"content":{"rendered":"\n<p><em>Foto: Manu d&#8217; Eca<\/em><\/p>\n\n\n\n<p><strong>Bandas catarinenses dividem o palco em noite especial de lan\u00e7amentos<\/strong><\/p>\n\n\n\n<p>O <strong>Teatro \u00c1lvaro de Carvalho (TAC)<\/strong> recebe, no dia <strong>13 de novembro (quinta-feira)<\/strong>, duas das bandas mais criativas e vibrantes da cena independente de Florian\u00f3polis: <strong>UmQuarto<\/strong> e <strong>Lupino<\/strong>. Dividindo literalmente o palco, os grupos celebram juntos o lan\u00e7amento de seus novos \u00e1lbuns <em>\u201cFora de lugar\u201d<\/em> e <em>\u201cEsquinas\u201d<\/em> em um show que promete intensidade, experimenta\u00e7\u00e3o e uma boa dose de rock.<\/p>\n\n\n\n<p>Os ingressos custam a partir de <strong>R$30<\/strong> e est\u00e3o dispon\u00edveis para compra online pelo <strong>Sympla<\/strong> at\u00e9 o final da apresenta\u00e7\u00e3o.<\/p>\n\n\n\n<p>A <strong>UmQuarto<\/strong>, que lan\u00e7a seu terceiro disco, apresenta <em>\u201cFora de Lugar\u201d<\/em>, um registro ao vivo que captura a energia e a sinergia da nova forma\u00e7\u00e3o da banda. Com influ\u00eancias que v\u00e3o do <strong>rock psicod\u00e9lico<\/strong> ao <strong>blues<\/strong>, <strong>jazz<\/strong> e <strong>m\u00fasica brasileira<\/strong>, o \u00e1lbum valoriza a espontaneidade e as imperfei\u00e7\u00f5es como parte da autenticidade do som. O resultado \u00e9 um trabalho artesanal e colaborativo, que reafirma a identidade da banda como um dos destaques da m\u00fasica autoral catarinense.<\/p>\n\n\n\n<blockquote class=\"wp-block-quote is-layout-flow wp-block-quote-is-layout-flow\">\n<p>\u201c\u00c9 fundamental que bandas independentes ocupem espa\u00e7os como o TAC. Esses palcos nos d\u00e3o visibilidade, legitimidade e a chance de mostrar que a m\u00fasica autoral catarinense tem for\u00e7a e diversidade\u201d, destaca <strong>Mayer Soares<\/strong>, baixista e vocalista do UmQuarto.<\/p>\n<\/blockquote>\n\n\n\n<p>A <strong>Lupino<\/strong>, por sua vez, apresenta seu disco de estreia, <em>\u201cEsquinas\u201d<\/em>, que transita entre o <strong>rock progressivo<\/strong>, <strong>math rock<\/strong>, <strong>pop<\/strong>, <strong>neo-soul<\/strong> e <strong>m\u00fasica brasileira<\/strong>. Com 11 faixas, o \u00e1lbum expressa o chamado \u201ccaos controlado\u201d da banda, que une t\u00e9cnica, emo\u00e7\u00e3o e energia em composi\u00e7\u00f5es feitas para dan\u00e7ar e refletir. O grupo \u00e9 formado por <strong>Ta\u00edssa Bordalo<\/strong>, <strong>Leonardo Travassos<\/strong>, <strong>Arthur Rodrigues<\/strong>, <strong>Henrique Goulart<\/strong>, <strong>Massimo Rosner<\/strong> e <strong>Diego Rapoport<\/strong>.<\/p>\n\n\n\n<blockquote class=\"wp-block-quote is-layout-flow wp-block-quote-is-layout-flow\">\n<p>\u201cTocar em teatros p\u00fablicos t\u00e3o importantes como o TAC \u00e9 mais do que um show: \u00e9 afirmar que o trabalho independente merece estar nos grandes palcos e chegar a todo tipo de p\u00fablico\u201d, ressalta <strong>Leonardo Travassos<\/strong>, guitarrista e produtor da Lupino.<\/p>\n<\/blockquote>\n\n\n\n<p>A noite ser\u00e1 tamb\u00e9m uma celebra\u00e7\u00e3o da produ\u00e7\u00e3o musical local, com uma equipe t\u00e9cnica que re\u00fane talentos da cena catarinense. A <strong>Dalsasso Produtora<\/strong> assina a produ\u00e7\u00e3o, com apoio de <strong>Rifferama<\/strong>, <strong>School of Rock<\/strong>, <strong>Orbe Comunica\u00e7\u00e3o<\/strong>, <strong>Rufus Bar<\/strong>, <strong>Bravi<\/strong>, <strong>Manu d\u2019E\u00e7a Fotografia<\/strong> e <strong>Galeria Lama<\/strong>. O design \u00e9 de <strong>Mayer Soares<\/strong>; a ilumina\u00e7\u00e3o, de <strong>Iscarlat Lemes<\/strong>; e a sonoriza\u00e7\u00e3o fica a cargo da <strong>JZ Produ\u00e7\u00f5es<\/strong>, com <strong>Juarez Mendon\u00e7a<\/strong> e <strong>Rafael Pfleger<\/strong>.<\/p>\n\n\n\n<h3 class=\"wp-block-heading\">Servi\u00e7o<\/h3>\n\n\n\n<p><strong>UmQuarto + Lupino \u2013 Show de Lan\u00e7amento de \u00c1lbuns<\/strong><br>\ud83d\udcc5 <strong>13 de novembro de 2025 (quinta-feira)<\/strong><br>\ud83d\udd57 <strong>Abertura do teatro:<\/strong> 19h30 | <strong>Show:<\/strong> 20h<br>\ud83c\udf9f\ufe0f <strong>Ingressos:<\/strong> R$35 (social, com 1kg de alimento) | R$30 (meia-entrada) | R$45 (inteira promocional)<br>\ud83d\udccd <strong>Local:<\/strong> TAC \u2013 Teatro \u00c1lvaro de Carvalho<br>\ud83d\udceb <strong>Endere\u00e7o:<\/strong> Rua Marechal Guilherme, 26 \u2013 Centro \u2013 Florian\u00f3polis\/SC<br>\ud83d\udd17 <strong>Vendas:<\/strong> <a href=\"https:\/\/www.sympla.com.br\/evento\/umquarto-lupino-show-de-lancamento-de-albuns\/3045815\">Sympla<\/a><br>\ud83d\udc65 <strong>Classifica\u00e7\u00e3o:<\/strong> Livre<\/p>\n","protected":false},"excerpt":{"rendered":"<p>Foto: Manu d&#8217; Eca Bandas catarinenses dividem o palco em noite especial de lan\u00e7amentos O Teatro \u00c1lvaro de Carvalho (TAC) recebe, no dia 13 de novembro (quinta-feira), duas das bandas mais criativas e vibrantes da cena independente de Florian\u00f3polis: UmQuarto e Lupino. Dividindo literalmente o palco, os grupos celebram juntos o lan\u00e7amento de seus novos [&hellip;]<\/p>\n","protected":false},"author":1441,"featured_media":15025,"comment_status":"open","ping_status":"open","sticky":false,"template":"","format":"standard","meta":{"_monsterinsights_skip_tracking":false,"_monsterinsights_sitenote_active":false,"_monsterinsights_sitenote_note":"","_monsterinsights_sitenote_category":0,"footnotes":""},"categories":[54],"tags":[],"class_list":["post-15024","post","type-post","status-publish","format-standard","has-post-thumbnail","hentry","category-brasil"],"_links":{"self":[{"href":"https:\/\/cidadecult.com.br\/index.php?rest_route=\/wp\/v2\/posts\/15024","targetHints":{"allow":["GET"]}}],"collection":[{"href":"https:\/\/cidadecult.com.br\/index.php?rest_route=\/wp\/v2\/posts"}],"about":[{"href":"https:\/\/cidadecult.com.br\/index.php?rest_route=\/wp\/v2\/types\/post"}],"author":[{"embeddable":true,"href":"https:\/\/cidadecult.com.br\/index.php?rest_route=\/wp\/v2\/users\/1441"}],"replies":[{"embeddable":true,"href":"https:\/\/cidadecult.com.br\/index.php?rest_route=%2Fwp%2Fv2%2Fcomments&post=15024"}],"version-history":[{"count":1,"href":"https:\/\/cidadecult.com.br\/index.php?rest_route=\/wp\/v2\/posts\/15024\/revisions"}],"predecessor-version":[{"id":15026,"href":"https:\/\/cidadecult.com.br\/index.php?rest_route=\/wp\/v2\/posts\/15024\/revisions\/15026"}],"wp:featuredmedia":[{"embeddable":true,"href":"https:\/\/cidadecult.com.br\/index.php?rest_route=\/wp\/v2\/media\/15025"}],"wp:attachment":[{"href":"https:\/\/cidadecult.com.br\/index.php?rest_route=%2Fwp%2Fv2%2Fmedia&parent=15024"}],"wp:term":[{"taxonomy":"category","embeddable":true,"href":"https:\/\/cidadecult.com.br\/index.php?rest_route=%2Fwp%2Fv2%2Fcategories&post=15024"},{"taxonomy":"post_tag","embeddable":true,"href":"https:\/\/cidadecult.com.br\/index.php?rest_route=%2Fwp%2Fv2%2Ftags&post=15024"}],"curies":[{"name":"wp","href":"https:\/\/api.w.org\/{rel}","templated":true}]}}