{"id":15017,"date":"2025-11-05T14:01:51","date_gmt":"2025-11-05T17:01:51","guid":{"rendered":"https:\/\/cidadecult.com.br\/?p=15017"},"modified":"2025-11-05T14:01:53","modified_gmt":"2025-11-05T17:01:53","slug":"libertinas-opera-e-hip-hop-em-concerto-une-vozes-femininas-em-apresentacoes-gratuitas-no-df","status":"publish","type":"post","link":"https:\/\/cidadecult.com.br\/?p=15017","title":{"rendered":"\u201cLibertinas: \u00f3pera e hip hop em concerto\u201d une vozes femininas em apresenta\u00e7\u00f5es gratuitas no DF!"},"content":{"rendered":"\n<p><em>Foto\/divulga\u00e7\u00e3o<\/em><\/p>\n\n\n\n<p>Em novembro, o espet\u00e1culo <strong>\u201cLibertinas: \u00f3pera e hip hop em concerto\u201d<\/strong> chega a <strong>Taguatinga e Ceil\u00e2ndia<\/strong>, trazendo uma fus\u00e3o potente entre a \u00f3pera e o hip hop para falar de <strong>amor, liberdade e feminismo<\/strong>.<\/p>\n\n\n\n<p>O projeto, idealizado pelo <strong>Coletivo Mousik\u00ea Femme<\/strong>, convida o p\u00fablico a refletir sobre o amor em suas m\u00faltiplas formas livre, intenso e feminino. Atrav\u00e9s da m\u00fasica, o espet\u00e1culo prop\u00f5e uma repara\u00e7\u00e3o simb\u00f3lica do feminino, destacando as vozes de <strong>Aida Kellen<\/strong>, soprano e diretora art\u00edstica, e <strong>L\u00eddia Polissemia<\/strong>, rapper e compositora nascida em Ceil\u00e2ndia, que unem for\u00e7a e sensibilidade em cena.<\/p>\n\n\n\n<p>Misturando elementos da m\u00fasica erudita e da cultura urbana, <strong>\u201cLibertinas\u201d<\/strong> questiona antigos estigmas sobre o corpo e o desejo das mulheres, celebrando a irrever\u00eancia e a autonomia feminina. O repert\u00f3rio re\u00fane trechos de \u00f3peras e can\u00e7\u00f5es originais, reinterpretados com batidas e rimas do hip hop em arranjos assinados por <strong>Luciana Oliveira e Diana Mota<\/strong>.<\/p>\n\n\n\n<p>O espet\u00e1culo conta com um elenco de musicistas brasilienses e uma orquestra de c\u00e2mara que refor\u00e7a o di\u00e1logo entre o cl\u00e1ssico e o contempor\u00e2neo. A dire\u00e7\u00e3o musical \u00e9 de <strong>Diana Mota<\/strong>, e a produ\u00e7\u00e3o tem apoio do <strong>Fundo de Apoio \u00e0 Cultura do Distrito Federal (FAC-DF)<\/strong>.<\/p>\n\n\n\n<p>\ud83c\udfb6 <strong>PROGRAME-SE<\/strong><\/p>\n\n\n\n<ul class=\"wp-block-list\">\n<li><strong>09 de novembro (domingo)<\/strong> \u2013 <em>Casa Kaluan\u00e3<\/em> (Mercado Sul, Taguatinga) \u2013 19h<\/li>\n\n\n\n<li><strong>15 de novembro (s\u00e1bado)<\/strong> \u2013 <em>Casa Akotirene<\/em> (QNN 23, conj. J, casa 35, Ceil\u00e2ndia) \u2013 20h<\/li>\n<\/ul>\n\n\n\n<p>As apresenta\u00e7\u00f5es s\u00e3o <strong>gratuitas<\/strong> e n\u00e3o \u00e9 necess\u00e1ria a retirada antecipada de ingressos basta chegar ao local.<\/p>\n\n\n\n<p>\ud83c\udfa5 <a href=\"https:\/\/youtu.be\/r2Sfcr1ePg0\">Assista a um trecho do espet\u00e1culo<\/a><\/p>\n","protected":false},"excerpt":{"rendered":"<p>Foto\/divulga\u00e7\u00e3o Em novembro, o espet\u00e1culo \u201cLibertinas: \u00f3pera e hip hop em concerto\u201d chega a Taguatinga e Ceil\u00e2ndia, trazendo uma fus\u00e3o potente entre a \u00f3pera e o hip hop para falar de amor, liberdade e feminismo. O projeto, idealizado pelo Coletivo Mousik\u00ea Femme, convida o p\u00fablico a refletir sobre o amor em suas m\u00faltiplas formas livre, [&hellip;]<\/p>\n","protected":false},"author":1441,"featured_media":15018,"comment_status":"open","ping_status":"open","sticky":false,"template":"","format":"standard","meta":{"_monsterinsights_skip_tracking":false,"_monsterinsights_sitenote_active":false,"_monsterinsights_sitenote_note":"","_monsterinsights_sitenote_category":0,"footnotes":""},"categories":[41,17,34,3],"tags":[1826,5461],"class_list":["post-15017","post","type-post","status-publish","format-standard","has-post-thumbnail","hentry","category-agenda","category-bsb","category-destaque","category-entertainment","tag-hiphop","tag-libertinas"],"_links":{"self":[{"href":"https:\/\/cidadecult.com.br\/index.php?rest_route=\/wp\/v2\/posts\/15017","targetHints":{"allow":["GET"]}}],"collection":[{"href":"https:\/\/cidadecult.com.br\/index.php?rest_route=\/wp\/v2\/posts"}],"about":[{"href":"https:\/\/cidadecult.com.br\/index.php?rest_route=\/wp\/v2\/types\/post"}],"author":[{"embeddable":true,"href":"https:\/\/cidadecult.com.br\/index.php?rest_route=\/wp\/v2\/users\/1441"}],"replies":[{"embeddable":true,"href":"https:\/\/cidadecult.com.br\/index.php?rest_route=%2Fwp%2Fv2%2Fcomments&post=15017"}],"version-history":[{"count":1,"href":"https:\/\/cidadecult.com.br\/index.php?rest_route=\/wp\/v2\/posts\/15017\/revisions"}],"predecessor-version":[{"id":15019,"href":"https:\/\/cidadecult.com.br\/index.php?rest_route=\/wp\/v2\/posts\/15017\/revisions\/15019"}],"wp:featuredmedia":[{"embeddable":true,"href":"https:\/\/cidadecult.com.br\/index.php?rest_route=\/wp\/v2\/media\/15018"}],"wp:attachment":[{"href":"https:\/\/cidadecult.com.br\/index.php?rest_route=%2Fwp%2Fv2%2Fmedia&parent=15017"}],"wp:term":[{"taxonomy":"category","embeddable":true,"href":"https:\/\/cidadecult.com.br\/index.php?rest_route=%2Fwp%2Fv2%2Fcategories&post=15017"},{"taxonomy":"post_tag","embeddable":true,"href":"https:\/\/cidadecult.com.br\/index.php?rest_route=%2Fwp%2Fv2%2Ftags&post=15017"}],"curies":[{"name":"wp","href":"https:\/\/api.w.org\/{rel}","templated":true}]}}