{"id":15013,"date":"2025-11-05T07:37:58","date_gmt":"2025-11-05T10:37:58","guid":{"rendered":"https:\/\/cidadecult.com.br\/?p=15013"},"modified":"2025-11-05T07:38:00","modified_gmt":"2025-11-05T10:38:00","slug":"mam-sao-paulo-expande-fronteiras-com-quatro-exposicoes-gratuitas-pelo-brasil","status":"publish","type":"post","link":"https:\/\/cidadecult.com.br\/?p=15013","title":{"rendered":"MAM S\u00e3o Paulo expande fronteiras com quatro exposi\u00e7\u00f5es gratuitas pelo Brasil"},"content":{"rendered":"\n<p><em>Arte\/divulga\u00e7\u00e3o<\/em><\/p>\n\n\n\n<p>O <strong>Museu de Arte Moderna de S\u00e3o Paulo (MAM)<\/strong> est\u00e1 com uma programa\u00e7\u00e3o imperd\u00edvel em novembro: quatro exposi\u00e7\u00f5es gratuitas ocupam espa\u00e7os culturais em S\u00e3o Paulo e Fortaleza, ampliando o di\u00e1logo da arte moderna e contempor\u00e2nea com diferentes p\u00fablicos.<\/p>\n\n\n\n<p>Em S\u00e3o Paulo, o destaque \u00e9 <strong>\u201cLimiar\u201d<\/strong>, primeira exposi\u00e7\u00e3o individual de <strong>Tarik Kiswanson<\/strong> na cidade. A instala\u00e7\u00e3o, originalmente concebida para a Sala de Vidro do MAM, foi adaptada para uma sala inteira do <strong>Instituto Tomie Ohtake<\/strong>, transformando a arquitetura e a percep\u00e7\u00e3o do espa\u00e7o.<br>\ud83d\udccd <em>Instituto Tomie Ohtake, at\u00e9 25 de janeiro de 2026<\/em><\/p>\n\n\n\n<p>O museu tamb\u00e9m apresenta, em parceria com a <strong>Biblioteca M\u00e1rio de Andrade<\/strong>, duas mostras complementares:<\/p>\n\n\n\n<ul class=\"wp-block-list\">\n<li><strong>\u201cDo livro ao museu: MAM S\u00e3o Paulo e a Biblioteca M\u00e1rio de Andrade\u201d<\/strong>, que re\u00fane livros raros e obras das d\u00e9cadas de 1940 e 1950;<\/li>\n\n\n\n<li><strong>\u201cFotografia e vanguarda do MAM S\u00e3o Paulo\u201d<\/strong>, dedicada \u00e0 rela\u00e7\u00e3o entre fotografia e movimentos de vanguarda.<br>\ud83d\udccd <em>Biblioteca M\u00e1rio de Andrade \u2013 at\u00e9 7 de dezembro de 2025<\/em><\/li>\n<\/ul>\n\n\n\n<p>Fora do estado, o MAM marca presen\u00e7a no Nordeste com <strong>\u201cMAM S\u00e3o Paulo na Pinacoteca do Cear\u00e1: figura e paisagem, palavra e imagem\u201d<\/strong>, em cartaz em <strong>Fortaleza<\/strong>. A mostra re\u00fane obras doadas pelo museu paulista ao acervo cearense, ao lado de outras pe\u00e7as que exploram os eixos \u201cfigura e paisagem\u201d e \u201cpalavra e imagem\u201d, sob curadoria de <strong>Cau\u00ea Alves<\/strong> e <strong>Gabriela Gotoda<\/strong>.<br>\ud83d\udccd <em>Pinacoteca do Cear\u00e1 \u2013 at\u00e9 25 de janeiro de 2026<\/em><\/p>\n\n\n\n<p>Al\u00e9m das exposi\u00e7\u00f5es, o MAM realiza neste m\u00eas <strong>quatro cursos<\/strong>  com inscri\u00e7\u00f5es abertas em <a href=\"https:\/\/mam.org.br\/cursos\">mam.org.br\/cursos<\/a>  e <strong>oficinas gratuitas<\/strong> de pintura, autorretrato, fanzine e estamparia com o <strong>MAM Educativo<\/strong>, refor\u00e7ando seu compromisso com a arte e a forma\u00e7\u00e3o cultural.<\/p>\n\n\n\n<p>\ud83c\udfa8 Uma programa\u00e7\u00e3o diversa, gratuita e inspiradora, que reafirma o papel do MAM S\u00e3o Paulo como um dos principais polos de arte e educa\u00e7\u00e3o do pa\u00eds.<\/p>\n\n\n\n<p>Acesse <a href=\"https:\/\/mam.org.br\">mam.org.br<\/a> para conferir a programa\u00e7\u00e3o completa.<\/p>\n","protected":false},"excerpt":{"rendered":"<p>Arte\/divulga\u00e7\u00e3o O Museu de Arte Moderna de S\u00e3o Paulo (MAM) est\u00e1 com uma programa\u00e7\u00e3o imperd\u00edvel em novembro: quatro exposi\u00e7\u00f5es gratuitas ocupam espa\u00e7os culturais em S\u00e3o Paulo e Fortaleza, ampliando o di\u00e1logo da arte moderna e contempor\u00e2nea com diferentes p\u00fablicos. Em S\u00e3o Paulo, o destaque \u00e9 \u201cLimiar\u201d, primeira exposi\u00e7\u00e3o individual de Tarik Kiswanson na cidade. A [&hellip;]<\/p>\n","protected":false},"author":1441,"featured_media":15014,"comment_status":"open","ping_status":"open","sticky":false,"template":"","format":"standard","meta":{"_monsterinsights_skip_tracking":false,"_monsterinsights_sitenote_active":false,"_monsterinsights_sitenote_note":"","_monsterinsights_sitenote_category":0,"footnotes":""},"categories":[41,54,34],"tags":[],"class_list":["post-15013","post","type-post","status-publish","format-standard","has-post-thumbnail","hentry","category-agenda","category-brasil","category-destaque"],"_links":{"self":[{"href":"https:\/\/cidadecult.com.br\/index.php?rest_route=\/wp\/v2\/posts\/15013","targetHints":{"allow":["GET"]}}],"collection":[{"href":"https:\/\/cidadecult.com.br\/index.php?rest_route=\/wp\/v2\/posts"}],"about":[{"href":"https:\/\/cidadecult.com.br\/index.php?rest_route=\/wp\/v2\/types\/post"}],"author":[{"embeddable":true,"href":"https:\/\/cidadecult.com.br\/index.php?rest_route=\/wp\/v2\/users\/1441"}],"replies":[{"embeddable":true,"href":"https:\/\/cidadecult.com.br\/index.php?rest_route=%2Fwp%2Fv2%2Fcomments&post=15013"}],"version-history":[{"count":1,"href":"https:\/\/cidadecult.com.br\/index.php?rest_route=\/wp\/v2\/posts\/15013\/revisions"}],"predecessor-version":[{"id":15015,"href":"https:\/\/cidadecult.com.br\/index.php?rest_route=\/wp\/v2\/posts\/15013\/revisions\/15015"}],"wp:featuredmedia":[{"embeddable":true,"href":"https:\/\/cidadecult.com.br\/index.php?rest_route=\/wp\/v2\/media\/15014"}],"wp:attachment":[{"href":"https:\/\/cidadecult.com.br\/index.php?rest_route=%2Fwp%2Fv2%2Fmedia&parent=15013"}],"wp:term":[{"taxonomy":"category","embeddable":true,"href":"https:\/\/cidadecult.com.br\/index.php?rest_route=%2Fwp%2Fv2%2Fcategories&post=15013"},{"taxonomy":"post_tag","embeddable":true,"href":"https:\/\/cidadecult.com.br\/index.php?rest_route=%2Fwp%2Fv2%2Ftags&post=15013"}],"curies":[{"name":"wp","href":"https:\/\/api.w.org\/{rel}","templated":true}]}}