{"id":15008,"date":"2025-11-04T15:53:24","date_gmt":"2025-11-04T18:53:24","guid":{"rendered":"https:\/\/cidadecult.com.br\/?p=15008"},"modified":"2025-11-04T15:53:26","modified_gmt":"2025-11-04T18:53:26","slug":"salao-do-estudante-oferece-orientacao-gratuita-para-quem-quer-estudar-fora","status":"publish","type":"post","link":"https:\/\/cidadecult.com.br\/?p=15008","title":{"rendered":"Sal\u00e3o do Estudante oferece orienta\u00e7\u00e3o gratuita para quem quer estudar fora"},"content":{"rendered":"\n<p><em>Foto\/divulga\u00e7\u00e3o<\/em><\/p>\n\n\n\n<p><strong>Maior feira de interc\u00e2mbio da Am\u00e9rica Latina acontece dias 8 e 9 de novembro no Centro de Conven\u00e7\u00f5es Frei Caneca, em S\u00e3o Paulo<\/strong><\/p>\n\n\n\n<p>Para quem sonha em estudar no exterior, o primeiro passo pode estar mais pr\u00f3ximo do que parece. O <strong>Sal\u00e3o do Estudante<\/strong>, considerado a <strong>maior feira de interc\u00e2mbio e educa\u00e7\u00e3o internacional da Am\u00e9rica Latina<\/strong>, oferece <strong>orienta\u00e7\u00e3o gratuita<\/strong> para quem deseja planejar uma experi\u00eancia acad\u00eamica fora do Brasil. A edi\u00e7\u00e3o de S\u00e3o Paulo acontece nos <strong>dias 8 e 9 de novembro<\/strong>, das <strong>14h \u00e0s 18h30<\/strong>, no <strong>Centro de Conven\u00e7\u00f5es Frei Caneca<\/strong> (5\u00ba andar).<\/p>\n\n\n\n<p>Durante o evento, o p\u00fablico poder\u00e1 conversar com <strong>representantes oficiais de universidades e escolas de idiomas<\/strong> de mais de dez pa\u00edses, entre eles <strong>Canad\u00e1, Estados Unidos, Irlanda, Reino Unido, Alemanha, Fran\u00e7a, Austr\u00e1lia, Nova Zel\u00e2ndia e Portugal<\/strong>. A feira apresenta op\u00e7\u00f5es que v\u00e3o de <strong>cursos de idiomas e interc\u00e2mbio de f\u00e9rias<\/strong> at\u00e9 <strong>gradua\u00e7\u00e3o, p\u00f3s-gradua\u00e7\u00e3o e programas de trabalho e estudo<\/strong>.<\/p>\n\n\n\n<p>A programa\u00e7\u00e3o inclui <strong>palestras gratuitas<\/strong> sobre diferentes tipos de interc\u00e2mbio, <strong>bolsas de estudo, custos, adapta\u00e7\u00e3o cultural e processos de candidatura<\/strong>, al\u00e9m de dicas sobre <strong>planejamento financeiro e documenta\u00e7\u00e3o necess\u00e1ria<\/strong>. Algumas universidades internacionais tamb\u00e9m realizam <strong>entrevistas e avalia\u00e7\u00f5es iniciais no local<\/strong>, oferecendo aos visitantes a chance de avan\u00e7ar nas etapas de sele\u00e7\u00e3o durante a pr\u00f3pria feira.<\/p>\n\n\n\n<p>Com o crescimento da procura por experi\u00eancias internacionais entre jovens e profissionais que buscam flu\u00eancia, diferencial de mercado e viv\u00eancia multicultural, o evento se consolida como uma oportunidade imperd\u00edvel de aproxima\u00e7\u00e3o com o ensino global.<\/p>\n\n\n\n<p>A <strong>entrada \u00e9 gratuita<\/strong>, mediante <strong>inscri\u00e7\u00e3o antecipada no site oficial<\/strong>. Os participantes inscritos recebem materiais preparat\u00f3rios e orienta\u00e7\u00f5es para aproveitar ao m\u00e1ximo a visita.<\/p>\n\n\n\n<p>\ud83d\udccd <strong>Servi\u00e7o \u2014 Sal\u00e3o do Estudante | S\u00e3o Paulo<\/strong><br><strong>Quando:<\/strong> 8 e 9 de novembro<br><strong>Hor\u00e1rio:<\/strong> 14h \u00e0s 18h30<br><strong>Onde:<\/strong> Centro de Conven\u00e7\u00f5es Frei Caneca \u2014 5\u00ba andar<br><strong>Endere\u00e7o:<\/strong> R. Frei Caneca, 569 \u2014 Bela Vista, S\u00e3o Paulo &#8211; SP<\/p>\n","protected":false},"excerpt":{"rendered":"<p>Foto\/divulga\u00e7\u00e3o Maior feira de interc\u00e2mbio da Am\u00e9rica Latina acontece dias 8 e 9 de novembro no Centro de Conven\u00e7\u00f5es Frei Caneca, em S\u00e3o Paulo Para quem sonha em estudar no exterior, o primeiro passo pode estar mais pr\u00f3ximo do que parece. O Sal\u00e3o do Estudante, considerado a maior feira de interc\u00e2mbio e educa\u00e7\u00e3o internacional da [&hellip;]<\/p>\n","protected":false},"author":1441,"featured_media":15009,"comment_status":"open","ping_status":"open","sticky":false,"template":"","format":"standard","meta":{"_monsterinsights_skip_tracking":false,"_monsterinsights_sitenote_active":false,"_monsterinsights_sitenote_note":"","_monsterinsights_sitenote_category":0,"footnotes":""},"categories":[1],"tags":[],"class_list":["post-15008","post","type-post","status-publish","format-standard","has-post-thumbnail","hentry","category-sem-categoria"],"_links":{"self":[{"href":"https:\/\/cidadecult.com.br\/index.php?rest_route=\/wp\/v2\/posts\/15008","targetHints":{"allow":["GET"]}}],"collection":[{"href":"https:\/\/cidadecult.com.br\/index.php?rest_route=\/wp\/v2\/posts"}],"about":[{"href":"https:\/\/cidadecult.com.br\/index.php?rest_route=\/wp\/v2\/types\/post"}],"author":[{"embeddable":true,"href":"https:\/\/cidadecult.com.br\/index.php?rest_route=\/wp\/v2\/users\/1441"}],"replies":[{"embeddable":true,"href":"https:\/\/cidadecult.com.br\/index.php?rest_route=%2Fwp%2Fv2%2Fcomments&post=15008"}],"version-history":[{"count":1,"href":"https:\/\/cidadecult.com.br\/index.php?rest_route=\/wp\/v2\/posts\/15008\/revisions"}],"predecessor-version":[{"id":15010,"href":"https:\/\/cidadecult.com.br\/index.php?rest_route=\/wp\/v2\/posts\/15008\/revisions\/15010"}],"wp:featuredmedia":[{"embeddable":true,"href":"https:\/\/cidadecult.com.br\/index.php?rest_route=\/wp\/v2\/media\/15009"}],"wp:attachment":[{"href":"https:\/\/cidadecult.com.br\/index.php?rest_route=%2Fwp%2Fv2%2Fmedia&parent=15008"}],"wp:term":[{"taxonomy":"category","embeddable":true,"href":"https:\/\/cidadecult.com.br\/index.php?rest_route=%2Fwp%2Fv2%2Fcategories&post=15008"},{"taxonomy":"post_tag","embeddable":true,"href":"https:\/\/cidadecult.com.br\/index.php?rest_route=%2Fwp%2Fv2%2Ftags&post=15008"}],"curies":[{"name":"wp","href":"https:\/\/api.w.org\/{rel}","templated":true}]}}