{"id":14998,"date":"2025-11-03T16:31:51","date_gmt":"2025-11-03T19:31:51","guid":{"rendered":"https:\/\/cidadecult.com.br\/?p=14998"},"modified":"2025-11-03T16:31:53","modified_gmt":"2025-11-03T19:31:53","slug":"amplexos-traz-a-poesia-dos-corpos-diversos-ao-palco-do-teatro-sesc-paulo-autran","status":"publish","type":"post","link":"https:\/\/cidadecult.com.br\/?p=14998","title":{"rendered":"\u201cAmplexos\u201d traz a poesia dos corpos diversos ao palco do Teatro SESC Paulo Autran"},"content":{"rendered":"\n<p><em>Foto\/divulga\u00e7\u00e3o<\/em><\/p>\n\n\n\n<p>O poder do toque, do encontro e do afeto ganha forma no espet\u00e1culo <strong>\u201cAmplexos: qual a dist\u00e2ncia de um abra\u00e7o?\u201d<\/strong>, que o <strong>Grupo P\u00c9S<\/strong> apresenta de <strong>7 a 9 de novembro<\/strong>, no <strong>Teatro SESC Paulo Autran<\/strong>, em Taguatinga. A montagem, inteiramente <strong>n\u00e3o-verbal<\/strong>, une teatro e dan\u00e7a para revelar a beleza dos gestos, das diferen\u00e7as e das formas singulares de estar no mundo.<\/p>\n\n\n\n<p>O grupo \u00e9 formado por <strong>artistas com defici\u00eancias f\u00edsicas, intelectuais e s\u00edndromes diversas<\/strong>, com idades entre 25 e 65 anos, que d\u00e3o vida a uma narrativa sensorial e delicada, conduzida apenas pelos corpos em movimento. Sob dire\u00e7\u00e3o de <strong>Rafael Tursi<\/strong>, \u201cAmplexos\u201d retorna aos palcos do DF em um novo formato: depois de ocupar o espa\u00e7o em arena, o espet\u00e1culo agora se reinventa no palco italiano, mantendo sua ess\u00eancia de inclus\u00e3o e emo\u00e7\u00e3o.<\/p>\n\n\n\n<p>Vencedor do <strong>Pr\u00eamio Web de Teatro 2019<\/strong>, o espet\u00e1culo questiona os limites entre o eu e o outro, explorando o gesto do abra\u00e7o como um s\u00edmbolo de presen\u00e7a e empatia. Em cena, <strong>dezesseis dan\u00e7antes<\/strong> se cruzam, se afastam e se reencontram, compondo imagens de afeto e reflex\u00e3o. A inspira\u00e7\u00e3o do nome vem do <strong>plexo braquial<\/strong>, parte do corpo que liga o t\u00f3rax aos bra\u00e7os o ponto exato onde um abra\u00e7o come\u00e7a.<\/p>\n\n\n\n<p>Durante a temporada, o p\u00fablico poder\u00e1 conhecer tamb\u00e9m o livro <strong>\u201cProjeto P\u00c9S \u2013 Teatro-Dan\u00e7a com Pessoas com Defici\u00eancia\u201d<\/strong>, de <strong>Rafael Tursi, M\u00f4nica Gaspar e Ana Balata<\/strong>, que registra o processo criativo e pedag\u00f3gico do grupo.<\/p>\n\n\n\n<h3 class=\"wp-block-heading\">\ud83c\udf3f Grupo P\u00c9S: movimento que inclui e transforma<\/h3>\n\n\n\n<p>Desde 2011, o <strong>Projeto P\u00c9S<\/strong> desenvolve pesquisas e pr\u00e1ticas em teatro-dan\u00e7a com pessoas com defici\u00eancia, explorando a express\u00e3o corporal como forma de arte e de autonomia. A proposta parte da ideia de que o movimento n\u00e3o precisa ser perfeito precisa ser verdadeiro.<\/p>\n\n\n\n<p>Reconhecido por sua relev\u00e2ncia social e est\u00e9tica, o grupo j\u00e1 realizou mais de <strong>cem a\u00e7\u00f5es art\u00edsticas<\/strong> e conquistou pr\u00eamios como o <strong>SESC Impacto Social (2023)<\/strong>, <strong>FUNARTE Respirarte (2020)<\/strong> e <strong>Cultura e Cidadania \u2013 Arte Inclusiva (2018)<\/strong>. O P\u00c9S \u00e9 tamb\u00e9m o <strong>\u00fanico representante brasileiro na Rede Latinoamericana de Dan\u00e7a e Acessibilidade<\/strong>, levando sua po\u00e9tica de inclus\u00e3o para al\u00e9m das fronteiras do pa\u00eds.<\/p>\n\n\n\n<h3 class=\"wp-block-heading\"><strong>Servi\u00e7o<\/strong>: <\/h3>\n\n\n\n<p><strong>Espet\u00e1culo:<\/strong> <em>Amplexos \u2013 Qual a dist\u00e2ncia de um abra\u00e7o?<\/em><br>\ud83d\udcc5 <strong>Data:<\/strong> 7 a 9 de novembro de 2025<br>\ud83d\udd57 <strong>Hor\u00e1rios:<\/strong> Sexta e s\u00e1bado, \u00e0s 20h | Domingo, \u00e0s 19h<br>\ud83d\udccd <strong>Local:<\/strong> Teatro SESC Paulo Autran \u2013 CNB 12, Taguatinga Norte<br>\ud83c\udf9f\ufe0f <strong>Ingressos:<\/strong> R$ 30 (inteira) | R$ 15 (meia-entrada)<br>\ud83d\udd17 <strong>Sympla:<\/strong> <a href=\"https:\/\/www.sympla.com.br\/evento\/amplexos\/3193087\">sympla.com.br\/evento\/amplexos\/3193087<\/a><br>\ud83d\udcde <strong>Contato:<\/strong> (61) 98119-9443 | <a href=\"http:\/\/www.projetopes.com\">www.projetopes.com<\/a> | <strong>@projetopes<\/strong><br>\ud83d\udcf8 <strong>Fotos:<\/strong> Gabriela Jord\u00e3o<br>\ud83c\udfa5 <strong>V\u00eddeo:<\/strong> <a href=\"https:\/\/drive.google.com\/file\/d\/12YnYIAqAZ1dLxbjqn-AGKonk-o7nNP2z\/view?usp=drivesdk\">Assista aqui<\/a><\/p>\n","protected":false},"excerpt":{"rendered":"<p>Foto\/divulga\u00e7\u00e3o O poder do toque, do encontro e do afeto ganha forma no espet\u00e1culo \u201cAmplexos: qual a dist\u00e2ncia de um abra\u00e7o?\u201d, que o Grupo P\u00c9S apresenta de 7 a 9 de novembro, no Teatro SESC Paulo Autran, em Taguatinga. A montagem, inteiramente n\u00e3o-verbal, une teatro e dan\u00e7a para revelar a beleza dos gestos, das diferen\u00e7as [&hellip;]<\/p>\n","protected":false},"author":1441,"featured_media":0,"comment_status":"open","ping_status":"open","sticky":false,"template":"","format":"standard","meta":{"_monsterinsights_skip_tracking":false,"_monsterinsights_sitenote_active":false,"_monsterinsights_sitenote_note":"","_monsterinsights_sitenote_category":0,"footnotes":""},"categories":[1],"tags":[],"class_list":["post-14998","post","type-post","status-publish","format-standard","hentry","category-sem-categoria"],"_links":{"self":[{"href":"https:\/\/cidadecult.com.br\/index.php?rest_route=\/wp\/v2\/posts\/14998","targetHints":{"allow":["GET"]}}],"collection":[{"href":"https:\/\/cidadecult.com.br\/index.php?rest_route=\/wp\/v2\/posts"}],"about":[{"href":"https:\/\/cidadecult.com.br\/index.php?rest_route=\/wp\/v2\/types\/post"}],"author":[{"embeddable":true,"href":"https:\/\/cidadecult.com.br\/index.php?rest_route=\/wp\/v2\/users\/1441"}],"replies":[{"embeddable":true,"href":"https:\/\/cidadecult.com.br\/index.php?rest_route=%2Fwp%2Fv2%2Fcomments&post=14998"}],"version-history":[{"count":1,"href":"https:\/\/cidadecult.com.br\/index.php?rest_route=\/wp\/v2\/posts\/14998\/revisions"}],"predecessor-version":[{"id":14999,"href":"https:\/\/cidadecult.com.br\/index.php?rest_route=\/wp\/v2\/posts\/14998\/revisions\/14999"}],"wp:attachment":[{"href":"https:\/\/cidadecult.com.br\/index.php?rest_route=%2Fwp%2Fv2%2Fmedia&parent=14998"}],"wp:term":[{"taxonomy":"category","embeddable":true,"href":"https:\/\/cidadecult.com.br\/index.php?rest_route=%2Fwp%2Fv2%2Fcategories&post=14998"},{"taxonomy":"post_tag","embeddable":true,"href":"https:\/\/cidadecult.com.br\/index.php?rest_route=%2Fwp%2Fv2%2Ftags&post=14998"}],"curies":[{"name":"wp","href":"https:\/\/api.w.org\/{rel}","templated":true}]}}