{"id":14995,"date":"2025-11-03T16:23:42","date_gmt":"2025-11-03T19:23:42","guid":{"rendered":"https:\/\/cidadecult.com.br\/?p=14995"},"modified":"2025-11-03T16:23:43","modified_gmt":"2025-11-03T19:23:43","slug":"ceub-realiza-mutirao-de-saude-e-prevencao-ao-cancer-de-mama-no-centro-de-atendimento-a-comunidade","status":"publish","type":"post","link":"https:\/\/cidadecult.com.br\/?p=14995","title":{"rendered":"CEUB realiza mutir\u00e3o de sa\u00fade e preven\u00e7\u00e3o ao c\u00e2ncer de mama no Centro de Atendimento \u00e0 Comunidade"},"content":{"rendered":"\n<p><em>Foto\/divulga\u00e7\u00e3o<\/em><\/p>\n\n\n\n<h3 class=\"wp-block-heading\">Campanha reuniu servi\u00e7os gratuitos, informa\u00e7\u00e3o e acolhimento em celebra\u00e7\u00e3o ao Outubro Rosa.<\/h3>\n\n\n\n<p>O cuidado com o corpo e a mente foi o foco da manh\u00e3 desta sexta-feira (31), no Centro de Atendimento \u00e0 Comunidade (CAC) do CEUB, localizado no Edif\u00edcio Uni\u00e3o, no Setor Comercial Sul. Em alus\u00e3o ao Outubro Rosa, o Centro Universit\u00e1rio de Bras\u00edlia promoveu um grande mutir\u00e3o de sa\u00fade com atendimentos gratuitos, a\u00e7\u00f5es educativas e servi\u00e7os voltados \u00e0 preven\u00e7\u00e3o do c\u00e2ncer de mama e \u00e0 promo\u00e7\u00e3o do bem-estar da mulher.<\/p>\n\n\n\n<p>A iniciativa mobilizou professores e estudantes dos cursos da \u00e1rea da sa\u00fade em uma manh\u00e3 de solidariedade e aprendizado. Entre os servi\u00e7os oferecidos estavam aferi\u00e7\u00e3o de press\u00e3o arterial, teste de glicemia, exame cl\u00ednico das mamas, auriculoterapia, testes de equil\u00edbrio e orienta\u00e7\u00f5es sobre alimenta\u00e7\u00e3o saud\u00e1vel, cuidados paliativos e atividade f\u00edsica.<\/p>\n\n\n\n<p>De acordo com a l\u00edder pedag\u00f3gica do CAC, <strong>Karla Vieira<\/strong>, a a\u00e7\u00e3o \u00e9 uma tradi\u00e7\u00e3o que cresce a cada ano:<\/p>\n\n\n\n<blockquote class=\"wp-block-quote is-layout-flow wp-block-quote-is-layout-flow\">\n<p>\u201cRealizamos essa atividade h\u00e1 alguns anos, mas nesta edi\u00e7\u00e3o ampliamos bastante as a\u00e7\u00f5es. Atendemos mais de 100 pessoas ao longo do evento. \u00c9 uma forma de aproximar a comunidade e promover sa\u00fade de maneira acess\u00edvel e humanizada.\u201d<\/p>\n<\/blockquote>\n\n\n\n<h3 class=\"wp-block-heading\">Preven\u00e7\u00e3o e cuidado em diferentes \u00e1reas<\/h3>\n\n\n\n<p>No estande da <strong>Fisioterapia<\/strong>, os estudantes apresentaram o <em>Tug Test<\/em>, avalia\u00e7\u00e3o que ajuda na preven\u00e7\u00e3o de quedas em idosos. A universit\u00e1ria <strong>Aline M\u00e1rcia<\/strong> explicou que o teste mede o equil\u00edbrio e identifica quem precisa de acompanhamento:<\/p>\n\n\n\n<blockquote class=\"wp-block-quote is-layout-flow wp-block-quote-is-layout-flow\">\n<p>\u201cMuitos casos de hospitaliza\u00e7\u00e3o na terceira idade est\u00e3o ligados a quedas. Pequenas mudan\u00e7as, como o uso de cal\u00e7ados adequados e a retirada de tapetes soltos, fazem muita diferen\u00e7a.\u201d<\/p>\n<\/blockquote>\n\n\n\n<p>J\u00e1 no espa\u00e7o da <strong>Nutri\u00e7\u00e3o<\/strong>, sob orienta\u00e7\u00e3o da professora <strong>\u00c2ngela Arantes<\/strong>, a equipe destacou o papel das cores no prato como estrat\u00e9gia de preven\u00e7\u00e3o ao c\u00e2ncer e outras doen\u00e7as cr\u00f4nicas. Os visitantes puderam degustar o <em>suco antioxidante rosa<\/em>, preparado com beterraba, melancia e lim\u00e3o.<\/p>\n\n\n\n<blockquote class=\"wp-block-quote is-layout-flow wp-block-quote-is-layout-flow\">\n<p>\u201cAs cores dos alimentos indicam compostos bioativos essenciais \u00e0 prote\u00e7\u00e3o celular. Recomendamos ter, ao longo do dia, pelo menos cinco cores na alimenta\u00e7\u00e3o\u201d, explicou a docente.<\/p>\n<\/blockquote>\n\n\n\n<p>No estande da <strong>Psicologia<\/strong>, o foco foi o autocuidado emocional e o acolhimento diante de diagn\u00f3sticos desafiadores. O estudante <strong>Daniel Moraes<\/strong> refor\u00e7ou que os cuidados paliativos tamb\u00e9m tratam de qualidade de vida e n\u00e3o apenas de terminalidade.<\/p>\n\n\n\n<blockquote class=\"wp-block-quote is-layout-flow wp-block-quote-is-layout-flow\">\n<p>\u201cO suporte psicol\u00f3gico \u00e9 fundamental. Falamos sobre psicoterapia, fome emocional e o papel do cuidado cont\u00ednuo na sa\u00fade mental das mulheres.\u201d<\/p>\n<\/blockquote>\n\n\n\n<h3 class=\"wp-block-heading\">Solidariedade e acolhimento<\/h3>\n\n\n\n<p>Al\u00e9m dos atendimentos de sa\u00fade, o mutir\u00e3o contou com uma a\u00e7\u00e3o de solidariedade promovida pelo <strong>Diret\u00f3rio Central dos Estudantes (DCE) Mova-se<\/strong>, que arrecadou mechas de cabelo para doa\u00e7\u00e3o ao Hospital de Base.<\/p>\n\n\n\n<blockquote class=\"wp-block-quote is-layout-flow wp-block-quote-is-layout-flow\">\n<p>\u201cAs mechas doadas ser\u00e3o transformadas em perucas, levando carinho e autoestima a quem est\u00e1 em tratamento\u201d, destacou <strong>Nat\u00e1lia Borges<\/strong>, aluna de Direito e representante do DCE.<\/p>\n<\/blockquote>\n\n\n\n<p>Moradores de v\u00e1rias regi\u00f5es do DF participaram e aprovaram a iniciativa. \u201cDescobrimos que a press\u00e3o da minha m\u00e3e estava alta e j\u00e1 conseguimos encaminhamento. Foi uma experi\u00eancia incr\u00edvel\u201d, contou <strong>Ingrid Horta<\/strong>, moradora de Ceil\u00e2ndia.<\/p>\n\n\n\n<p>Com a\u00e7\u00f5es como essa, o CEUB reafirma seu compromisso com a sa\u00fade, o acolhimento e a responsabilidade social, fortalecendo a conex\u00e3o entre conhecimento, cuidado e comunidade.<\/p>\n","protected":false},"excerpt":{"rendered":"<p>Foto\/divulga\u00e7\u00e3o Campanha reuniu servi\u00e7os gratuitos, informa\u00e7\u00e3o e acolhimento em celebra\u00e7\u00e3o ao Outubro Rosa. O cuidado com o corpo e a mente foi o foco da manh\u00e3 desta sexta-feira (31), no Centro de Atendimento \u00e0 Comunidade (CAC) do CEUB, localizado no Edif\u00edcio Uni\u00e3o, no Setor Comercial Sul. Em alus\u00e3o ao Outubro Rosa, o Centro Universit\u00e1rio de [&hellip;]<\/p>\n","protected":false},"author":1441,"featured_media":14996,"comment_status":"open","ping_status":"open","sticky":false,"template":"","format":"standard","meta":{"_monsterinsights_skip_tracking":false,"_monsterinsights_sitenote_active":false,"_monsterinsights_sitenote_note":"","_monsterinsights_sitenote_category":0,"footnotes":""},"categories":[41,17,34],"tags":[],"class_list":["post-14995","post","type-post","status-publish","format-standard","has-post-thumbnail","hentry","category-agenda","category-bsb","category-destaque"],"_links":{"self":[{"href":"https:\/\/cidadecult.com.br\/index.php?rest_route=\/wp\/v2\/posts\/14995","targetHints":{"allow":["GET"]}}],"collection":[{"href":"https:\/\/cidadecult.com.br\/index.php?rest_route=\/wp\/v2\/posts"}],"about":[{"href":"https:\/\/cidadecult.com.br\/index.php?rest_route=\/wp\/v2\/types\/post"}],"author":[{"embeddable":true,"href":"https:\/\/cidadecult.com.br\/index.php?rest_route=\/wp\/v2\/users\/1441"}],"replies":[{"embeddable":true,"href":"https:\/\/cidadecult.com.br\/index.php?rest_route=%2Fwp%2Fv2%2Fcomments&post=14995"}],"version-history":[{"count":1,"href":"https:\/\/cidadecult.com.br\/index.php?rest_route=\/wp\/v2\/posts\/14995\/revisions"}],"predecessor-version":[{"id":14997,"href":"https:\/\/cidadecult.com.br\/index.php?rest_route=\/wp\/v2\/posts\/14995\/revisions\/14997"}],"wp:featuredmedia":[{"embeddable":true,"href":"https:\/\/cidadecult.com.br\/index.php?rest_route=\/wp\/v2\/media\/14996"}],"wp:attachment":[{"href":"https:\/\/cidadecult.com.br\/index.php?rest_route=%2Fwp%2Fv2%2Fmedia&parent=14995"}],"wp:term":[{"taxonomy":"category","embeddable":true,"href":"https:\/\/cidadecult.com.br\/index.php?rest_route=%2Fwp%2Fv2%2Fcategories&post=14995"},{"taxonomy":"post_tag","embeddable":true,"href":"https:\/\/cidadecult.com.br\/index.php?rest_route=%2Fwp%2Fv2%2Ftags&post=14995"}],"curies":[{"name":"wp","href":"https:\/\/api.w.org\/{rel}","templated":true}]}}