{"id":14992,"date":"2025-11-02T17:06:39","date_gmt":"2025-11-02T20:06:39","guid":{"rendered":"https:\/\/cidadecult.com.br\/?p=14992"},"modified":"2025-11-02T17:06:41","modified_gmt":"2025-11-02T20:06:41","slug":"rede-cultural-darcy-ribeiro-promove-shows-de-japao-do-viela-17-e-nenzin-mc","status":"publish","type":"post","link":"https:\/\/cidadecult.com.br\/?p=14992","title":{"rendered":"Rede Cultural Darcy Ribeiro promove shows de Jap\u00e3o do Viela 17 e Nenzin MC"},"content":{"rendered":"\n<p><em>Arte\/divulga\u00e7\u00e3o<\/em><\/p>\n\n\n\n<p><strong>Apresenta\u00e7\u00f5es gratuitas acontecem na UnB e em Planaltina, celebrando o poder da arte perif\u00e9rica e da cultura hip-hop no DF<\/strong><\/p>\n\n\n\n<p>A <strong>Rede Cultural Darcy Ribeiro<\/strong> segue conectando arte, pol\u00edtica e territ\u00f3rio em diferentes regi\u00f5es do Distrito Federal. Na pr\u00f3xima semana, o projeto apresenta dois encontros imperd\u00edveis com nomes de destaque da cena hip-hop: <strong>Jap\u00e3o do Viela 17<\/strong> e <strong>Nenzin MC<\/strong>.<\/p>\n\n\n\n<p>As apresenta\u00e7\u00f5es acontecem <strong>na quarta-feira (5\/11)<\/strong>, \u00e0s <strong>17h<\/strong>, no <strong>Teatro de Arena da UnB<\/strong>, e <strong>na sexta-feira (7\/11)<\/strong>, \u00e0s <strong>19h<\/strong>, no <strong>Jardim Roriz<\/strong>, em <strong>Planaltina<\/strong> ambas com <strong>entrada gratuita<\/strong>.<\/p>\n\n\n\n<p>Na UnB, o evento faz parte da tradicional <strong>Batalha da Escada<\/strong>, reunindo estudantes, artistas e comunidade em um show repleto de energia, improviso e cl\u00e1ssicos do rap brasiliense. J\u00e1 em Planaltina, o Jardim Roriz ser\u00e1 tomado pela for\u00e7a das rimas e pelo ritmo das periferias, transformando o espa\u00e7o em um verdadeiro palco da cultura hip-hop.<\/p>\n\n\n\n<p>Al\u00e9m dos shows, o microfone ficar\u00e1 aberto para o p\u00fablico, em um convite para que poetas, MCs e amantes da cultura urbana expressem suas vozes e viv\u00eancias.<\/p>\n\n\n\n<blockquote class=\"wp-block-quote is-layout-flow wp-block-quote-is-layout-flow\">\n<p>\u201cAl\u00e9m dos nossos shows, vamos deixar o microfone aberto para o p\u00fablico recitar poesias e declamar temas que dialoguem com a cultura hip-hop e com a comunidade\u201d, explica Jap\u00e3o do Viela 17.<\/p>\n<\/blockquote>\n\n\n\n<h3 class=\"wp-block-heading\">Vozes que representam o rap do DF<\/h3>\n\n\n\n<p><strong>Jap\u00e3o do Viela 17<\/strong>, nascido e criado em <strong>Ceil\u00e2ndia Norte<\/strong>, \u00e9 um dos nomes mais respeitados do rap nacional. Suas letras combinam den\u00fancia e sensibilidade, transformando experi\u00eancias de vida em narrativas potentes sobre resist\u00eancia e pertencimento.<\/p>\n\n\n\n<p><strong>Nenzin MC<\/strong>, tamb\u00e9m ceilandense, iniciou sua trajet\u00f3ria em 2010 com o grupo <em>Surgindo do Gueto<\/em>. Desde 2013, coordena o projeto <em>A Arte de Rimar<\/em>, que promove oficinas e fortalece o movimento freestyle no DF. Com flow marcante e letras contundentes, ele representa uma nova gera\u00e7\u00e3o que mant\u00e9m viva a ess\u00eancia do rap perif\u00e9rico.<\/p>\n\n\n\n<h3 class=\"wp-block-heading\">Cultura, territ\u00f3rio e ancestralidade<\/h3>\n\n\n\n<p>A <strong>Rede Cultural Darcy Ribeiro<\/strong> integra o projeto <strong>Quitanda Cultura e Saberes<\/strong>, que desde agosto realiza atividades culturais na <strong>Casa Luz de Yorim\u00e1 (905 Norte)<\/strong>. A iniciativa valoriza as express\u00f5es afro-brasileiras, ind\u00edgenas e perif\u00e9ricas, promovendo oficinas, apresenta\u00e7\u00f5es, exposi\u00e7\u00f5es e sess\u00f5es de cinema que aproximam diferentes tradi\u00e7\u00f5es e comunidades.<\/p>\n\n\n\n<p>Toda a programa\u00e7\u00e3o \u00e9 gratuita e aberta ao p\u00fablico, com o apoio da <strong>senadora Leila do V\u00f4lei<\/strong>.<\/p>\n\n\n\n<p>\ud83d\udccd <strong>Servi\u00e7o<\/strong><br><strong>Rede Cultural Darcy Ribeiro \u2013 Shows Jap\u00e3o do Viela 17 e Nenzin MC<\/strong><br>\ud83d\udcc5 <strong>Quarta (5\/11)<\/strong> \u2013 17h | <strong>Teatro de Arena da UnB<\/strong><br>\ud83d\udcc5 <strong>Sexta (7\/11)<\/strong> \u2013 19h | <strong>Jardim Roriz, Planaltina<\/strong><br>\ud83c\udf9f\ufe0f <strong>Entrada gratuita<\/strong><br>\ud83d\udd17 Mais informa\u00e7\u00f5es: <a href=\"https:\/\/www.instagram.com\/luzdeyorima\/\">@luzdeyorima<\/a><\/p>\n\n\n\n<p>\u2728 A cultura do DF segue viva e pulsante das escadas da UnB \u00e0s ruas de Planaltina, o rap ecoa e reafirma o poder da arte como voz do povo.<\/p>\n","protected":false},"excerpt":{"rendered":"<p>Arte\/divulga\u00e7\u00e3o Apresenta\u00e7\u00f5es gratuitas acontecem na UnB e em Planaltina, celebrando o poder da arte perif\u00e9rica e da cultura hip-hop no DF A Rede Cultural Darcy Ribeiro segue conectando arte, pol\u00edtica e territ\u00f3rio em diferentes regi\u00f5es do Distrito Federal. Na pr\u00f3xima semana, o projeto apresenta dois encontros imperd\u00edveis com nomes de destaque da cena hip-hop: Jap\u00e3o [&hellip;]<\/p>\n","protected":false},"author":1441,"featured_media":14993,"comment_status":"open","ping_status":"open","sticky":false,"template":"","format":"standard","meta":{"_monsterinsights_skip_tracking":false,"_monsterinsights_sitenote_active":false,"_monsterinsights_sitenote_note":"","_monsterinsights_sitenote_category":0,"footnotes":""},"categories":[1],"tags":[],"class_list":["post-14992","post","type-post","status-publish","format-standard","has-post-thumbnail","hentry","category-sem-categoria"],"_links":{"self":[{"href":"https:\/\/cidadecult.com.br\/index.php?rest_route=\/wp\/v2\/posts\/14992","targetHints":{"allow":["GET"]}}],"collection":[{"href":"https:\/\/cidadecult.com.br\/index.php?rest_route=\/wp\/v2\/posts"}],"about":[{"href":"https:\/\/cidadecult.com.br\/index.php?rest_route=\/wp\/v2\/types\/post"}],"author":[{"embeddable":true,"href":"https:\/\/cidadecult.com.br\/index.php?rest_route=\/wp\/v2\/users\/1441"}],"replies":[{"embeddable":true,"href":"https:\/\/cidadecult.com.br\/index.php?rest_route=%2Fwp%2Fv2%2Fcomments&post=14992"}],"version-history":[{"count":1,"href":"https:\/\/cidadecult.com.br\/index.php?rest_route=\/wp\/v2\/posts\/14992\/revisions"}],"predecessor-version":[{"id":14994,"href":"https:\/\/cidadecult.com.br\/index.php?rest_route=\/wp\/v2\/posts\/14992\/revisions\/14994"}],"wp:featuredmedia":[{"embeddable":true,"href":"https:\/\/cidadecult.com.br\/index.php?rest_route=\/wp\/v2\/media\/14993"}],"wp:attachment":[{"href":"https:\/\/cidadecult.com.br\/index.php?rest_route=%2Fwp%2Fv2%2Fmedia&parent=14992"}],"wp:term":[{"taxonomy":"category","embeddable":true,"href":"https:\/\/cidadecult.com.br\/index.php?rest_route=%2Fwp%2Fv2%2Fcategories&post=14992"},{"taxonomy":"post_tag","embeddable":true,"href":"https:\/\/cidadecult.com.br\/index.php?rest_route=%2Fwp%2Fv2%2Ftags&post=14992"}],"curies":[{"name":"wp","href":"https:\/\/api.w.org\/{rel}","templated":true}]}}