{"id":14989,"date":"2025-11-02T17:01:02","date_gmt":"2025-11-02T20:01:02","guid":{"rendered":"https:\/\/cidadecult.com.br\/?p=14989"},"modified":"2025-11-02T17:01:04","modified_gmt":"2025-11-02T20:01:04","slug":"lula-visita-aldeia-kumaruara-e-reforca-compromissos-com-saude-educacao-habitacao-e-energia-sustentavel","status":"publish","type":"post","link":"https:\/\/cidadecult.com.br\/?p=14989","title":{"rendered":"Lula visita aldeia Kumaruara e refor\u00e7a compromissos com sa\u00fade, educa\u00e7\u00e3o, habita\u00e7\u00e3o e energia sustent\u00e1vel"},"content":{"rendered":"\n<p><em>\u00a0Foto: Ricardo Stuckert \/ PR<\/em><\/p>\n\n\n\n<p>O presidente Luiz In\u00e1cio Lula da Silva visitou, neste domingo (2), a Aldeia Vista Alegre do Capixau\u00e3, na Reserva Extrativista Tapaj\u00f3s-Arapiuns, no Par\u00e1. O encontro, que faz parte das a\u00e7\u00f5es preparat\u00f3rias para a COP30, foi marcado por di\u00e1logo com lideran\u00e7as do povo Kumaruara e pelo an\u00fancio de novas medidas do governo federal voltadas \u00e0 sa\u00fade, educa\u00e7\u00e3o, habita\u00e7\u00e3o e seguran\u00e7a energ\u00e9tica nas comunidades ind\u00edgenas.<\/p>\n\n\n\n<p>Acompanhado das ministras Sonia Guajajara (Povos Ind\u00edgenas) e Marina Silva (Meio Ambiente e Mudan\u00e7a do Clima), Lula ouviu reivindica\u00e7\u00f5es e reafirmou o compromisso de ampliar o acesso a programas federais. Entre as a\u00e7\u00f5es prometidas est\u00e3o a constru\u00e7\u00e3o de um centro de sa\u00fade equipado, a chegada do programa <strong>Agora Tem Especialistas<\/strong>, que leva atendimento m\u00e9dico especializado a regi\u00f5es remotas, e a amplia\u00e7\u00e3o de escolas padr\u00e3o MEC.<\/p>\n\n\n\n<p>Na \u00e1rea da educa\u00e7\u00e3o, o presidente tamb\u00e9m anunciou a cria\u00e7\u00e3o da <strong>primeira universidade ind\u00edgena do Brasil<\/strong>, com sede em Bras\u00edlia e polos de extens\u00e3o em diversos estados. \u201cTemos que ver com os pr\u00f3prios olhos como vivem as comunidades, entender as condi\u00e7\u00f5es das crian\u00e7as, o que produzem, como vendem. \u00c9 assim que a gente faz pol\u00edtica p\u00fablica de verdade\u201d, disse Lula durante o encontro.<\/p>\n\n\n\n<p>A visita destacou ainda o protagonismo feminino da <strong>cacique Irenilce Kumaruara<\/strong>, primeira mulher a liderar a aldeia Vista Alegre. Aos 43 anos, ela comanda, junto a outras quatro mulheres, uma gest\u00e3o voltada \u00e0 sustentabilidade e ao turismo comunit\u00e1rio, com foco na valoriza\u00e7\u00e3o da cultura local e na economia solid\u00e1ria.<\/p>\n\n\n\n<p>Os compromissos firmados incluem tamb\u00e9m a amplia\u00e7\u00e3o dos programas <strong>Luz para Todos<\/strong> e <strong>Minha Casa, Minha Vida<\/strong>, que devem levar energia el\u00e9trica e moradia digna a fam\u00edlias da regi\u00e3o. Para Lula, garantir acesso a esses servi\u00e7os \u00e9 parte essencial de uma agenda de repara\u00e7\u00e3o hist\u00f3rica: \u201cTenho orgulho de ter demarcado mais terras ind\u00edgenas e criado mais reservas do que qualquer outro governo, mas ainda \u00e9 pouco diante de tantos anos de esquecimento\u201d.<\/p>\n\n\n\n<p>A ministra Marina Silva ressaltou que a Reserva Tapaj\u00f3s-Arapiuns \u00e9 totalmente regularizada e preserva 88% do territ\u00f3rio, exemplo de equil\u00edbrio entre desenvolvimento e conserva\u00e7\u00e3o. J\u00e1 a ministra Sonia Guajajara e a presidenta da Funai, Joenia Wapichana, refor\u00e7aram o compromisso com a autonomia e o fortalecimento das comunidades ind\u00edgenas.<\/p>\n\n\n\n<p>A visita refor\u00e7a o papel do Par\u00e1 como s\u00edmbolo da Amaz\u00f4nia viva e do Brasil que prepara um futuro sustent\u00e1vel, inclusivo e comprometido com seus povos.<\/p>\n\n\n\n<p><strong>Acompanhe mais hist\u00f3rias sobre cultura, meio ambiente e cidadania no site da Cidade CULT.<\/strong><\/p>\n","protected":false},"excerpt":{"rendered":"<p>\u00a0Foto: Ricardo Stuckert \/ PR O presidente Luiz In\u00e1cio Lula da Silva visitou, neste domingo (2), a Aldeia Vista Alegre do Capixau\u00e3, na Reserva Extrativista Tapaj\u00f3s-Arapiuns, no Par\u00e1. O encontro, que faz parte das a\u00e7\u00f5es preparat\u00f3rias para a COP30, foi marcado por di\u00e1logo com lideran\u00e7as do povo Kumaruara e pelo an\u00fancio de novas medidas do [&hellip;]<\/p>\n","protected":false},"author":1441,"featured_media":14990,"comment_status":"open","ping_status":"open","sticky":false,"template":"","format":"standard","meta":{"_monsterinsights_skip_tracking":false,"_monsterinsights_sitenote_active":false,"_monsterinsights_sitenote_note":"","_monsterinsights_sitenote_category":0,"footnotes":""},"categories":[41,17,34],"tags":[4006],"class_list":["post-14989","post","type-post","status-publish","format-standard","has-post-thumbnail","hentry","category-agenda","category-bsb","category-destaque","tag-lula-2"],"_links":{"self":[{"href":"https:\/\/cidadecult.com.br\/index.php?rest_route=\/wp\/v2\/posts\/14989","targetHints":{"allow":["GET"]}}],"collection":[{"href":"https:\/\/cidadecult.com.br\/index.php?rest_route=\/wp\/v2\/posts"}],"about":[{"href":"https:\/\/cidadecult.com.br\/index.php?rest_route=\/wp\/v2\/types\/post"}],"author":[{"embeddable":true,"href":"https:\/\/cidadecult.com.br\/index.php?rest_route=\/wp\/v2\/users\/1441"}],"replies":[{"embeddable":true,"href":"https:\/\/cidadecult.com.br\/index.php?rest_route=%2Fwp%2Fv2%2Fcomments&post=14989"}],"version-history":[{"count":1,"href":"https:\/\/cidadecult.com.br\/index.php?rest_route=\/wp\/v2\/posts\/14989\/revisions"}],"predecessor-version":[{"id":14991,"href":"https:\/\/cidadecult.com.br\/index.php?rest_route=\/wp\/v2\/posts\/14989\/revisions\/14991"}],"wp:featuredmedia":[{"embeddable":true,"href":"https:\/\/cidadecult.com.br\/index.php?rest_route=\/wp\/v2\/media\/14990"}],"wp:attachment":[{"href":"https:\/\/cidadecult.com.br\/index.php?rest_route=%2Fwp%2Fv2%2Fmedia&parent=14989"}],"wp:term":[{"taxonomy":"category","embeddable":true,"href":"https:\/\/cidadecult.com.br\/index.php?rest_route=%2Fwp%2Fv2%2Fcategories&post=14989"},{"taxonomy":"post_tag","embeddable":true,"href":"https:\/\/cidadecult.com.br\/index.php?rest_route=%2Fwp%2Fv2%2Ftags&post=14989"}],"curies":[{"name":"wp","href":"https:\/\/api.w.org\/{rel}","templated":true}]}}